{"id":182081,"date":"2025-01-24T13:43:05","date_gmt":"2025-01-24T16:43:05","guid":{"rendered":"https:\/\/www.hoymercedes.com.ar\/principal\/?p=182081"},"modified":"2025-01-24T13:47:04","modified_gmt":"2025-01-24T16:47:04","slug":"la-trocha-dispositivo-para-cargar-agua-caliente-y-el-celu","status":"publish","type":"post","link":"https:\/\/www.hoymercedes.com.ar\/principal\/2025\/01\/24\/la-trocha-dispositivo-para-cargar-agua-caliente-y-el-celu\/","title":{"rendered":"La Trocha: dispositivo para cargar agua caliente y el celu"},"content":{"rendered":"\n<p>Desde la Municipalidad de Mercedes informaron que en el Centro Cultural La Trocha se instal\u00f3 una \u00abestaci\u00f3n fotovoltaica de panel solar\u00bb que permitir\u00e1 a los vecinos obtener agua caliente para quienes deseen cargar sus termos y enchufar dispositivos digitales a trav\u00e9s de puertos USB. <\/p>\n\n\n<div class=\"wp-block-image\">\n<figure class=\"aligncenter size-full\"><img loading=\"lazy\" decoding=\"async\" width=\"800\" height=\"533\" data-attachment-id=\"182082\" data-permalink=\"https:\/\/www.hoymercedes.com.ar\/principal\/2025\/01\/24\/la-trocha-dispositivo-para-cargar-agua-caliente-y-el-celu\/dsc09349\/#main\" data-orig-file=\"https:\/\/www.hoymercedes.com.ar\/principal\/wp-content\/uploads\/2025\/01\/DSC09349.jpg\" data-orig-size=\"800,533\" data-comments-opened=\"0\" data-image-meta=\"{&quot;aperture&quot;:&quot;0&quot;,&quot;credit&quot;:&quot;&quot;,&quot;camera&quot;:&quot;&quot;,&quot;caption&quot;:&quot;&quot;,&quot;created_timestamp&quot;:&quot;1737545233&quot;,&quot;copyright&quot;:&quot;&quot;,&quot;focal_length&quot;:&quot;0&quot;,&quot;iso&quot;:&quot;0&quot;,&quot;shutter_speed&quot;:&quot;0&quot;,&quot;title&quot;:&quot;&quot;,&quot;orientation&quot;:&quot;1&quot;}\" data-image-title=\"DSC09349\" data-image-description=\"\" data-image-caption=\"\" data-large-file=\"https:\/\/www.hoymercedes.com.ar\/principal\/wp-content\/uploads\/2025\/01\/DSC09349.jpg\" src=\"https:\/\/www.hoymercedes.com.ar\/principal\/wp-content\/uploads\/2025\/01\/DSC09349.jpg\" alt=\"\" class=\"wp-image-182082\" srcset=\"https:\/\/www.hoymercedes.com.ar\/principal\/wp-content\/uploads\/2025\/01\/DSC09349.jpg 800w, https:\/\/www.hoymercedes.com.ar\/principal\/wp-content\/uploads\/2025\/01\/DSC09349-630x420.jpg 630w, https:\/\/www.hoymercedes.com.ar\/principal\/wp-content\/uploads\/2025\/01\/DSC09349-150x100.jpg 150w, https:\/\/www.hoymercedes.com.ar\/principal\/wp-content\/uploads\/2025\/01\/DSC09349-700x465.jpg 700w\" sizes=\"auto, (max-width: 800px) 100vw, 800px\" \/><\/figure>\n<\/div>\n\n\n<p>De acuerdo a la informaci\u00f3n municipal \u00abla idea fue de la Direcci\u00f3n de Ambiente de la municipalidad y cont\u00f3 con financiamiento y el apoyo del Ministerio de Ambiente de la provincia de Buenos Aires que tiene a cargo Daniela Vilar y el Director Provincial de Transici\u00f3n Ecol\u00f3gica, Hern\u00e1n Hougassian\u00bb.<\/p>\n\n\n\n<p>\u00abEl aparato es similar a los que existen en las estaciones de servicio para cargar agua caliente, pero en este caso es gratuito y agrega otra funci\u00f3n: la de cuatro puertos USB para celulares o cualquier otro aparato electr\u00f3nico gracias a su funcionamiento con paneles solares fotovoltaicos, con los que acumula energ\u00eda independientemente del clima\u00bb, destaca la informaci\u00f3n municipal.<\/p>\n\n\n\n<p>\u201cEs la primera de las cuatro estaciones mate-ras que habr\u00e1, en principio, en distintos puntos del Partido. Las otras tres estar\u00e1n en la plaza Manuel Belgrano (frente al Hospital Blas L. Dubarry), en el Parque Municipal Independencia y en la Plaza del Arraigo de Agote\u00bb, explicaron.<\/p>\n\n\n\n<p>\u201cAdem\u00e1s tiene los puertos USB para cargar los celulares, as\u00ed que ojal\u00e1 todos los que vienen a la Trocha puedan disfrutarlo y que tambi\u00e9n nos ayuden a cuidarlo; y lo mismo en los tres dispositivos que instalaremos en los pr\u00f3ximos d\u00edas en otros puntos del Partido\u201d, destac\u00f3 el Jefe Comunal Juan Ignacio Ustarroz.<\/p>\n","protected":false},"excerpt":{"rendered":"<p>Desde la Municipalidad de Mercedes informaron que en el Centro Cultural La Trocha se instal\u00f3 una \u00abestaci\u00f3n fotovoltaica de panel &#8230; <a title=\"La Trocha: dispositivo para cargar agua caliente y el celu\" class=\"read-more\" href=\"https:\/\/www.hoymercedes.com.ar\/principal\/2025\/01\/24\/la-trocha-dispositivo-para-cargar-agua-caliente-y-el-celu\/\" aria-label=\"Leer m\u00e1s sobre La Trocha: dispositivo para cargar agua caliente y el celu\">Leer m\u00e1s<\/a><\/p>\n","protected":false},"author":1,"featured_media":182082,"comment_status":"closed","ping_status":"open","sticky":false,"template":"","format":"standard","meta":{"_monsterinsights_skip_tracking":false,"_monsterinsights_sitenote_active":false,"_monsterinsights_sitenote_note":"","_monsterinsights_sitenote_category":0,"jetpack_post_was_ever_published":false,"_jetpack_newsletter_access":"","_jetpack_dont_email_post_to_subs":false,"_jetpack_newsletter_tier_id":0,"_jetpack_memberships_contains_paywalled_content":false,"_jetpack_memberships_contains_paid_content":false,"footnotes":"","jetpack_publicize_message":"","jetpack_publicize_feature_enabled":true,"jetpack_social_post_already_shared":true,"jetpack_social_options":{"image_generator_settings":{"template":"highway","default_image_id":0,"font":"","enabled":false},"version":2},"_wpas_customize_per_network":false},"categories":[8],"tags":[],"class_list":["post-182081","post","type-post","status-publish","format-standard","has-post-thumbnail","hentry","category-sociedad","generate-columns","tablet-grid-50","mobile-grid-100","grid-parent","grid-50"],"jetpack_publicize_connections":[],"jetpack_featured_media_url":"https:\/\/www.hoymercedes.com.ar\/principal\/wp-content\/uploads\/2025\/01\/DSC09349.jpg","wps_subtitle":"","jetpack_sharing_enabled":true,"_links":{"self":[{"href":"https:\/\/www.hoymercedes.com.ar\/principal\/wp-json\/wp\/v2\/posts\/182081","targetHints":{"allow":["GET"]}}],"collection":[{"href":"https:\/\/www.hoymercedes.com.ar\/principal\/wp-json\/wp\/v2\/posts"}],"about":[{"href":"https:\/\/www.hoymercedes.com.ar\/principal\/wp-json\/wp\/v2\/types\/post"}],"author":[{"embeddable":true,"href":"https:\/\/www.hoymercedes.com.ar\/principal\/wp-json\/wp\/v2\/users\/1"}],"replies":[{"embeddable":true,"href":"https:\/\/www.hoymercedes.com.ar\/principal\/wp-json\/wp\/v2\/comments?post=182081"}],"version-history":[{"count":1,"href":"https:\/\/www.hoymercedes.com.ar\/principal\/wp-json\/wp\/v2\/posts\/182081\/revisions"}],"predecessor-version":[{"id":182083,"href":"https:\/\/www.hoymercedes.com.ar\/principal\/wp-json\/wp\/v2\/posts\/182081\/revisions\/182083"}],"wp:featuredmedia":[{"embeddable":true,"href":"https:\/\/www.hoymercedes.com.ar\/principal\/wp-json\/wp\/v2\/media\/182082"}],"wp:attachment":[{"href":"https:\/\/www.hoymercedes.com.ar\/principal\/wp-json\/wp\/v2\/media?parent=182081"}],"wp:term":[{"taxonomy":"category","embeddable":true,"href":"https:\/\/www.hoymercedes.com.ar\/principal\/wp-json\/wp\/v2\/categories?post=182081"},{"taxonomy":"post_tag","embeddable":true,"href":"https:\/\/www.hoymercedes.com.ar\/principal\/wp-json\/wp\/v2\/tags?post=182081"}],"curies":[{"name":"wp","href":"https:\/\/api.w.org\/{rel}","templated":true}]}}