{"id":182093,"date":"2025-01-24T14:21:15","date_gmt":"2025-01-24T17:21:15","guid":{"rendered":"https:\/\/www.hoymercedes.com.ar\/principal\/?p=182093"},"modified":"2025-01-24T14:21:18","modified_gmt":"2025-01-24T17:21:18","slug":"bomberos-no-paran-14-salidas-en-un-solo-dia","status":"publish","type":"post","link":"https:\/\/www.hoymercedes.com.ar\/principal\/2025\/01\/24\/bomberos-no-paran-14-salidas-en-un-solo-dia\/","title":{"rendered":"Bomberos no paran: 14 salidas en un solo d\u00eda"},"content":{"rendered":"\n<figure class=\"wp-block-embed is-type-video is-provider-youtube wp-block-embed-youtube wp-embed-aspect-16-9 wp-has-aspect-ratio\"><div class=\"wp-block-embed__wrapper\">\n<iframe loading=\"lazy\" title=\"Salidas de Bomberos Mercedes\" width=\"1200\" height=\"675\" src=\"https:\/\/www.youtube.com\/embed\/rjWnN3CVcYA?feature=oembed\" frameborder=\"0\" allow=\"accelerometer; autoplay; clipboard-write; encrypted-media; gyroscope; picture-in-picture; web-share\" referrerpolicy=\"strict-origin-when-cross-origin\" allowfullscreen><\/iframe>\n<\/div><\/figure>\n\n\n\n<p>Enero est\u00e1 siendo sumamente complicado para los Bomberos Voluntarios de Mercedes. Como ejemplo es que el 23 de enero, en una sola jornada, tuvieron que salir a efectuar servicios en <strong>14 ocasiones<\/strong>, un n\u00famero realmente elevado.<\/p>\n\n\n\n<p>Las altas temperaturas son una de las claves que generan incendios en distintos puntos de la ciudad. A eso se le suman imprudencias de vecinos que no cuidan o tomas los recaudos necesarios y luego el problema se convierte en una realidad.<\/p>\n\n\n\n<p>L\u00f3gicamente esto conlleva a un gran gasto de combustible y recursos, siempre finitos y claves para el d\u00eda a d\u00eda de la instituci\u00f3n social.<\/p>\n\n\n\n<p><strong>Colaborar<\/strong><\/p>\n\n\n\n<p>Los vecinos podemos colaborar, con un muy peque\u00f1o aporte mensual, en el funcionamiento del Cuerpo, tan importante y fundamental para toda la comunidad.<\/p>\n\n\n\n<p>Una opci\u00f3n para poder ayudarlos es asociarse a Bomberos Voluntarios de Mercedes.<\/p>\n\n\n\n<p>Te dejamos un link para que rellenes un formulario:\u00a0 \u00a0<a href=\"http:\/\/forms.gle\/6kb98oc9SvyF9kmw9\" target=\"_blank\" rel=\"noopener\">forms.gle\/6kb98oc9SvyF9kmw9<\/a><\/p>\n\n\n\n<p>Tambi\u00e9n se puede llamar a los tel\u00e9fonos de administraci\u00f3n 2324 427 300 \u00f3 +54 9 2324 585242<\/p>\n","protected":false},"excerpt":{"rendered":"<p>Enero est\u00e1 siendo sumamente complicado para los Bomberos Voluntarios de Mercedes. Como ejemplo es que el 23 de enero, en &#8230; <a title=\"Bomberos no paran: 14 salidas en un solo d\u00eda\" class=\"read-more\" href=\"https:\/\/www.hoymercedes.com.ar\/principal\/2025\/01\/24\/bomberos-no-paran-14-salidas-en-un-solo-dia\/\" aria-label=\"Leer m\u00e1s sobre Bomberos no paran: 14 salidas en un solo d\u00eda\">Leer m\u00e1s<\/a><\/p>\n","protected":false},"author":1,"featured_media":182095,"comment_status":"closed","ping_status":"open","sticky":false,"template":"","format":"standard","meta":{"_monsterinsights_skip_tracking":false,"_monsterinsights_sitenote_active":false,"_monsterinsights_sitenote_note":"","_monsterinsights_sitenote_category":0,"jetpack_post_was_ever_published":false,"_jetpack_newsletter_access":"","_jetpack_dont_email_post_to_subs":false,"_jetpack_newsletter_tier_id":0,"_jetpack_memberships_contains_paywalled_content":false,"_jetpack_memberships_contains_paid_content":false,"footnotes":"","jetpack_publicize_message":"","jetpack_publicize_feature_enabled":true,"jetpack_social_post_already_shared":true,"jetpack_social_options":{"image_generator_settings":{"template":"highway","default_image_id":0,"font":"","enabled":false},"version":2},"_wpas_customize_per_network":false},"categories":[8],"tags":[287,12648,20193],"class_list":["post-182093","post","type-post","status-publish","format-standard","has-post-thumbnail","hentry","category-sociedad","tag-bomberos-mercedes","tag-incendios","tag-salidas-de-bomebros","generate-columns","tablet-grid-50","mobile-grid-100","grid-parent","grid-50"],"jetpack_publicize_connections":[],"jetpack_featured_media_url":"https:\/\/www.hoymercedes.com.ar\/principal\/wp-content\/uploads\/2025\/01\/Salidas-Bomberas.png","wps_subtitle":"Preocupante","jetpack_sharing_enabled":true,"_links":{"self":[{"href":"https:\/\/www.hoymercedes.com.ar\/principal\/wp-json\/wp\/v2\/posts\/182093","targetHints":{"allow":["GET"]}}],"collection":[{"href":"https:\/\/www.hoymercedes.com.ar\/principal\/wp-json\/wp\/v2\/posts"}],"about":[{"href":"https:\/\/www.hoymercedes.com.ar\/principal\/wp-json\/wp\/v2\/types\/post"}],"author":[{"embeddable":true,"href":"https:\/\/www.hoymercedes.com.ar\/principal\/wp-json\/wp\/v2\/users\/1"}],"replies":[{"embeddable":true,"href":"https:\/\/www.hoymercedes.com.ar\/principal\/wp-json\/wp\/v2\/comments?post=182093"}],"version-history":[{"count":2,"href":"https:\/\/www.hoymercedes.com.ar\/principal\/wp-json\/wp\/v2\/posts\/182093\/revisions"}],"predecessor-version":[{"id":182097,"href":"https:\/\/www.hoymercedes.com.ar\/principal\/wp-json\/wp\/v2\/posts\/182093\/revisions\/182097"}],"wp:featuredmedia":[{"embeddable":true,"href":"https:\/\/www.hoymercedes.com.ar\/principal\/wp-json\/wp\/v2\/media\/182095"}],"wp:attachment":[{"href":"https:\/\/www.hoymercedes.com.ar\/principal\/wp-json\/wp\/v2\/media?parent=182093"}],"wp:term":[{"taxonomy":"category","embeddable":true,"href":"https:\/\/www.hoymercedes.com.ar\/principal\/wp-json\/wp\/v2\/categories?post=182093"},{"taxonomy":"post_tag","embeddable":true,"href":"https:\/\/www.hoymercedes.com.ar\/principal\/wp-json\/wp\/v2\/tags?post=182093"}],"curies":[{"name":"wp","href":"https:\/\/api.w.org\/{rel}","templated":true}]}}