{"id":182129,"date":"2025-01-27T00:39:26","date_gmt":"2025-01-27T03:39:26","guid":{"rendered":"https:\/\/www.hoymercedes.com.ar\/principal\/?p=182129"},"modified":"2025-01-27T00:39:29","modified_gmt":"2025-01-27T03:39:29","slug":"el-corte-de-energia-afecto-el-suministro-de-agua","status":"publish","type":"post","link":"https:\/\/www.hoymercedes.com.ar\/principal\/2025\/01\/27\/el-corte-de-energia-afecto-el-suministro-de-agua\/","title":{"rendered":"El corte de energ\u00eda afect\u00f3 el suministro de agua"},"content":{"rendered":"\n<p>Este domingo se vivi\u00f3 una merma en el caudal de agua corriente en la ciudad. El motivo fue un corte de energ\u00eda de m\u00e1s de 3hs que hizo que la gran mayor\u00eda de las bombas dejaran de extraer agua potable, reduciendo el caudal habitual en casi 4.7 millones e litros.<\/p>\n\n\n\n<p>Como suele suceder los cortes de energ\u00eda prolongados afectan distintos servicios, entre ellos el del suministro de agua corriente.<\/p>\n\n\n\n<p>La red no tuvo ning\u00fan problemas, pero si la generaci\u00f3n por falta de energ\u00eda el\u00e9ctrica ante la salida de servicios de alimentadores de la empresa EDEN.<\/p>\n","protected":false},"excerpt":{"rendered":"<p>Este domingo se vivi\u00f3 una merma en el caudal de agua corriente en la ciudad. El motivo fue un corte &#8230; <a title=\"El corte de energ\u00eda afect\u00f3 el suministro de agua\" class=\"read-more\" href=\"https:\/\/www.hoymercedes.com.ar\/principal\/2025\/01\/27\/el-corte-de-energia-afecto-el-suministro-de-agua\/\" aria-label=\"Leer m\u00e1s sobre El corte de energ\u00eda afect\u00f3 el suministro de agua\">Leer m\u00e1s<\/a><\/p>\n","protected":false},"author":1,"featured_media":169864,"comment_status":"closed","ping_status":"open","sticky":false,"template":"","format":"standard","meta":{"_monsterinsights_skip_tracking":false,"_monsterinsights_sitenote_active":false,"_monsterinsights_sitenote_note":"","_monsterinsights_sitenote_category":0,"jetpack_post_was_ever_published":false,"_jetpack_newsletter_access":"","_jetpack_dont_email_post_to_subs":false,"_jetpack_newsletter_tier_id":0,"_jetpack_memberships_contains_paywalled_content":false,"_jetpack_memberships_contains_paid_content":false,"footnotes":"","jetpack_publicize_message":"","jetpack_publicize_feature_enabled":true,"jetpack_social_post_already_shared":true,"jetpack_social_options":{"image_generator_settings":{"template":"highway","default_image_id":0,"font":"","enabled":false},"version":2},"_wpas_customize_per_network":false},"categories":[5608],"tags":[1023,20201],"class_list":["post-182129","post","type-post","status-publish","format-standard","has-post-thumbnail","hentry","category-sin-categoria","tag-eden","tag-empresa-de-energia","generate-columns","tablet-grid-50","mobile-grid-100","grid-parent","grid-50"],"jetpack_publicize_connections":[],"jetpack_featured_media_url":"https:\/\/www.hoymercedes.com.ar\/principal\/wp-content\/uploads\/2023\/11\/MERCEDES-Obra-EDEN-Barrio-Blandengues-CT-1-edited.jpeg","wps_subtitle":"Servicios ","jetpack_sharing_enabled":true,"_links":{"self":[{"href":"https:\/\/www.hoymercedes.com.ar\/principal\/wp-json\/wp\/v2\/posts\/182129","targetHints":{"allow":["GET"]}}],"collection":[{"href":"https:\/\/www.hoymercedes.com.ar\/principal\/wp-json\/wp\/v2\/posts"}],"about":[{"href":"https:\/\/www.hoymercedes.com.ar\/principal\/wp-json\/wp\/v2\/types\/post"}],"author":[{"embeddable":true,"href":"https:\/\/www.hoymercedes.com.ar\/principal\/wp-json\/wp\/v2\/users\/1"}],"replies":[{"embeddable":true,"href":"https:\/\/www.hoymercedes.com.ar\/principal\/wp-json\/wp\/v2\/comments?post=182129"}],"version-history":[{"count":2,"href":"https:\/\/www.hoymercedes.com.ar\/principal\/wp-json\/wp\/v2\/posts\/182129\/revisions"}],"predecessor-version":[{"id":182131,"href":"https:\/\/www.hoymercedes.com.ar\/principal\/wp-json\/wp\/v2\/posts\/182129\/revisions\/182131"}],"wp:featuredmedia":[{"embeddable":true,"href":"https:\/\/www.hoymercedes.com.ar\/principal\/wp-json\/wp\/v2\/media\/169864"}],"wp:attachment":[{"href":"https:\/\/www.hoymercedes.com.ar\/principal\/wp-json\/wp\/v2\/media?parent=182129"}],"wp:term":[{"taxonomy":"category","embeddable":true,"href":"https:\/\/www.hoymercedes.com.ar\/principal\/wp-json\/wp\/v2\/categories?post=182129"},{"taxonomy":"post_tag","embeddable":true,"href":"https:\/\/www.hoymercedes.com.ar\/principal\/wp-json\/wp\/v2\/tags?post=182129"}],"curies":[{"name":"wp","href":"https:\/\/api.w.org\/{rel}","templated":true}]}}