{"id":182143,"date":"2025-01-27T13:50:58","date_gmt":"2025-01-27T16:50:58","guid":{"rendered":"https:\/\/www.hoymercedes.com.ar\/principal\/?p=182143"},"modified":"2025-01-27T18:31:49","modified_gmt":"2025-01-27T21:31:49","slug":"manifestacion-en-el-pami-por-despidos-y-recortes-silencio-de-di-leo","status":"publish","type":"post","link":"https:\/\/www.hoymercedes.com.ar\/principal\/2025\/01\/27\/manifestacion-en-el-pami-por-despidos-y-recortes-silencio-de-di-leo\/","title":{"rendered":"Manifestaci\u00f3n en el PAMI por despidos y recortes: silencio de Di Leo"},"content":{"rendered":"\n<figure class=\"wp-block-image size-large\"><img loading=\"lazy\" decoding=\"async\" width=\"1024\" height=\"683\" data-attachment-id=\"182145\" data-permalink=\"https:\/\/www.hoymercedes.com.ar\/principal\/2025\/01\/27\/manifestacion-en-el-pami-por-despidos-y-recortes-silencio-de-di-leo\/jubilados-pami\/#main\" data-orig-file=\"https:\/\/www.hoymercedes.com.ar\/principal\/wp-content\/uploads\/2025\/01\/Jubilados-PAMI.jpg\" data-orig-size=\"1500,1000\" data-comments-opened=\"0\" data-image-meta=\"{&quot;aperture&quot;:&quot;0&quot;,&quot;credit&quot;:&quot;&quot;,&quot;camera&quot;:&quot;&quot;,&quot;caption&quot;:&quot;&quot;,&quot;created_timestamp&quot;:&quot;0&quot;,&quot;copyright&quot;:&quot;&quot;,&quot;focal_length&quot;:&quot;0&quot;,&quot;iso&quot;:&quot;0&quot;,&quot;shutter_speed&quot;:&quot;0&quot;,&quot;title&quot;:&quot;&quot;,&quot;orientation&quot;:&quot;0&quot;}\" data-image-title=\"Jubilados-PAMI\" data-image-description=\"\" data-image-caption=\"\" data-large-file=\"https:\/\/www.hoymercedes.com.ar\/principal\/wp-content\/uploads\/2025\/01\/Jubilados-PAMI-1024x683.jpg\" src=\"https:\/\/www.hoymercedes.com.ar\/principal\/wp-content\/uploads\/2025\/01\/Jubilados-PAMI-1024x683.jpg\" alt=\"\" class=\"wp-image-182145\" srcset=\"https:\/\/www.hoymercedes.com.ar\/principal\/wp-content\/uploads\/2025\/01\/Jubilados-PAMI-1024x683.jpg 1024w, https:\/\/www.hoymercedes.com.ar\/principal\/wp-content\/uploads\/2025\/01\/Jubilados-PAMI-630x420.jpg 630w, https:\/\/www.hoymercedes.com.ar\/principal\/wp-content\/uploads\/2025\/01\/Jubilados-PAMI-150x100.jpg 150w, https:\/\/www.hoymercedes.com.ar\/principal\/wp-content\/uploads\/2025\/01\/Jubilados-PAMI.jpg 1500w\" sizes=\"auto, (max-width: 1024px) 100vw, 1024px\" \/><\/figure>\n\n\n\n<p>El despido de tres empleados y el recorte de beneficios a sus afiliados generaron hoy una nueva manifestaci\u00f3n en la sede local del PAMI, cuya titular, la concejal libertaria Silvia Di Leo, sigue sin expresar p\u00fablicamente su posici\u00f3n respecto de las decisiones tomadas en el organismo.<\/p>\n\n\n\n<p>De la marcha al PAMI, adem\u00e1s de jubilados y afiliados afectados por las medidas, participaron dirigentes sindicales y referentes de distintas agrupaciones. Entre ellos estuvo Horacio L\u00f3pez, del Plenario de Trabajadores Jubilados y de visita en Mercedes, quien dijo que el gobierno nacional tiene una pol\u00edtica de vaciamiento del PAMI y de \u201cdesmoralizaci\u00f3n\u201d de sus afiliados.<\/p>\n\n\n\n<p>\u201c(El presidente Javier) Milei quiere la destrucci\u00f3n del PAMI y la apropiaci\u00f3n de los aportes de nuestra vida laboral, que es nuestro \u00fanico capital para defendernos. Tenemos la obligaci\u00f3n de organizarnos para impedirlo porque la situaci\u00f3n se est\u00e1 volviendo terminal\u201d, dijo L\u00f3pez.<\/p>\n\n\n\n<figure class=\"wp-block-image size-large\"><img loading=\"lazy\" decoding=\"async\" width=\"1024\" height=\"683\" data-attachment-id=\"182146\" data-permalink=\"https:\/\/www.hoymercedes.com.ar\/principal\/2025\/01\/27\/manifestacion-en-el-pami-por-despidos-y-recortes-silencio-de-di-leo\/jubilados-pami-2\/#main\" data-orig-file=\"https:\/\/www.hoymercedes.com.ar\/principal\/wp-content\/uploads\/2025\/01\/Jubilados-PAMI.2.jpg\" data-orig-size=\"1500,1000\" data-comments-opened=\"0\" data-image-meta=\"{&quot;aperture&quot;:&quot;0&quot;,&quot;credit&quot;:&quot;&quot;,&quot;camera&quot;:&quot;&quot;,&quot;caption&quot;:&quot;&quot;,&quot;created_timestamp&quot;:&quot;0&quot;,&quot;copyright&quot;:&quot;&quot;,&quot;focal_length&quot;:&quot;0&quot;,&quot;iso&quot;:&quot;0&quot;,&quot;shutter_speed&quot;:&quot;0&quot;,&quot;title&quot;:&quot;&quot;,&quot;orientation&quot;:&quot;0&quot;}\" data-image-title=\"Jubilados-PAMI.2\" data-image-description=\"&lt;p&gt;Jubilados-PAMI.2&lt;\/p&gt;\n\" data-image-caption=\"&lt;p&gt;Jubilados-PAMI.2&lt;\/p&gt;\n\" data-large-file=\"https:\/\/www.hoymercedes.com.ar\/principal\/wp-content\/uploads\/2025\/01\/Jubilados-PAMI.2-1024x683.jpg\" src=\"https:\/\/www.hoymercedes.com.ar\/principal\/wp-content\/uploads\/2025\/01\/Jubilados-PAMI.2-1024x683.jpg\" alt=\"\" class=\"wp-image-182146\" srcset=\"https:\/\/www.hoymercedes.com.ar\/principal\/wp-content\/uploads\/2025\/01\/Jubilados-PAMI.2-1024x683.jpg 1024w, https:\/\/www.hoymercedes.com.ar\/principal\/wp-content\/uploads\/2025\/01\/Jubilados-PAMI.2-630x420.jpg 630w, https:\/\/www.hoymercedes.com.ar\/principal\/wp-content\/uploads\/2025\/01\/Jubilados-PAMI.2-150x100.jpg 150w, https:\/\/www.hoymercedes.com.ar\/principal\/wp-content\/uploads\/2025\/01\/Jubilados-PAMI.2.jpg 1500w\" sizes=\"auto, (max-width: 1024px) 100vw, 1024px\" \/><\/figure>\n\n\n\n<p>El dirigente tambi\u00e9n explic\u00f3: \u201cHay una intenci\u00f3n de desmoralizarnos. Todas las cosas son un dolor de cabeza que te desaniman, te cansan. Los m\u00e9dicos de cabecera se van porque les pagan mal, para tener descuentos en los remedios nos obligan a hacer tr\u00e1mites que son engorrosos al extremo, las farmacias no te aceptan las recetas\u2026 Es algo maquiav\u00e9lico, y si la poblaci\u00f3n no da se\u00f1ales de lucha va al muere, para decirlo en un lenguaje com\u00fan\u201d.<\/p>\n\n\n\n<p>Entre los carteles exhibidos por los manifestantes pod\u00edan leerse consignas tales como \u201cA los ricos les sacan impuestos; a nosotros nos sacan los remedios\u201d; \u201cQue la deuda la pague Macri, los jubilados no\u201d; \u201cEutanasia silenciosa: los remedios ya los pagamos, son nuestros\u201d; o \u201cJubilados en lucha, no al vaciamiento del PAMI\u201d.<\/p>\n\n\n\n<p>Por su parte, los representantes de ASIMRA (supervisores de la industria metalmec\u00e1nica) expresaron directamente: \u201cRepudiamos los despidos en PAMI, no a la crueldad de este gobierno\u201d.<\/p>\n\n\n\n<p>Mientras tanto, los jubilados esperan acciones concretas en su favor por parte de la titular de la sede local del PAMI, Silvia Di Leo, que tambi\u00e9n es concejal de La Libertad Avanza y seg\u00fan distintas fuentes estar\u00eda \u201cinc\u00f3moda\u201d ante algunas situaciones.<\/p>\n\n\n\n<p>\u201cEn definitiva tiene que poner la cara ante el despido de tres compa\u00f1eros que no s\u00f3lo son vecinos, sino que adem\u00e1s le consta que son honestos y trabajadores\u201d, dijeron las fuentes.<\/p>\n\n\n\n<p>La semana pasada, dentro de un plan nacional de recortes en el organismo (20 ocurrieron en la UGL Luj\u00e1n, de la que depende Mercedes), fueron despedidos mercedinos. <\/p>\n\n\n\n<p>Di Leo, paralelamente, debe afrontar los cuestionamientos surgidos desde un sector de su espacio pol\u00edtico local, que le recriminan \u201cno dejar uno de los dos cargos que tiene, el de concejal y el de directora del PAMI, para dedicarse de lleno\u201d, lo mismo que a su compa\u00f1ero de bloque, Mauricio Pollacchi, que a la vez dirige la regional de la ANSES. Di Leo y Pollacchi \u201cno quieren renunciar a nada\u201d y se toman alternadamente dos meses de licencia cada uno en el Honorable Concejo Deliberante, raz\u00f3n por la cual ejerce casi como titular el reemplazante Emmanuel G\u00f3mez.<\/p>\n","protected":false},"excerpt":{"rendered":"<p>El despido de tres empleados y el recorte de beneficios a sus afiliados generaron hoy una nueva manifestaci\u00f3n en la &#8230; <a title=\"Manifestaci\u00f3n en el PAMI por despidos y recortes: silencio de Di Leo\" class=\"read-more\" href=\"https:\/\/www.hoymercedes.com.ar\/principal\/2025\/01\/27\/manifestacion-en-el-pami-por-despidos-y-recortes-silencio-de-di-leo\/\" aria-label=\"Leer m\u00e1s sobre Manifestaci\u00f3n en el PAMI por despidos y recortes: silencio de Di Leo\">Leer m\u00e1s<\/a><\/p>\n","protected":false},"author":1,"featured_media":0,"comment_status":"closed","ping_status":"open","sticky":false,"template":"","format":"standard","meta":{"_monsterinsights_skip_tracking":false,"_monsterinsights_sitenote_active":false,"_monsterinsights_sitenote_note":"","_monsterinsights_sitenote_category":0,"jetpack_post_was_ever_published":false,"_jetpack_newsletter_access":"","_jetpack_dont_email_post_to_subs":false,"_jetpack_newsletter_tier_id":0,"_jetpack_memberships_contains_paywalled_content":false,"_jetpack_memberships_contains_paid_content":false,"footnotes":"","jetpack_publicize_message":"","jetpack_publicize_feature_enabled":true,"jetpack_social_post_already_shared":true,"jetpack_social_options":{"image_generator_settings":{"template":"highway","default_image_id":0,"font":"","enabled":false},"version":2},"_wpas_customize_per_network":false},"categories":[8],"tags":[500,20202,19760,20029,20203],"class_list":["post-182143","post","type-post","status-publish","format-standard","hentry","category-sociedad","tag-pami-mercedes","tag-protesta-en-pami","tag-reclamo-jubilados","tag-silvia-di-leo-concejal","tag-silvia-di-leo-pami","generate-columns","tablet-grid-50","mobile-grid-100","grid-parent","grid-50"],"jetpack_publicize_connections":[],"jetpack_featured_media_url":"","wps_subtitle":"Preocupante","jetpack_sharing_enabled":true,"_links":{"self":[{"href":"https:\/\/www.hoymercedes.com.ar\/principal\/wp-json\/wp\/v2\/posts\/182143","targetHints":{"allow":["GET"]}}],"collection":[{"href":"https:\/\/www.hoymercedes.com.ar\/principal\/wp-json\/wp\/v2\/posts"}],"about":[{"href":"https:\/\/www.hoymercedes.com.ar\/principal\/wp-json\/wp\/v2\/types\/post"}],"author":[{"embeddable":true,"href":"https:\/\/www.hoymercedes.com.ar\/principal\/wp-json\/wp\/v2\/users\/1"}],"replies":[{"embeddable":true,"href":"https:\/\/www.hoymercedes.com.ar\/principal\/wp-json\/wp\/v2\/comments?post=182143"}],"version-history":[{"count":4,"href":"https:\/\/www.hoymercedes.com.ar\/principal\/wp-json\/wp\/v2\/posts\/182143\/revisions"}],"predecessor-version":[{"id":182151,"href":"https:\/\/www.hoymercedes.com.ar\/principal\/wp-json\/wp\/v2\/posts\/182143\/revisions\/182151"}],"wp:attachment":[{"href":"https:\/\/www.hoymercedes.com.ar\/principal\/wp-json\/wp\/v2\/media?parent=182143"}],"wp:term":[{"taxonomy":"category","embeddable":true,"href":"https:\/\/www.hoymercedes.com.ar\/principal\/wp-json\/wp\/v2\/categories?post=182143"},{"taxonomy":"post_tag","embeddable":true,"href":"https:\/\/www.hoymercedes.com.ar\/principal\/wp-json\/wp\/v2\/tags?post=182143"}],"curies":[{"name":"wp","href":"https:\/\/api.w.org\/{rel}","templated":true}]}}