{"id":182157,"date":"2025-01-27T20:10:25","date_gmt":"2025-01-27T23:10:25","guid":{"rendered":"https:\/\/www.hoymercedes.com.ar\/principal\/?p=182157"},"modified":"2025-01-27T20:15:43","modified_gmt":"2025-01-27T23:15:43","slug":"detienen-a-autora-del-siniestro-vial-en-el-que-fallecio-luciano-villanueva","status":"publish","type":"post","link":"https:\/\/www.hoymercedes.com.ar\/principal\/2025\/01\/27\/detienen-a-autora-del-siniestro-vial-en-el-que-fallecio-luciano-villanueva\/","title":{"rendered":"Detienen a autora del siniestro vial en el que falleci\u00f3 Luciano Villanueva"},"content":{"rendered":"\n<p>Tras dif\u00edcil y compleja investigaci\u00f3n detienen a la fugada conductora del siniestro vial que produjo la muerte de <strong>Luciano Villanueva<\/strong>. La polic\u00eda comunal efectu\u00f3 allanamientos en Villa del Parque, Capital Federal y Chivilcoy. El hecho hab\u00eda sido en el cruce de ruta nacional n\u00b05 y calle 11.<\/p>\n\n\n\n<figure class=\"wp-block-image size-large\"><img loading=\"lazy\" decoding=\"async\" width=\"1024\" height=\"683\" data-attachment-id=\"182159\" data-permalink=\"https:\/\/www.hoymercedes.com.ar\/principal\/2025\/01\/27\/detienen-a-autora-del-siniestro-vial-en-el-que-fallecio-luciano-villanueva\/screenshot_20250127-200632_copy_1080x720\/#main\" data-orig-file=\"https:\/\/www.hoymercedes.com.ar\/principal\/wp-content\/uploads\/2025\/01\/Screenshot_20250127-200632_copy_1080x720.png\" data-orig-size=\"1080,720\" data-comments-opened=\"0\" data-image-meta=\"{&quot;aperture&quot;:&quot;0&quot;,&quot;credit&quot;:&quot;&quot;,&quot;camera&quot;:&quot;&quot;,&quot;caption&quot;:&quot;&quot;,&quot;created_timestamp&quot;:&quot;0&quot;,&quot;copyright&quot;:&quot;&quot;,&quot;focal_length&quot;:&quot;0&quot;,&quot;iso&quot;:&quot;0&quot;,&quot;shutter_speed&quot;:&quot;0&quot;,&quot;title&quot;:&quot;&quot;,&quot;orientation&quot;:&quot;0&quot;}\" data-image-title=\"Screenshot_20250127-200632_copy_1080x720\" data-image-description=\"\" data-image-caption=\"\" data-large-file=\"https:\/\/www.hoymercedes.com.ar\/principal\/wp-content\/uploads\/2025\/01\/Screenshot_20250127-200632_copy_1080x720-1024x683.png\" src=\"https:\/\/www.hoymercedes.com.ar\/principal\/wp-content\/uploads\/2025\/01\/Screenshot_20250127-200632_copy_1080x720-1024x683.png\" alt=\"\" class=\"wp-image-182159\" srcset=\"https:\/\/www.hoymercedes.com.ar\/principal\/wp-content\/uploads\/2025\/01\/Screenshot_20250127-200632_copy_1080x720-1024x683.png 1024w, https:\/\/www.hoymercedes.com.ar\/principal\/wp-content\/uploads\/2025\/01\/Screenshot_20250127-200632_copy_1080x720-630x420.png 630w, https:\/\/www.hoymercedes.com.ar\/principal\/wp-content\/uploads\/2025\/01\/Screenshot_20250127-200632_copy_1080x720-150x100.png 150w, https:\/\/www.hoymercedes.com.ar\/principal\/wp-content\/uploads\/2025\/01\/Screenshot_20250127-200632_copy_1080x720.png 1080w\" sizes=\"auto, (max-width: 1024px) 100vw, 1024px\" \/><\/figure>\n\n\n\n<p>\u00abEn la noche del \u00faltimo martes 21 del corriente se produjo un siniestro vial en ruta nacional n\u00b0 5 y calle 11 de Mercedes, producto del cual result\u00f3 gravemente lesionado el joven Luciano Villanueva, de 17 a\u00f1os oriundo de la comunidad. Quien condujera el veh\u00edculo que ocasion\u00f3 el siniestro se dio a la fuga del lugar. Lamentablemente, el menor falleci\u00f3 en horas de la tarde de este jueves 23 del corriente\u00bb dice la comunicaci\u00f3n oficial.<\/p>\n\n\n\n<p>Por el hecho, tom\u00f3 intervenci\u00f3n la Unidad Funcional de Instrucci\u00f3n N\u00b0 6 del Departamento Judicial Mercedes &#8211; a cargo del dr. Luis Carcagno &#8211; que imparti\u00f3 las directivas del caso.<\/p>\n\n\n\n<p>\u00abCon colaboraci\u00f3n de personal policial y gracias al aporte de c\u00e1maras de seguridad p\u00fablicas y privadas se logr\u00f3 identificar un veh\u00edculo de color claro en sentido Suipacha-Luj\u00e1n. Ya en el peaje de Olivera se identific\u00f3 el mismo veh\u00edculo, siendo un Toyota Etios de color blanco, circulando en sentido Mercedes-Luj\u00e1n con claros indicios de da\u00f1os en zona frontal\u00bb, agregan.<\/p>\n\n\n\n<p>Las tareas investigativas continuaron y se solicit\u00f3 por ante el Juzgado de Garant\u00edas N\u00b0 1 una orden de allanamiento para un domicilio en CABA y la detenci\u00f3n de una mujer mayor de edad.<\/p>\n\n\n\n<p>La medida fue concedida y en la jornada del s\u00e1bado \u00faltimo, personal de la Divisi\u00f3n Homicidios de la Polic\u00eda de la Ciudad de Buenos Aires llev\u00f3 a cabo el allanamiento, logrando recuperar el veh\u00edculo.<\/p>\n\n\n\n<p>En tanto, la detenci\u00f3n de la mujer se logr\u00f3 efectivizar en la misma jornada, pero en horas de la noche en un domicilio de la ciudad de Chivilcoy.<\/p>\n\n\n\n<p>La imputada (una mujer de 54 a\u00f1os, oriunda de CABA) compareci\u00f3 ante el agente fiscal a cargo en el marco de la audiencia de declaraci\u00f3n en los t\u00e9rminos del art. 308 del C\u00f3digo Procesal Penal en la jornada de este lunes 27 del corriente. Fue por el delito de \u201cHomicidio culposo agravado\u201d e hizo uso de su derecho de negarse a declarar.<\/p>\n\n\n\n<p>Fuente: \u00c1rea Comunicacional &#8211; Ministerio P\u00fablico Fiscal Departamental Mercedes<\/p>\n","protected":false},"excerpt":{"rendered":"<p>Tras dif\u00edcil y compleja investigaci\u00f3n detienen a la fugada conductora del siniestro vial que produjo la muerte de Luciano Villanueva. &#8230; <a title=\"Detienen a autora del siniestro vial en el que falleci\u00f3 Luciano Villanueva\" class=\"read-more\" href=\"https:\/\/www.hoymercedes.com.ar\/principal\/2025\/01\/27\/detienen-a-autora-del-siniestro-vial-en-el-que-fallecio-luciano-villanueva\/\" aria-label=\"Leer m\u00e1s sobre Detienen a autora del siniestro vial en el que falleci\u00f3 Luciano Villanueva\">Leer m\u00e1s<\/a><\/p>\n","protected":false},"author":1,"featured_media":182159,"comment_status":"closed","ping_status":"open","sticky":false,"template":"","format":"standard","meta":{"_monsterinsights_skip_tracking":false,"_monsterinsights_sitenote_active":false,"_monsterinsights_sitenote_note":"","_monsterinsights_sitenote_category":0,"jetpack_post_was_ever_published":false,"_jetpack_newsletter_access":"","_jetpack_dont_email_post_to_subs":false,"_jetpack_newsletter_tier_id":0,"_jetpack_memberships_contains_paywalled_content":false,"_jetpack_memberships_contains_paid_content":false,"footnotes":"","jetpack_publicize_message":"","jetpack_publicize_feature_enabled":true,"jetpack_social_post_already_shared":true,"jetpack_social_options":{"image_generator_settings":{"template":"highway","default_image_id":0,"font":"","enabled":false},"version":2},"_wpas_customize_per_network":false},"categories":[8],"tags":[],"class_list":["post-182157","post","type-post","status-publish","format-standard","has-post-thumbnail","hentry","category-sociedad","generate-columns","tablet-grid-50","mobile-grid-100","grid-parent","grid-50"],"jetpack_publicize_connections":[],"jetpack_featured_media_url":"https:\/\/www.hoymercedes.com.ar\/principal\/wp-content\/uploads\/2025\/01\/Screenshot_20250127-200632_copy_1080x720.png","wps_subtitle":"","jetpack_sharing_enabled":true,"_links":{"self":[{"href":"https:\/\/www.hoymercedes.com.ar\/principal\/wp-json\/wp\/v2\/posts\/182157","targetHints":{"allow":["GET"]}}],"collection":[{"href":"https:\/\/www.hoymercedes.com.ar\/principal\/wp-json\/wp\/v2\/posts"}],"about":[{"href":"https:\/\/www.hoymercedes.com.ar\/principal\/wp-json\/wp\/v2\/types\/post"}],"author":[{"embeddable":true,"href":"https:\/\/www.hoymercedes.com.ar\/principal\/wp-json\/wp\/v2\/users\/1"}],"replies":[{"embeddable":true,"href":"https:\/\/www.hoymercedes.com.ar\/principal\/wp-json\/wp\/v2\/comments?post=182157"}],"version-history":[{"count":3,"href":"https:\/\/www.hoymercedes.com.ar\/principal\/wp-json\/wp\/v2\/posts\/182157\/revisions"}],"predecessor-version":[{"id":182161,"href":"https:\/\/www.hoymercedes.com.ar\/principal\/wp-json\/wp\/v2\/posts\/182157\/revisions\/182161"}],"wp:featuredmedia":[{"embeddable":true,"href":"https:\/\/www.hoymercedes.com.ar\/principal\/wp-json\/wp\/v2\/media\/182159"}],"wp:attachment":[{"href":"https:\/\/www.hoymercedes.com.ar\/principal\/wp-json\/wp\/v2\/media?parent=182157"}],"wp:term":[{"taxonomy":"category","embeddable":true,"href":"https:\/\/www.hoymercedes.com.ar\/principal\/wp-json\/wp\/v2\/categories?post=182157"},{"taxonomy":"post_tag","embeddable":true,"href":"https:\/\/www.hoymercedes.com.ar\/principal\/wp-json\/wp\/v2\/tags?post=182157"}],"curies":[{"name":"wp","href":"https:\/\/api.w.org\/{rel}","templated":true}]}}