{"id":182166,"date":"2025-01-28T13:54:56","date_gmt":"2025-01-28T16:54:56","guid":{"rendered":"https:\/\/www.hoymercedes.com.ar\/principal\/?p=182166"},"modified":"2025-01-28T13:55:00","modified_gmt":"2025-01-28T16:55:00","slug":"se-viene-la-noche-de-las-pizzas","status":"publish","type":"post","link":"https:\/\/www.hoymercedes.com.ar\/principal\/2025\/01\/28\/se-viene-la-noche-de-las-pizzas\/","title":{"rendered":"Se viene la noche de las pizzas"},"content":{"rendered":"\n<figure class=\"wp-block-embed aligncenter is-type-rich is-provider-twitter wp-block-embed-twitter\"><div class=\"wp-block-embed__wrapper\">\n<blockquote class=\"twitter-tweet\" data-width=\"550\" data-dnt=\"true\"><p lang=\"es\" dir=\"ltr\">\u00a1Se viene la noche de la Pizza! \ud83c\udf55\ud83c\udf19<br><br>9 de febrero en nuestra ciudad&#8230;<br><br>\u00a1Muy pronto m\u00e1s info! <a href=\"https:\/\/t.co\/0kFUtKkQyz\">pic.twitter.com\/0kFUtKkQyz<\/a><\/p>&mdash; Juani Ustarroz (@juaniustarroz) <a href=\"https:\/\/twitter.com\/juaniustarroz\/status\/1883888674842288412?ref_src=twsrc%5Etfw\" target=\"_blank\" rel=\"noopener\">January 27, 2025<\/a><\/blockquote><script async src=\"https:\/\/platform.twitter.com\/widgets.js\" charset=\"utf-8\"><\/script>\n<\/div><\/figure>\n\n\n\n<p>El pr\u00f3ximo 9 de febrero se prepara una noche con promociones y propuestas ampliadas para todas las familias. Es una acci\u00f3n que coordina el esfuerzo del sector gastron\u00f3mico privado y el sector p\u00fablico desde la Municipalidad de Mercedes.<\/p>\n\n\n\n<p>Si bien a\u00fan no hay presiones por parte de la Comuna se supo que est\u00e1n articulando los comercios con la Direcci\u00f3n de turismo.<\/p>\n\n\n\n<p>En las redes sociales del municipio ya se puede ver a \u201cLa Cartieri\u201d jugando con la promoci\u00f3n e invitando a agendarse la fecha.<\/p>\n\n\n\n<p>Se prev\u00e9n promociones y propuestas para toda la familia en el sector gastron\u00f3mico, impulsando el encuentro y el trabajo mercedino.<\/p>\n","protected":false},"excerpt":{"rendered":"<p>El pr\u00f3ximo 9 de febrero se prepara una noche con promociones y propuestas ampliadas para todas las familias. Es una &#8230; <a title=\"Se viene la noche de las pizzas\" class=\"read-more\" href=\"https:\/\/www.hoymercedes.com.ar\/principal\/2025\/01\/28\/se-viene-la-noche-de-las-pizzas\/\" aria-label=\"Leer m\u00e1s sobre Se viene la noche de las pizzas\">Leer m\u00e1s<\/a><\/p>\n","protected":false},"author":1,"featured_media":182168,"comment_status":"closed","ping_status":"open","sticky":false,"template":"","format":"standard","meta":{"_monsterinsights_skip_tracking":false,"_monsterinsights_sitenote_active":false,"_monsterinsights_sitenote_note":"","_monsterinsights_sitenote_category":0,"jetpack_post_was_ever_published":false,"_jetpack_newsletter_access":"","_jetpack_dont_email_post_to_subs":false,"_jetpack_newsletter_tier_id":0,"_jetpack_memberships_contains_paywalled_content":false,"_jetpack_memberships_contains_paid_content":false,"footnotes":"","jetpack_publicize_message":"","jetpack_publicize_feature_enabled":true,"jetpack_social_post_already_shared":true,"jetpack_social_options":{"image_generator_settings":{"template":"highway","default_image_id":0,"font":"","enabled":false},"version":2},"_wpas_customize_per_network":false},"categories":[8],"tags":[20206,20207],"class_list":["post-182166","post","type-post","status-publish","format-standard","has-post-thumbnail","hentry","category-sociedad","tag-noche-de-la-pizza","tag-pizzerias-mercedes","generate-columns","tablet-grid-50","mobile-grid-100","grid-parent","grid-50"],"jetpack_publicize_connections":[],"jetpack_featured_media_url":"https:\/\/www.hoymercedes.com.ar\/principal\/wp-content\/uploads\/2025\/01\/pizza-nochedelaspizzeriasmercedes.jpg","wps_subtitle":"Promoci\u00f3n ","jetpack_sharing_enabled":true,"_links":{"self":[{"href":"https:\/\/www.hoymercedes.com.ar\/principal\/wp-json\/wp\/v2\/posts\/182166","targetHints":{"allow":["GET"]}}],"collection":[{"href":"https:\/\/www.hoymercedes.com.ar\/principal\/wp-json\/wp\/v2\/posts"}],"about":[{"href":"https:\/\/www.hoymercedes.com.ar\/principal\/wp-json\/wp\/v2\/types\/post"}],"author":[{"embeddable":true,"href":"https:\/\/www.hoymercedes.com.ar\/principal\/wp-json\/wp\/v2\/users\/1"}],"replies":[{"embeddable":true,"href":"https:\/\/www.hoymercedes.com.ar\/principal\/wp-json\/wp\/v2\/comments?post=182166"}],"version-history":[{"count":2,"href":"https:\/\/www.hoymercedes.com.ar\/principal\/wp-json\/wp\/v2\/posts\/182166\/revisions"}],"predecessor-version":[{"id":182170,"href":"https:\/\/www.hoymercedes.com.ar\/principal\/wp-json\/wp\/v2\/posts\/182166\/revisions\/182170"}],"wp:featuredmedia":[{"embeddable":true,"href":"https:\/\/www.hoymercedes.com.ar\/principal\/wp-json\/wp\/v2\/media\/182168"}],"wp:attachment":[{"href":"https:\/\/www.hoymercedes.com.ar\/principal\/wp-json\/wp\/v2\/media?parent=182166"}],"wp:term":[{"taxonomy":"category","embeddable":true,"href":"https:\/\/www.hoymercedes.com.ar\/principal\/wp-json\/wp\/v2\/categories?post=182166"},{"taxonomy":"post_tag","embeddable":true,"href":"https:\/\/www.hoymercedes.com.ar\/principal\/wp-json\/wp\/v2\/tags?post=182166"}],"curies":[{"name":"wp","href":"https:\/\/api.w.org\/{rel}","templated":true}]}}