{"id":182207,"date":"2025-01-30T00:28:35","date_gmt":"2025-01-30T03:28:35","guid":{"rendered":"https:\/\/www.hoymercedes.com.ar\/principal\/?p=182207"},"modified":"2025-01-30T00:28:38","modified_gmt":"2025-01-30T03:28:38","slug":"ustarroz-recibio-a-david-moyano-el-vecino-que-hizo-cumbre-en-el-aconcagua","status":"publish","type":"post","link":"https:\/\/www.hoymercedes.com.ar\/principal\/2025\/01\/30\/ustarroz-recibio-a-david-moyano-el-vecino-que-hizo-cumbre-en-el-aconcagua\/","title":{"rendered":"Ustarroz recibi\u00f3 a David Moyano, el vecino que hizo cumbre en el Aconcagua"},"content":{"rendered":"\n<figure class=\"wp-block-image size-large\"><img loading=\"lazy\" decoding=\"async\" width=\"1024\" height=\"683\" data-attachment-id=\"182208\" data-permalink=\"https:\/\/www.hoymercedes.com.ar\/principal\/2025\/01\/30\/ustarroz-recibio-a-david-moyano-el-vecino-que-hizo-cumbre-en-el-aconcagua\/dsc09913\/#main\" data-orig-file=\"https:\/\/www.hoymercedes.com.ar\/principal\/wp-content\/uploads\/2025\/01\/DSC09913-scaled.jpg\" data-orig-size=\"2560,1707\" data-comments-opened=\"0\" data-image-meta=\"{&quot;aperture&quot;:&quot;4&quot;,&quot;credit&quot;:&quot;&quot;,&quot;camera&quot;:&quot;ILCE-7M3&quot;,&quot;caption&quot;:&quot;&quot;,&quot;created_timestamp&quot;:&quot;1738059092&quot;,&quot;copyright&quot;:&quot;&quot;,&quot;focal_length&quot;:&quot;31&quot;,&quot;iso&quot;:&quot;12800&quot;,&quot;shutter_speed&quot;:&quot;0.00625&quot;,&quot;title&quot;:&quot;&quot;,&quot;orientation&quot;:&quot;1&quot;}\" data-image-title=\"Ustarroz recibi\u00f3 a David Moyano, el vecino que hizo cumbre en el Aconcagua\" data-image-description=\"&lt;p&gt;Ustarroz recibi\u00f3 a David Moyano, el vecino que hizo cumbre en el Aconcagua&lt;\/p&gt;\n\" data-image-caption=\"&lt;p&gt;Ustarroz recibi\u00f3 a David Moyano, el vecino que hizo cumbre en el Aconcagua&lt;\/p&gt;\n\" data-large-file=\"https:\/\/www.hoymercedes.com.ar\/principal\/wp-content\/uploads\/2025\/01\/DSC09913-1024x683.jpg\" src=\"https:\/\/www.hoymercedes.com.ar\/principal\/wp-content\/uploads\/2025\/01\/DSC09913-1024x683.jpg\" alt=\"\" class=\"wp-image-182208\" srcset=\"https:\/\/www.hoymercedes.com.ar\/principal\/wp-content\/uploads\/2025\/01\/DSC09913-1024x683.jpg 1024w, https:\/\/www.hoymercedes.com.ar\/principal\/wp-content\/uploads\/2025\/01\/DSC09913-630x420.jpg 630w, https:\/\/www.hoymercedes.com.ar\/principal\/wp-content\/uploads\/2025\/01\/DSC09913-150x100.jpg 150w, https:\/\/www.hoymercedes.com.ar\/principal\/wp-content\/uploads\/2025\/01\/DSC09913-1536x1024.jpg 1536w, https:\/\/www.hoymercedes.com.ar\/principal\/wp-content\/uploads\/2025\/01\/DSC09913-2048x1365.jpg 2048w\" sizes=\"auto, (max-width: 1024px) 100vw, 1024px\" \/><\/figure>\n\n\n\n<p>El intendente Juan Ignacio Ustarroz recibi\u00f3 la visita de David Moyano, un vecino de nuestra ciudad que el 25 de este mes hizo cumbre en el cerro Aconcagua, en la cordillera de Los Andes, con un objetivo solidario; y de Pelusa Gonz\u00e1lez, de compromiso permanente con el desarrollo de la comunidad mercedina, quien logr\u00f3 el apoyo de distintas instituciones para realizar la haza\u00f1a.<\/p>\n\n\n\n<p>\u201cDavid es un ejemplo de esperanza, de amor y de compromiso\u201d, destac\u00f3 el intendente.<\/p>\n\n\n\n<p>En el encuentro particip\u00f3 tambi\u00e9n el director de Deportes, Juan Mart\u00edn Silvestre.<\/p>\n\n\n\n<p>Moyano, que trabaja en la estaci\u00f3n de servicio YPF ubicada en la esquina de 29 y 18, form\u00f3 parte de una expedici\u00f3n que alcanz\u00f3 el \u201ctecho de Am\u00e9rica\u201d (6.962 metros de altitud) con el objetivo de generar conciencia sobre la distrofia muscular, una enfermedad gen\u00e9tica que afecta a miles de personas y especialmente a ni\u00f1os.<\/p>\n\n\n\n<p>El hecho tuvo resultados inmediatos: un laboratorio estadounidense se comprometi\u00f3 a ampliar sus investigaciones para encontrar una cura.<\/p>\n\n\n\n<p>En la construcci\u00f3n de su traves\u00eda cont\u00f3 con el apoyo de Pelusa Gonz\u00e1lez, de All Boys<\/p>\n\n\n\n<p>Solidario, quien consigui\u00f3 la participaci\u00f3n del Ej\u00e9rcito, de Gendarmer\u00eda y de la Compa.<\/p>\n\n\n\n<p>As\u00ed, y adem\u00e1s de sus entrenamientos cotidianos en el Parque Municipal, hizo un primer ensayo en el volc\u00e1n Lan\u00edn, en Bariloche. \u201cLa experiencia fue maravillosa, no s\u00f3lo por hacer cumbre en el Aconcagua sino tambi\u00e9n por el objetivo que llevaba y el apoyo que gener\u00f3 -cont\u00f3 David-. Y tambi\u00e9n fue enriquecedora en todo sentido, sobre todo en lo humano por la gente que conoc\u00ed a lo largo de toda la preparaci\u00f3n\u201d.<\/p>\n\n\n\n<p>\u201cLa monta\u00f1a merece respeto y sobre todo el Aconcagua, que es el techo de Am\u00e9rica.<\/p>\n\n\n\n<p>Cada tramo de la escalada tiene su dificultad y encima ten\u00e9s todo el peso de los equipos, la mochila\u2026 Pero lo hicimos bastante r\u00e1pido para lo que son este tipo de aventuras. Y cuando llegamos a la cima\u2026 no s\u00e9\u2026 es dif\u00edcil explicar la sensaci\u00f3n. Se te caen las l\u00e1grimas, se te pasan un mont\u00f3n de cosas por la cabeza. Es maravilloso, la verdad es que uno est\u00e1 como perdido en ese momento y en ese lugar\u201d, se emocion\u00f3.<\/p>\n\n\n\n<p>David cont\u00f3 que su preparaci\u00f3n consisti\u00f3 en mucho entrenamiento y aprendizaje sobre las condiciones de la escalada, para lo que se necesita mucha hidrataci\u00f3n, una correcta alimentaci\u00f3n y un gran estado f\u00edsico. \u201cEmpec\u00e9 a prepararme varios meses antes y despu\u00e9s hicimos una aclimataci\u00f3n en la monta\u00f1a\u201d, record\u00f3.<\/p>\n\n\n\n<p>\u201cY despu\u00e9s es mucho la cabeza, hay que pensar siempre en positivo, apoyar al que va con vos, porque hay tramos que se hacen realmente complicados\u201d, agreg\u00f3. Una vez en la cima, David y el equipo que lo acompa\u00f1\u00f3 desplegaron la bandera que convoca a luchar para encontrar \u201cla cura contra la atrofia muscular de Duchenne\u201d.<\/p>\n\n\n\n<p>Por su parte, Ustarroz agradeci\u00f3 a Pelusa \u201cpor la enorme lucha que viene dando\u201d y destac\u00f3 que David es \u201cun ejemplo de esperanza, de amor y de compromiso\u201d.<\/p>\n\n\n\n<p>\u201cEs muy movilizador lo que ellos hacen, y llegar a la cima del Aconcagua es una haza\u00f1a pr\u00e1cticamente. Que un trabajador y vecino de nuestra ciudad haya logrado esto es emocionante. Hay que darle much\u00edsimo valor a este gesto porque lo tiene\u201d, dijo.<\/p>\n\n\n\n<p>El jefe comunal agradeci\u00f3 la visita y poder compartir \u201csu logro con toda la comunidad, porque todos debemos estar orgullosos\u201d.<\/p>\n\n\n\n<p>\u201cSiempre es un placer visitar a nuestro intendente, y sobre todo cuando venimos con noticias como esta, en la que un vecino de nuestra ciudad hizo nada menos que cumbre en el Aconcagua para generar conciencia y provocar, como ya sucedi\u00f3, que un laboratorio estadounidense se comprometiera a profundizar sus investigaciones y ampliar el desarrollo de su vacuna\u201d, cont\u00f3, finalmente, Pelusa Gonz\u00e1lez.<\/p>\n\n\n\n<p>\u201cPara nosotros ese es un objetivo cumplido porque todos tienen derecho a la vida y tambi\u00e9n un aliciente para seguir generando conciencia -cerr\u00f3-. Para seguir golpeando puertas, para pedir que sigan investigando. Por eso cuando hizo cumbre llor\u00f3 \u00e9l, llor\u00e9 yo, lloramos todos\u201d.<\/p>\n","protected":false},"excerpt":{"rendered":"<p>El intendente Juan Ignacio Ustarroz recibi\u00f3 la visita de David Moyano, un vecino de nuestra ciudad que el 25 de &#8230; <a title=\"Ustarroz recibi\u00f3 a David Moyano, el vecino que hizo cumbre en el Aconcagua\" class=\"read-more\" href=\"https:\/\/www.hoymercedes.com.ar\/principal\/2025\/01\/30\/ustarroz-recibio-a-david-moyano-el-vecino-que-hizo-cumbre-en-el-aconcagua\/\" aria-label=\"Leer m\u00e1s sobre Ustarroz recibi\u00f3 a David Moyano, el vecino que hizo cumbre en el Aconcagua\">Leer m\u00e1s<\/a><\/p>\n","protected":false},"author":1,"featured_media":182208,"comment_status":"closed","ping_status":"open","sticky":false,"template":"","format":"standard","meta":{"_monsterinsights_skip_tracking":false,"_monsterinsights_sitenote_active":false,"_monsterinsights_sitenote_note":"","_monsterinsights_sitenote_category":0,"jetpack_post_was_ever_published":false,"_jetpack_newsletter_access":"","_jetpack_dont_email_post_to_subs":false,"_jetpack_newsletter_tier_id":0,"_jetpack_memberships_contains_paywalled_content":false,"_jetpack_memberships_contains_paid_content":false,"footnotes":"","jetpack_publicize_message":"","jetpack_publicize_feature_enabled":true,"jetpack_social_post_already_shared":true,"jetpack_social_options":{"image_generator_settings":{"template":"highway","default_image_id":0,"font":"","enabled":false},"version":2},"_wpas_customize_per_network":false},"categories":[21],"tags":[424,20210],"class_list":["post-182207","post","type-post","status-publish","format-standard","has-post-thumbnail","hentry","category-deportes","tag-ustarroz","tag-ustarroz-recibio-a-david-moyano","generate-columns","tablet-grid-50","mobile-grid-100","grid-parent","grid-50"],"jetpack_publicize_connections":[],"jetpack_featured_media_url":"https:\/\/www.hoymercedes.com.ar\/principal\/wp-content\/uploads\/2025\/01\/DSC09913-scaled.jpg","wps_subtitle":"Alto rendimiento","jetpack_sharing_enabled":true,"_links":{"self":[{"href":"https:\/\/www.hoymercedes.com.ar\/principal\/wp-json\/wp\/v2\/posts\/182207","targetHints":{"allow":["GET"]}}],"collection":[{"href":"https:\/\/www.hoymercedes.com.ar\/principal\/wp-json\/wp\/v2\/posts"}],"about":[{"href":"https:\/\/www.hoymercedes.com.ar\/principal\/wp-json\/wp\/v2\/types\/post"}],"author":[{"embeddable":true,"href":"https:\/\/www.hoymercedes.com.ar\/principal\/wp-json\/wp\/v2\/users\/1"}],"replies":[{"embeddable":true,"href":"https:\/\/www.hoymercedes.com.ar\/principal\/wp-json\/wp\/v2\/comments?post=182207"}],"version-history":[{"count":2,"href":"https:\/\/www.hoymercedes.com.ar\/principal\/wp-json\/wp\/v2\/posts\/182207\/revisions"}],"predecessor-version":[{"id":182210,"href":"https:\/\/www.hoymercedes.com.ar\/principal\/wp-json\/wp\/v2\/posts\/182207\/revisions\/182210"}],"wp:featuredmedia":[{"embeddable":true,"href":"https:\/\/www.hoymercedes.com.ar\/principal\/wp-json\/wp\/v2\/media\/182208"}],"wp:attachment":[{"href":"https:\/\/www.hoymercedes.com.ar\/principal\/wp-json\/wp\/v2\/media?parent=182207"}],"wp:term":[{"taxonomy":"category","embeddable":true,"href":"https:\/\/www.hoymercedes.com.ar\/principal\/wp-json\/wp\/v2\/categories?post=182207"},{"taxonomy":"post_tag","embeddable":true,"href":"https:\/\/www.hoymercedes.com.ar\/principal\/wp-json\/wp\/v2\/tags?post=182207"}],"curies":[{"name":"wp","href":"https:\/\/api.w.org\/{rel}","templated":true}]}}