{"id":182217,"date":"2025-01-30T13:54:43","date_gmt":"2025-01-30T16:54:43","guid":{"rendered":"https:\/\/www.hoymercedes.com.ar\/principal\/?p=182217"},"modified":"2025-01-30T19:34:04","modified_gmt":"2025-01-30T22:34:04","slug":"sentido-dolor-y-despedida-al-periodista-eloy-dabove","status":"publish","type":"post","link":"https:\/\/www.hoymercedes.com.ar\/principal\/2025\/01\/30\/sentido-dolor-y-despedida-al-periodista-eloy-dabove\/","title":{"rendered":"Sentido dolor y despedida al periodista Eloy Dabove"},"content":{"rendered":"\n<figure class=\"wp-block-image size-large\"><img loading=\"lazy\" decoding=\"async\" width=\"1024\" height=\"498\" data-attachment-id=\"182218\" data-permalink=\"https:\/\/www.hoymercedes.com.ar\/principal\/2025\/01\/30\/sentido-dolor-y-despedida-al-periodista-eloy-dabove\/eloydabove\/#main\" data-orig-file=\"https:\/\/www.hoymercedes.com.ar\/principal\/wp-content\/uploads\/2025\/01\/EloyDabove.jpg\" data-orig-size=\"1316,640\" data-comments-opened=\"0\" data-image-meta=\"{&quot;aperture&quot;:&quot;0&quot;,&quot;credit&quot;:&quot;&quot;,&quot;camera&quot;:&quot;&quot;,&quot;caption&quot;:&quot;&quot;,&quot;created_timestamp&quot;:&quot;0&quot;,&quot;copyright&quot;:&quot;&quot;,&quot;focal_length&quot;:&quot;0&quot;,&quot;iso&quot;:&quot;0&quot;,&quot;shutter_speed&quot;:&quot;0&quot;,&quot;title&quot;:&quot;&quot;,&quot;orientation&quot;:&quot;0&quot;}\" data-image-title=\"Falleci\u00f3 Eloy Dabove\" data-image-description=\"&lt;p&gt;Falleci\u00f3 Eloy Dabove&lt;\/p&gt;\n\" data-image-caption=\"&lt;p&gt;Falleci\u00f3 Eloy Dabove&lt;\/p&gt;\n\" data-large-file=\"https:\/\/www.hoymercedes.com.ar\/principal\/wp-content\/uploads\/2025\/01\/EloyDabove-1024x498.jpg\" src=\"https:\/\/www.hoymercedes.com.ar\/principal\/wp-content\/uploads\/2025\/01\/EloyDabove-1024x498.jpg\" alt=\"\" class=\"wp-image-182218\" srcset=\"https:\/\/www.hoymercedes.com.ar\/principal\/wp-content\/uploads\/2025\/01\/EloyDabove-1024x498.jpg 1024w, https:\/\/www.hoymercedes.com.ar\/principal\/wp-content\/uploads\/2025\/01\/EloyDabove-630x306.jpg 630w, https:\/\/www.hoymercedes.com.ar\/principal\/wp-content\/uploads\/2025\/01\/EloyDabove-150x73.jpg 150w, https:\/\/www.hoymercedes.com.ar\/principal\/wp-content\/uploads\/2025\/01\/EloyDabove.jpg 1316w\" sizes=\"auto, (max-width: 1024px) 100vw, 1024px\" \/><\/figure>\n\n\n\n<p>El reconocido periodista <strong>Eloy Dabove<\/strong> falleci\u00f3 este 30 de enero.<\/p>\n\n\n\n<p>Desde hace un tiempo ven\u00eda teniendo cuidados respecto a su salud, pero con la misma energ\u00eda, capacidad de an\u00e1lisis y trabajo como siempre lo conocimos.<\/p>\n\n\n\n<p>Fan\u00e1tico hincha de Racing y asiduo asistente a la cancha de su acad\u00e9mica amada.<\/p>\n\n\n\n<p>Lo despiden sus seres queridos y sus colegas con un fuerte dolor y sorpresa, con mucho respeto y afecto.<\/p>\n\n\n\n<p>Ten\u00eda 74 a\u00f1os de edad.<\/p>\n\n\n\n<p>Desde <strong>HoyMercedes<\/strong> enviamos nuestro respeto y cari\u00f1o a sus cercanos.<\/p>\n","protected":false},"excerpt":{"rendered":"<p>El reconocido periodista Eloy Dabove falleci\u00f3 este 30 de enero. Desde hace un tiempo ven\u00eda teniendo cuidados respecto a su &#8230; <a title=\"Sentido dolor y despedida al periodista Eloy Dabove\" class=\"read-more\" href=\"https:\/\/www.hoymercedes.com.ar\/principal\/2025\/01\/30\/sentido-dolor-y-despedida-al-periodista-eloy-dabove\/\" aria-label=\"Leer m\u00e1s sobre Sentido dolor y despedida al periodista Eloy Dabove\">Leer m\u00e1s<\/a><\/p>\n","protected":false},"author":1,"featured_media":182218,"comment_status":"closed","ping_status":"open","sticky":false,"template":"","format":"standard","meta":{"_monsterinsights_skip_tracking":false,"_monsterinsights_sitenote_active":false,"_monsterinsights_sitenote_note":"","_monsterinsights_sitenote_category":0,"jetpack_post_was_ever_published":false,"_jetpack_newsletter_access":"","_jetpack_dont_email_post_to_subs":false,"_jetpack_newsletter_tier_id":0,"_jetpack_memberships_contains_paywalled_content":false,"_jetpack_memberships_contains_paid_content":false,"footnotes":"","jetpack_publicize_message":"","jetpack_publicize_feature_enabled":true,"jetpack_social_post_already_shared":true,"jetpack_social_options":{"image_generator_settings":{"template":"highway","default_image_id":0,"font":"","enabled":false},"version":2},"_wpas_customize_per_network":false},"categories":[8],"tags":[20212,20213,20214],"class_list":["post-182217","post","type-post","status-publish","format-standard","has-post-thumbnail","hentry","category-sociedad","tag-eloy-dabove","tag-guillermo-eloy-dabove","tag-mananas-filosas-eloy-dabove","generate-columns","tablet-grid-50","mobile-grid-100","grid-parent","grid-50"],"jetpack_publicize_connections":[],"jetpack_featured_media_url":"https:\/\/www.hoymercedes.com.ar\/principal\/wp-content\/uploads\/2025\/01\/EloyDabove.jpg","wps_subtitle":"Dolor","jetpack_sharing_enabled":true,"_links":{"self":[{"href":"https:\/\/www.hoymercedes.com.ar\/principal\/wp-json\/wp\/v2\/posts\/182217","targetHints":{"allow":["GET"]}}],"collection":[{"href":"https:\/\/www.hoymercedes.com.ar\/principal\/wp-json\/wp\/v2\/posts"}],"about":[{"href":"https:\/\/www.hoymercedes.com.ar\/principal\/wp-json\/wp\/v2\/types\/post"}],"author":[{"embeddable":true,"href":"https:\/\/www.hoymercedes.com.ar\/principal\/wp-json\/wp\/v2\/users\/1"}],"replies":[{"embeddable":true,"href":"https:\/\/www.hoymercedes.com.ar\/principal\/wp-json\/wp\/v2\/comments?post=182217"}],"version-history":[{"count":2,"href":"https:\/\/www.hoymercedes.com.ar\/principal\/wp-json\/wp\/v2\/posts\/182217\/revisions"}],"predecessor-version":[{"id":182220,"href":"https:\/\/www.hoymercedes.com.ar\/principal\/wp-json\/wp\/v2\/posts\/182217\/revisions\/182220"}],"wp:featuredmedia":[{"embeddable":true,"href":"https:\/\/www.hoymercedes.com.ar\/principal\/wp-json\/wp\/v2\/media\/182218"}],"wp:attachment":[{"href":"https:\/\/www.hoymercedes.com.ar\/principal\/wp-json\/wp\/v2\/media?parent=182217"}],"wp:term":[{"taxonomy":"category","embeddable":true,"href":"https:\/\/www.hoymercedes.com.ar\/principal\/wp-json\/wp\/v2\/categories?post=182217"},{"taxonomy":"post_tag","embeddable":true,"href":"https:\/\/www.hoymercedes.com.ar\/principal\/wp-json\/wp\/v2\/tags?post=182217"}],"curies":[{"name":"wp","href":"https:\/\/api.w.org\/{rel}","templated":true}]}}