{"id":182337,"date":"2025-02-05T12:59:54","date_gmt":"2025-02-05T15:59:54","guid":{"rendered":"https:\/\/www.hoymercedes.com.ar\/principal\/?p=182337"},"modified":"2025-02-05T12:59:56","modified_gmt":"2025-02-05T15:59:56","slug":"los-cuervos-de-mercedes-buscan-donaciones-para-la-vuelta-al-cole","status":"publish","type":"post","link":"https:\/\/www.hoymercedes.com.ar\/principal\/2025\/02\/05\/los-cuervos-de-mercedes-buscan-donaciones-para-la-vuelta-al-cole\/","title":{"rendered":"Los Cuervos de Mercedes buscan donaciones para  \u00abla vuelta al cole\u00bb"},"content":{"rendered":"\n<p>Desde la Pe\u00f1a Los Cuervos de Mercedes que remite al Club San Lorenzo de Almagro llevan adelante una campa\u00f1a solidaria con el fin de juntar \u00fatiles escolares para donar a alumnos de diferentes niveles educativos. <\/p>\n\n\n\n<p>\u00abEstaremos recolectando \u00fatiles escolares, en buen estado. Adem\u00e1s, recibiremos donaciones de dinero para comprar algunos \u00fatiles m\u00e1s que estaremos donando a una instituci\u00f3n de nuestra ciudad\u00bb, explican.<\/p>\n\n\n\n<p>\u00abToda colaboraci\u00f3n, por m\u00e1s peque\u00f1a que sea, es de gran ayuda\u00bb, destacan e invitan a colaborar con \u00f1a campa\u00f1a \u00abVuelta al Cole\u00bb (IG: @loscuervosdemercedes )<\/p>\n\n\n<div class=\"wp-block-image\">\n<figure class=\"aligncenter size-large\"><img loading=\"lazy\" decoding=\"async\" width=\"1024\" height=\"1024\" data-attachment-id=\"182338\" data-permalink=\"https:\/\/www.hoymercedes.com.ar\/principal\/2025\/02\/05\/los-cuervos-de-mercedes-buscan-donaciones-para-la-vuelta-al-cole\/img-20250205-wa0017\/#main\" data-orig-file=\"https:\/\/www.hoymercedes.com.ar\/principal\/wp-content\/uploads\/2025\/02\/IMG-20250205-WA0017.jpg\" data-orig-size=\"1080,1080\" data-comments-opened=\"0\" data-image-meta=\"{&quot;aperture&quot;:&quot;0&quot;,&quot;credit&quot;:&quot;&quot;,&quot;camera&quot;:&quot;&quot;,&quot;caption&quot;:&quot;&quot;,&quot;created_timestamp&quot;:&quot;0&quot;,&quot;copyright&quot;:&quot;&quot;,&quot;focal_length&quot;:&quot;0&quot;,&quot;iso&quot;:&quot;0&quot;,&quot;shutter_speed&quot;:&quot;0&quot;,&quot;title&quot;:&quot;&quot;,&quot;orientation&quot;:&quot;0&quot;}\" data-image-title=\"IMG-20250205-WA0017\" data-image-description=\"\" data-image-caption=\"\" data-large-file=\"https:\/\/www.hoymercedes.com.ar\/principal\/wp-content\/uploads\/2025\/02\/IMG-20250205-WA0017-1024x1024.jpg\" src=\"https:\/\/www.hoymercedes.com.ar\/principal\/wp-content\/uploads\/2025\/02\/IMG-20250205-WA0017-1024x1024.jpg\" alt=\"\" class=\"wp-image-182338\" srcset=\"https:\/\/www.hoymercedes.com.ar\/principal\/wp-content\/uploads\/2025\/02\/IMG-20250205-WA0017-1024x1024.jpg 1024w, https:\/\/www.hoymercedes.com.ar\/principal\/wp-content\/uploads\/2025\/02\/IMG-20250205-WA0017-620x620.jpg 620w, https:\/\/www.hoymercedes.com.ar\/principal\/wp-content\/uploads\/2025\/02\/IMG-20250205-WA0017-150x150.jpg 150w, https:\/\/www.hoymercedes.com.ar\/principal\/wp-content\/uploads\/2025\/02\/IMG-20250205-WA0017.jpg 1080w\" sizes=\"auto, (max-width: 1024px) 100vw, 1024px\" \/><\/figure>\n<\/div>","protected":false},"excerpt":{"rendered":"<p>Desde la Pe\u00f1a Los Cuervos de Mercedes que remite al Club San Lorenzo de Almagro llevan adelante una campa\u00f1a solidaria &#8230; <a title=\"Los Cuervos de Mercedes buscan donaciones para  \u00abla vuelta al cole\u00bb\" class=\"read-more\" href=\"https:\/\/www.hoymercedes.com.ar\/principal\/2025\/02\/05\/los-cuervos-de-mercedes-buscan-donaciones-para-la-vuelta-al-cole\/\" aria-label=\"Leer m\u00e1s sobre Los Cuervos de Mercedes buscan donaciones para  \u00abla vuelta al cole\u00bb\">Leer m\u00e1s<\/a><\/p>\n","protected":false},"author":1,"featured_media":182338,"comment_status":"closed","ping_status":"open","sticky":false,"template":"","format":"standard","meta":{"_monsterinsights_skip_tracking":false,"_monsterinsights_sitenote_active":false,"_monsterinsights_sitenote_note":"","_monsterinsights_sitenote_category":0,"jetpack_post_was_ever_published":false,"_jetpack_newsletter_access":"","_jetpack_dont_email_post_to_subs":false,"_jetpack_newsletter_tier_id":0,"_jetpack_memberships_contains_paywalled_content":false,"_jetpack_memberships_contains_paid_content":false,"footnotes":"","jetpack_publicize_message":"","jetpack_publicize_feature_enabled":true,"jetpack_social_post_already_shared":true,"jetpack_social_options":{"image_generator_settings":{"template":"highway","default_image_id":0,"font":"","enabled":false},"version":2},"_wpas_customize_per_network":false},"categories":[8],"tags":[],"class_list":["post-182337","post","type-post","status-publish","format-standard","has-post-thumbnail","hentry","category-sociedad","generate-columns","tablet-grid-50","mobile-grid-100","grid-parent","grid-50"],"jetpack_publicize_connections":[],"jetpack_featured_media_url":"https:\/\/www.hoymercedes.com.ar\/principal\/wp-content\/uploads\/2025\/02\/IMG-20250205-WA0017.jpg","wps_subtitle":"","jetpack_sharing_enabled":true,"_links":{"self":[{"href":"https:\/\/www.hoymercedes.com.ar\/principal\/wp-json\/wp\/v2\/posts\/182337","targetHints":{"allow":["GET"]}}],"collection":[{"href":"https:\/\/www.hoymercedes.com.ar\/principal\/wp-json\/wp\/v2\/posts"}],"about":[{"href":"https:\/\/www.hoymercedes.com.ar\/principal\/wp-json\/wp\/v2\/types\/post"}],"author":[{"embeddable":true,"href":"https:\/\/www.hoymercedes.com.ar\/principal\/wp-json\/wp\/v2\/users\/1"}],"replies":[{"embeddable":true,"href":"https:\/\/www.hoymercedes.com.ar\/principal\/wp-json\/wp\/v2\/comments?post=182337"}],"version-history":[{"count":2,"href":"https:\/\/www.hoymercedes.com.ar\/principal\/wp-json\/wp\/v2\/posts\/182337\/revisions"}],"predecessor-version":[{"id":182340,"href":"https:\/\/www.hoymercedes.com.ar\/principal\/wp-json\/wp\/v2\/posts\/182337\/revisions\/182340"}],"wp:featuredmedia":[{"embeddable":true,"href":"https:\/\/www.hoymercedes.com.ar\/principal\/wp-json\/wp\/v2\/media\/182338"}],"wp:attachment":[{"href":"https:\/\/www.hoymercedes.com.ar\/principal\/wp-json\/wp\/v2\/media?parent=182337"}],"wp:term":[{"taxonomy":"category","embeddable":true,"href":"https:\/\/www.hoymercedes.com.ar\/principal\/wp-json\/wp\/v2\/categories?post=182337"},{"taxonomy":"post_tag","embeddable":true,"href":"https:\/\/www.hoymercedes.com.ar\/principal\/wp-json\/wp\/v2\/tags?post=182337"}],"curies":[{"name":"wp","href":"https:\/\/api.w.org\/{rel}","templated":true}]}}