{"id":182346,"date":"2025-02-06T10:45:18","date_gmt":"2025-02-06T13:45:18","guid":{"rendered":"https:\/\/www.hoymercedes.com.ar\/principal\/?p=182346"},"modified":"2025-02-06T10:45:20","modified_gmt":"2025-02-06T13:45:20","slug":"ammdyf-invitan-a-organizar-el-8m","status":"publish","type":"post","link":"https:\/\/www.hoymercedes.com.ar\/principal\/2025\/02\/06\/ammdyf-invitan-a-organizar-el-8m\/","title":{"rendered":"AMMDYF invitan a organizar el 8M"},"content":{"rendered":"\n<p>Desde la Asamblea de Mujeres Mercedinas Diversa y Feminista (AMMDYF) invitan a la comunidad a organizar la previa del 8M &#8211; D\u00eda Internacional de la Mujer. Es asi que convocan a una asamblea abierta este s\u00e1bado 8 de febrero a las 19 horas en La Trocha.<\/p>\n\n\n\n<p>\u00abSe est\u00e1 convocando a todos los sectores sociales para unirse a la organizaci\u00f3n del 8M y manifestarse en contra de las pol\u00edticas de Milei. La \u201cFeminismo, diversidad, inclusi\u00f3n, equidad, inmigraci\u00f3n, aborto, ecologismo, ideolog\u00eda de g\u00e9nero\u201d, son los enemigos que enumer\u00f3 el presidente argentino,\u00a0Javier Milei, es necesario m\u00e1s que nunca estar presente en las calles, y en todos los espacios para contrarrestar los discursos de odio\u00bb, expresan desde la Asamblea. <\/p>\n\n\n\n<p>\u00abOtros temas clave para la Asamblea MMDYF son la eliminaci\u00f3n de derechos, la intenci\u00f3n del gobierno de eliminar la figura legal de feminicidio, los cupos laborales para minor\u00edas sexuales, la paridad de g\u00e9nero en listas electorales y los documentos de identidad no binarios. Este colectivo tambi\u00e9n repudia las pol\u00edticas econ\u00f3micas de ajuste, hacia la clase trabajadora, donde las mujeres y el colectivo LGBTIQ+ somos las m\u00e1s perjudicados. Tambien nos solidarizamos con les estudiantes, trabajadores de la salud, despedidos, y jubilades\u00bb agregan textualmente en la comunicaci\u00f3n enviada a los medios.<\/p>\n\n\n\n<p>Finalmente reiteran la invitaci\u00f3n a los interesados en participar a la asamblea del s\u00e1bado 8 de febrero, 19 horas, en La Trocha. <\/p>\n","protected":false},"excerpt":{"rendered":"<p>Desde la Asamblea de Mujeres Mercedinas Diversa y Feminista (AMMDYF) invitan a la comunidad a organizar la previa del 8M &#8230; <a title=\"AMMDYF invitan a organizar el 8M\" class=\"read-more\" href=\"https:\/\/www.hoymercedes.com.ar\/principal\/2025\/02\/06\/ammdyf-invitan-a-organizar-el-8m\/\" aria-label=\"Leer m\u00e1s sobre AMMDYF invitan a organizar el 8M\">Leer m\u00e1s<\/a><\/p>\n","protected":false},"author":1,"featured_media":182349,"comment_status":"closed","ping_status":"open","sticky":false,"template":"","format":"standard","meta":{"_monsterinsights_skip_tracking":false,"_monsterinsights_sitenote_active":false,"_monsterinsights_sitenote_note":"","_monsterinsights_sitenote_category":0,"jetpack_post_was_ever_published":false,"_jetpack_newsletter_access":"","_jetpack_dont_email_post_to_subs":false,"_jetpack_newsletter_tier_id":0,"_jetpack_memberships_contains_paywalled_content":false,"_jetpack_memberships_contains_paid_content":false,"footnotes":"","jetpack_publicize_message":"","jetpack_publicize_feature_enabled":true,"jetpack_social_post_already_shared":true,"jetpack_social_options":{"image_generator_settings":{"template":"highway","default_image_id":0,"font":"","enabled":false},"version":2},"_wpas_customize_per_network":false},"categories":[8],"tags":[],"class_list":["post-182346","post","type-post","status-publish","format-standard","has-post-thumbnail","hentry","category-sociedad","generate-columns","tablet-grid-50","mobile-grid-100","grid-parent","grid-50"],"jetpack_publicize_connections":[],"jetpack_featured_media_url":"https:\/\/www.hoymercedes.com.ar\/principal\/wp-content\/uploads\/2025\/02\/IMG-20250206-WA0001_copy_564x564.jpg","wps_subtitle":"","jetpack_sharing_enabled":true,"_links":{"self":[{"href":"https:\/\/www.hoymercedes.com.ar\/principal\/wp-json\/wp\/v2\/posts\/182346","targetHints":{"allow":["GET"]}}],"collection":[{"href":"https:\/\/www.hoymercedes.com.ar\/principal\/wp-json\/wp\/v2\/posts"}],"about":[{"href":"https:\/\/www.hoymercedes.com.ar\/principal\/wp-json\/wp\/v2\/types\/post"}],"author":[{"embeddable":true,"href":"https:\/\/www.hoymercedes.com.ar\/principal\/wp-json\/wp\/v2\/users\/1"}],"replies":[{"embeddable":true,"href":"https:\/\/www.hoymercedes.com.ar\/principal\/wp-json\/wp\/v2\/comments?post=182346"}],"version-history":[{"count":3,"href":"https:\/\/www.hoymercedes.com.ar\/principal\/wp-json\/wp\/v2\/posts\/182346\/revisions"}],"predecessor-version":[{"id":182350,"href":"https:\/\/www.hoymercedes.com.ar\/principal\/wp-json\/wp\/v2\/posts\/182346\/revisions\/182350"}],"wp:featuredmedia":[{"embeddable":true,"href":"https:\/\/www.hoymercedes.com.ar\/principal\/wp-json\/wp\/v2\/media\/182349"}],"wp:attachment":[{"href":"https:\/\/www.hoymercedes.com.ar\/principal\/wp-json\/wp\/v2\/media?parent=182346"}],"wp:term":[{"taxonomy":"category","embeddable":true,"href":"https:\/\/www.hoymercedes.com.ar\/principal\/wp-json\/wp\/v2\/categories?post=182346"},{"taxonomy":"post_tag","embeddable":true,"href":"https:\/\/www.hoymercedes.com.ar\/principal\/wp-json\/wp\/v2\/tags?post=182346"}],"curies":[{"name":"wp","href":"https:\/\/api.w.org\/{rel}","templated":true}]}}