{"id":182351,"date":"2025-02-06T18:32:36","date_gmt":"2025-02-06T21:32:36","guid":{"rendered":"https:\/\/www.hoymercedes.com.ar\/principal\/?p=182351"},"modified":"2025-02-07T01:28:16","modified_gmt":"2025-02-07T04:28:16","slug":"mercedes-gendarmes-en-alerta-por-malos-salarios-y-condiciones-laborales","status":"publish","type":"post","link":"https:\/\/www.hoymercedes.com.ar\/principal\/2025\/02\/06\/mercedes-gendarmes-en-alerta-por-malos-salarios-y-condiciones-laborales\/","title":{"rendered":"Mercedes: Gendarmes en alerta por malos salarios y condiciones laborales"},"content":{"rendered":"\n<p>En todo el pa\u00eds se viene una movida importante por parte de integrantes de Gendarmer\u00eda Nacional con fuerte apoyo e iniciativa de sus familiares. Se espera Mercedes no sea la excepci\u00f3n y se pliegues. Los bajos salarios y el constante aumento del costo de vida son el detonante. Para los que est\u00e1n en la escuela de formaci\u00f3n los enormes aumentos de los alquileres desregulados por Milei son otro golpe al bolsillo dif\u00edcil de afrontar.<\/p>\n\n\n\n<p><strong>Costo<\/strong><\/p>\n\n\n\n<p>En Mercedes los alquileres se fueron por las nubes tras la llamada \u201clibertad de mercado\u201d. Muchos gendarmes y aspirantes la est\u00e1n pasando dif\u00edcil. La situaci\u00f3n es grave en todo el pa\u00eds.<\/p>\n\n\n\n<p><strong>Reclamos<\/strong><\/p>\n\n\n\n<p>Los gendarmes en Argentina han intensificado sus reclamos salariales debido a los bajos ingresos en comparaci\u00f3n con el costo de vida. Seg\u00fan la resoluci\u00f3n 1270\/2024 del Ministerio de Seguridad, los salarios de los gendarmes var\u00edan seg\u00fan la jerarqu\u00eda, con sueldos que van desde aproximadamente $590.000 para un Gendarme II hasta $2.185.953 para un Comandante General. Sin embargo, los trabajadores de la fuerza sostienen que estos montos no son suficientes para afrontar la inflaci\u00f3n y el aumento del costo de bienes esenciales\u200b<\/p>\n\n\n\n<p><strong>Actualizaci\u00f3n<\/strong><\/p>\n\n\n\n<p>Uno de los puntos de conflicto es la falta de actualizaci\u00f3n de ciertos adicionales salariales, como el \u00abRecargo de Servicio\u00bb, que ha quedado rezagado respecto de los aumentos de precios en el \u00faltimo a\u00f1o. Adem\u00e1s, los gendarmes que cumplen funciones de prevenci\u00f3n barrial reciben un suplemento adicional, aunque tambi\u00e9n consideran que este beneficio no compensa las exigencias de sus tareas\u200b<\/p>\n\n\n\n<p><strong>Conflicto<\/strong><\/p>\n\n\n\n<p>El conflicto se da en un contexto en el que otras fuerzas de seguridad, como la Polic\u00eda Federal y la Prefectura Naval, tambi\u00e9n han recibido aumentos salariales, aunque con diferencias en los montos y adicionales. Se espera que el Gobierno eval\u00fae nuevas medidas para mejorar la situaci\u00f3n, pero hasta el momento no se ha anunciado una respuesta concreta a los reclamos de los gendarmes<\/p>\n","protected":false},"excerpt":{"rendered":"<p>En todo el pa\u00eds se viene una movida importante por parte de integrantes de Gendarmer\u00eda Nacional con fuerte apoyo e &#8230; <a title=\"Mercedes: Gendarmes en alerta por malos salarios y condiciones laborales\" class=\"read-more\" href=\"https:\/\/www.hoymercedes.com.ar\/principal\/2025\/02\/06\/mercedes-gendarmes-en-alerta-por-malos-salarios-y-condiciones-laborales\/\" aria-label=\"Leer m\u00e1s sobre Mercedes: Gendarmes en alerta por malos salarios y condiciones laborales\">Leer m\u00e1s<\/a><\/p>\n","protected":false},"author":1,"featured_media":182352,"comment_status":"closed","ping_status":"open","sticky":false,"template":"","format":"standard","meta":{"_monsterinsights_skip_tracking":false,"_monsterinsights_sitenote_active":false,"_monsterinsights_sitenote_note":"","_monsterinsights_sitenote_category":0,"jetpack_post_was_ever_published":false,"_jetpack_newsletter_access":"","_jetpack_dont_email_post_to_subs":false,"_jetpack_newsletter_tier_id":0,"_jetpack_memberships_contains_paywalled_content":false,"_jetpack_memberships_contains_paid_content":false,"footnotes":"","jetpack_publicize_message":"","jetpack_publicize_feature_enabled":true,"jetpack_social_post_already_shared":true,"jetpack_social_options":{"image_generator_settings":{"template":"highway","default_image_id":0,"font":"","enabled":false},"version":2},"_wpas_customize_per_network":false},"categories":[8],"tags":[],"class_list":["post-182351","post","type-post","status-publish","format-standard","has-post-thumbnail","hentry","category-sociedad","generate-columns","tablet-grid-50","mobile-grid-100","grid-parent","grid-50"],"jetpack_publicize_connections":[],"jetpack_featured_media_url":"https:\/\/www.hoymercedes.com.ar\/principal\/wp-content\/uploads\/2025\/02\/GendarmeriaNacional-Mercedes.Fotoargentinagobar.jpeg","wps_subtitle":"Instituciones","jetpack_sharing_enabled":true,"_links":{"self":[{"href":"https:\/\/www.hoymercedes.com.ar\/principal\/wp-json\/wp\/v2\/posts\/182351","targetHints":{"allow":["GET"]}}],"collection":[{"href":"https:\/\/www.hoymercedes.com.ar\/principal\/wp-json\/wp\/v2\/posts"}],"about":[{"href":"https:\/\/www.hoymercedes.com.ar\/principal\/wp-json\/wp\/v2\/types\/post"}],"author":[{"embeddable":true,"href":"https:\/\/www.hoymercedes.com.ar\/principal\/wp-json\/wp\/v2\/users\/1"}],"replies":[{"embeddable":true,"href":"https:\/\/www.hoymercedes.com.ar\/principal\/wp-json\/wp\/v2\/comments?post=182351"}],"version-history":[{"count":2,"href":"https:\/\/www.hoymercedes.com.ar\/principal\/wp-json\/wp\/v2\/posts\/182351\/revisions"}],"predecessor-version":[{"id":182354,"href":"https:\/\/www.hoymercedes.com.ar\/principal\/wp-json\/wp\/v2\/posts\/182351\/revisions\/182354"}],"wp:featuredmedia":[{"embeddable":true,"href":"https:\/\/www.hoymercedes.com.ar\/principal\/wp-json\/wp\/v2\/media\/182352"}],"wp:attachment":[{"href":"https:\/\/www.hoymercedes.com.ar\/principal\/wp-json\/wp\/v2\/media?parent=182351"}],"wp:term":[{"taxonomy":"category","embeddable":true,"href":"https:\/\/www.hoymercedes.com.ar\/principal\/wp-json\/wp\/v2\/categories?post=182351"},{"taxonomy":"post_tag","embeddable":true,"href":"https:\/\/www.hoymercedes.com.ar\/principal\/wp-json\/wp\/v2\/tags?post=182351"}],"curies":[{"name":"wp","href":"https:\/\/api.w.org\/{rel}","templated":true}]}}