{"id":182355,"date":"2025-02-06T23:03:00","date_gmt":"2025-02-07T02:03:00","guid":{"rendered":"https:\/\/www.hoymercedes.com.ar\/principal\/?p=182355"},"modified":"2025-02-06T22:07:39","modified_gmt":"2025-02-07T01:07:39","slug":"julio-ricardo-villa-logro-el-record-mundial-desde-mercedes","status":"publish","type":"post","link":"https:\/\/www.hoymercedes.com.ar\/principal\/2025\/02\/06\/julio-ricardo-villa-logro-el-record-mundial-desde-mercedes\/","title":{"rendered":"Julio Ricardo Villa logr\u00f3 el r\u00e9cord mundial desde Mercedes"},"content":{"rendered":"\n<figure class=\"wp-block-image size-full is-resized\"><img loading=\"lazy\" decoding=\"async\" width=\"748\" height=\"486\" data-attachment-id=\"182356\" data-permalink=\"https:\/\/www.hoymercedes.com.ar\/principal\/2025\/02\/06\/julio-ricardo-villa-logro-el-record-mundial-desde-mercedes\/dsc_0059-2\/#main\" data-orig-file=\"https:\/\/www.hoymercedes.com.ar\/principal\/wp-content\/uploads\/2025\/02\/DSC_0059.jpg\" data-orig-size=\"748,486\" data-comments-opened=\"0\" data-image-meta=\"{&quot;aperture&quot;:&quot;0&quot;,&quot;credit&quot;:&quot;&quot;,&quot;camera&quot;:&quot;&quot;,&quot;caption&quot;:&quot;&quot;,&quot;created_timestamp&quot;:&quot;0&quot;,&quot;copyright&quot;:&quot;&quot;,&quot;focal_length&quot;:&quot;0&quot;,&quot;iso&quot;:&quot;0&quot;,&quot;shutter_speed&quot;:&quot;0&quot;,&quot;title&quot;:&quot;&quot;,&quot;orientation&quot;:&quot;0&quot;}\" data-image-title=\"Julio Ricardo Villa logr\u00f3 el r\u00e9cord mundial desde Mercedes\" data-image-description=\"&lt;p&gt;Julio Ricardo Villa logr\u00f3 el r\u00e9cord mundial desde Mercedes&lt;\/p&gt;\n\" data-image-caption=\"&lt;p&gt;Julio Ricardo Villa logr\u00f3 el r\u00e9cord mundial desde Mercedes&lt;\/p&gt;\n\" data-large-file=\"https:\/\/www.hoymercedes.com.ar\/principal\/wp-content\/uploads\/2025\/02\/DSC_0059.jpg\" src=\"https:\/\/www.hoymercedes.com.ar\/principal\/wp-content\/uploads\/2025\/02\/DSC_0059.jpg\" alt=\"\" class=\"wp-image-182356\" style=\"width:959px;height:auto\" srcset=\"https:\/\/www.hoymercedes.com.ar\/principal\/wp-content\/uploads\/2025\/02\/DSC_0059.jpg 748w, https:\/\/www.hoymercedes.com.ar\/principal\/wp-content\/uploads\/2025\/02\/DSC_0059-630x409.jpg 630w, https:\/\/www.hoymercedes.com.ar\/principal\/wp-content\/uploads\/2025\/02\/DSC_0059-150x97.jpg 150w\" sizes=\"auto, (max-width: 748px) 100vw, 748px\" \/><\/figure>\n\n\n\n<p>En tiro obtuvo una certificaci\u00f3n. Es integrante de Gendarmer\u00eda Nacional y vinieron jurados internacionales a certificar su profesionalismo. Fue en el Tiro Federal y cont\u00f3 con el acompa\u00f1amiento de la intendenta interina, Mariana San Mart\u00edn.<\/p>\n\n\n\n<p>Julio Villa cont\u00f3 que \u201clogramos mantener el r\u00e9cord o variar el r\u00e9cord que ya ten\u00eda de ciento cincuenta metros en Italia, y gracias a Dios lo pudimos llevar a una nueva marca de doscientos cincuenta metros\u201d expres\u00f3.<\/p>\n\n\n\n<p>Para ello utiliz\u00f3 una \u201cnueve mil\u00edmetro pistola est\u00e1ndar, que ser\u00eda la pistola como sale de f\u00e1brica, sin ning\u00fan tipo de modificaci\u00f3n\u201d para la actividad deportiva y profesional.<\/p>\n\n\n\n<figure class=\"wp-block-image size-large\"><img loading=\"lazy\" decoding=\"async\" width=\"1024\" height=\"717\" data-attachment-id=\"182357\" data-permalink=\"https:\/\/www.hoymercedes.com.ar\/principal\/2025\/02\/06\/julio-ricardo-villa-logro-el-record-mundial-desde-mercedes\/ricardovilla-gendarme\/#main\" data-orig-file=\"https:\/\/www.hoymercedes.com.ar\/principal\/wp-content\/uploads\/2025\/02\/RicardoVilla-Gendarme.jpg\" data-orig-size=\"1255,879\" data-comments-opened=\"0\" data-image-meta=\"{&quot;aperture&quot;:&quot;0&quot;,&quot;credit&quot;:&quot;&quot;,&quot;camera&quot;:&quot;&quot;,&quot;caption&quot;:&quot;&quot;,&quot;created_timestamp&quot;:&quot;0&quot;,&quot;copyright&quot;:&quot;&quot;,&quot;focal_length&quot;:&quot;0&quot;,&quot;iso&quot;:&quot;0&quot;,&quot;shutter_speed&quot;:&quot;0&quot;,&quot;title&quot;:&quot;&quot;,&quot;orientation&quot;:&quot;0&quot;}\" data-image-title=\"RicardoVilla-Gendarme\" data-image-description=\"&lt;p&gt;Julio Ricardo Villa logr\u00f3 el r\u00e9cord mundial desde Mercedes&lt;\/p&gt;\n\" data-image-caption=\"&lt;p&gt;Julio Ricardo Villa logr\u00f3 el r\u00e9cord mundial desde Mercedes&lt;\/p&gt;\n\" data-large-file=\"https:\/\/www.hoymercedes.com.ar\/principal\/wp-content\/uploads\/2025\/02\/RicardoVilla-Gendarme-1024x717.jpg\" src=\"https:\/\/www.hoymercedes.com.ar\/principal\/wp-content\/uploads\/2025\/02\/RicardoVilla-Gendarme-1024x717.jpg\" alt=\"\" class=\"wp-image-182357\" srcset=\"https:\/\/www.hoymercedes.com.ar\/principal\/wp-content\/uploads\/2025\/02\/RicardoVilla-Gendarme-1024x717.jpg 1024w, https:\/\/www.hoymercedes.com.ar\/principal\/wp-content\/uploads\/2025\/02\/RicardoVilla-Gendarme-630x441.jpg 630w, https:\/\/www.hoymercedes.com.ar\/principal\/wp-content\/uploads\/2025\/02\/RicardoVilla-Gendarme-150x105.jpg 150w, https:\/\/www.hoymercedes.com.ar\/principal\/wp-content\/uploads\/2025\/02\/RicardoVilla-Gendarme-120x85.jpg 120w, https:\/\/www.hoymercedes.com.ar\/principal\/wp-content\/uploads\/2025\/02\/RicardoVilla-Gendarme.jpg 1255w\" sizes=\"auto, (max-width: 1024px) 100vw, 1024px\" \/><\/figure>\n\n\n\n<p>Mencion\u00f3 que \u201cvinieron a validar el r\u00e9cord mundial, vino el presidente de la organizaci\u00f3n de r\u00e9cords mundiales, desde Europa. \u00c9l estuvo presente controlando lo que era la cancha de deporte, las armas que iba a utilizar, y el s\u00e1bado ya estuvo presenciando el evento, y es el que me valid\u00f3 el r\u00e9cord mundial\u201d especific\u00f3.<\/p>\n\n\n\n<p>Tambi\u00e9n detall\u00f3 que \u201cpara el record mundial los intentos son individuales. O sea, puede salir cualquier persona del mundo, decir que se encuentra en condiciones o que cree que puede hacer el r\u00e9cord mundial, se postula y bueno, lo intenta y a ver si lo puede lograr o no\u201d y en este caso Villa lo logr\u00f3 con creces y se convirti\u00f3 en un Argentino r\u00e9cord mundial.<\/p>\n\n\n\n<p>Cont\u00f3 que hab\u00eda muchas personas acompa\u00f1\u00e1ndolo y dando aliento para este gran logro. Entre ellas Mariana San Mart\u00edn, intendente interina, quien lo felicit\u00f3 por el enorme logro obtenido y agradeci\u00f3 la invitaci\u00f3n para compartir un momento distinto, de alto profesionalismo, disciplina y rigurosidad que le permiti\u00f3 obtener el mencionado r\u00e9cord internacional en tiro.<\/p>\n\n\n\n<p>Mencion\u00f3 que \u00e9l es salte\u00f1o, pero \u201cpracticaba en el Tiro Federal de Mercedes o a veces lo hac\u00eda en el Tiro Federal de Buenos Aires, pero la mayor\u00eda de los entrenamientos los hice en el tiro federal de Mercedes\u201d y es por ello que en nuestra ciudad desempe\u00f1\u00f3 la actividad.<\/p>\n","protected":false},"excerpt":{"rendered":"<p>En tiro obtuvo una certificaci\u00f3n. Es integrante de Gendarmer\u00eda Nacional y vinieron jurados internacionales a certificar su profesionalismo. Fue en &#8230; <a title=\"Julio Ricardo Villa logr\u00f3 el r\u00e9cord mundial desde Mercedes\" class=\"read-more\" href=\"https:\/\/www.hoymercedes.com.ar\/principal\/2025\/02\/06\/julio-ricardo-villa-logro-el-record-mundial-desde-mercedes\/\" aria-label=\"Leer m\u00e1s sobre Julio Ricardo Villa logr\u00f3 el r\u00e9cord mundial desde Mercedes\">Leer m\u00e1s<\/a><\/p>\n","protected":false},"author":1,"featured_media":182356,"comment_status":"closed","ping_status":"open","sticky":false,"template":"","format":"standard","meta":{"_monsterinsights_skip_tracking":false,"_monsterinsights_sitenote_active":false,"_monsterinsights_sitenote_note":"","_monsterinsights_sitenote_category":0,"jetpack_post_was_ever_published":false,"_jetpack_newsletter_access":"","_jetpack_dont_email_post_to_subs":false,"_jetpack_newsletter_tier_id":0,"_jetpack_memberships_contains_paywalled_content":false,"_jetpack_memberships_contains_paid_content":false,"footnotes":"","jetpack_publicize_message":"","jetpack_publicize_feature_enabled":true,"jetpack_social_post_already_shared":true,"jetpack_social_options":{"image_generator_settings":{"template":"highway","default_image_id":0,"font":"","enabled":false},"version":2},"_wpas_customize_per_network":false},"categories":[8],"tags":[20230,20228,20229],"class_list":["post-182355","post","type-post","status-publish","format-standard","has-post-thumbnail","hentry","category-sociedad","tag-gendarme-villa","tag-julio-ricardo-villa","tag-record-mundial-en-tiro","generate-columns","tablet-grid-50","mobile-grid-100","grid-parent","grid-50"],"jetpack_publicize_connections":[],"jetpack_featured_media_url":"https:\/\/www.hoymercedes.com.ar\/principal\/wp-content\/uploads\/2025\/02\/DSC_0059.jpg","wps_subtitle":"Internacional","jetpack_sharing_enabled":true,"_links":{"self":[{"href":"https:\/\/www.hoymercedes.com.ar\/principal\/wp-json\/wp\/v2\/posts\/182355","targetHints":{"allow":["GET"]}}],"collection":[{"href":"https:\/\/www.hoymercedes.com.ar\/principal\/wp-json\/wp\/v2\/posts"}],"about":[{"href":"https:\/\/www.hoymercedes.com.ar\/principal\/wp-json\/wp\/v2\/types\/post"}],"author":[{"embeddable":true,"href":"https:\/\/www.hoymercedes.com.ar\/principal\/wp-json\/wp\/v2\/users\/1"}],"replies":[{"embeddable":true,"href":"https:\/\/www.hoymercedes.com.ar\/principal\/wp-json\/wp\/v2\/comments?post=182355"}],"version-history":[{"count":2,"href":"https:\/\/www.hoymercedes.com.ar\/principal\/wp-json\/wp\/v2\/posts\/182355\/revisions"}],"predecessor-version":[{"id":182359,"href":"https:\/\/www.hoymercedes.com.ar\/principal\/wp-json\/wp\/v2\/posts\/182355\/revisions\/182359"}],"wp:featuredmedia":[{"embeddable":true,"href":"https:\/\/www.hoymercedes.com.ar\/principal\/wp-json\/wp\/v2\/media\/182356"}],"wp:attachment":[{"href":"https:\/\/www.hoymercedes.com.ar\/principal\/wp-json\/wp\/v2\/media?parent=182355"}],"wp:term":[{"taxonomy":"category","embeddable":true,"href":"https:\/\/www.hoymercedes.com.ar\/principal\/wp-json\/wp\/v2\/categories?post=182355"},{"taxonomy":"post_tag","embeddable":true,"href":"https:\/\/www.hoymercedes.com.ar\/principal\/wp-json\/wp\/v2\/tags?post=182355"}],"curies":[{"name":"wp","href":"https:\/\/api.w.org\/{rel}","templated":true}]}}