{"id":182374,"date":"2025-02-07T10:01:32","date_gmt":"2025-02-07T13:01:32","guid":{"rendered":"https:\/\/www.hoymercedes.com.ar\/principal\/?p=182374"},"modified":"2025-02-07T10:01:46","modified_gmt":"2025-02-07T13:01:46","slug":"cine-estreno-de-conclave","status":"publish","type":"post","link":"https:\/\/www.hoymercedes.com.ar\/principal\/2025\/02\/07\/cine-estreno-de-conclave\/","title":{"rendered":"Cine: Estreno de C\u00f3nclave"},"content":{"rendered":"\n<p>En per\u00edodo de entrega de premios, el Cine Mercedes estrena en su pantalla uno de las pel\u00edculas favoritas para los premios m\u00e1s importantes de la industria cinematogr\u00e1fica: C\u00f3nclave. Del viernes 7 al martes 11 de febrero, este film podr\u00e1 verse en las funciones de 20:30 hs. En cartelera tambi\u00e9n se presente Las Aventuras de Dog Man, a las 18:30. <\/p>\n\n\n<div class=\"wp-block-image\">\n<figure class=\"aligncenter size-full\"><img loading=\"lazy\" decoding=\"async\" width=\"827\" height=\"834\" data-attachment-id=\"182373\" data-permalink=\"https:\/\/www.hoymercedes.com.ar\/principal\/gacetilla-cine-mercedes-1-8\/\" data-orig-file=\"https:\/\/www.hoymercedes.com.ar\/principal\/wp-content\/uploads\/2025\/02\/Gacetilla-Cine-Mercedes-1.png\" data-orig-size=\"827,834\" data-comments-opened=\"0\" data-image-meta=\"{&quot;aperture&quot;:&quot;0&quot;,&quot;credit&quot;:&quot;&quot;,&quot;camera&quot;:&quot;&quot;,&quot;caption&quot;:&quot;&quot;,&quot;created_timestamp&quot;:&quot;0&quot;,&quot;copyright&quot;:&quot;&quot;,&quot;focal_length&quot;:&quot;0&quot;,&quot;iso&quot;:&quot;0&quot;,&quot;shutter_speed&quot;:&quot;0&quot;,&quot;title&quot;:&quot;&quot;,&quot;orientation&quot;:&quot;0&quot;}\" data-image-title=\"Gacetilla Cine Mercedes (1)\" data-image-description=\"\" data-image-caption=\"\" data-large-file=\"https:\/\/www.hoymercedes.com.ar\/principal\/wp-content\/uploads\/2025\/02\/Gacetilla-Cine-Mercedes-1.png\" src=\"https:\/\/www.hoymercedes.com.ar\/principal\/wp-content\/uploads\/2025\/02\/Gacetilla-Cine-Mercedes-1.png\" alt=\"\" class=\"wp-image-182373\" srcset=\"https:\/\/www.hoymercedes.com.ar\/principal\/wp-content\/uploads\/2025\/02\/Gacetilla-Cine-Mercedes-1.png 827w, https:\/\/www.hoymercedes.com.ar\/principal\/wp-content\/uploads\/2025\/02\/Gacetilla-Cine-Mercedes-1-615x620.png 615w, https:\/\/www.hoymercedes.com.ar\/principal\/wp-content\/uploads\/2025\/02\/Gacetilla-Cine-Mercedes-1-150x150.png 150w\" sizes=\"auto, (max-width: 827px) 100vw, 827px\" \/><\/figure>\n<\/div>\n\n\n<p>Sinopsis \u00abLas Aventuras de Dog Man\u00bb: Cuando un fiel perro polic\u00eda y su due\u00f1o humano, tambi\u00e9n oficial de polic\u00eda, resultan heridos juntos en el trabajo, una cirug\u00eda disparatada pero salvadora los une y nace Dog Man. Dog Man est\u00e1 comprometido a proteger y servir\u2026 y tambi\u00e9n a traer objetos, sentarse y dar vueltas. Mientras Dog Man acepta su nueva identidad y se esfuerza por impresionar a su Jefe, debe detener los malignos planes del supervillano felino Petey el Gato. El \u00faltimo plan de Petey es clonarse a s\u00ed mismo, creando al gatito Lil Petey, para duplicar su capacidad para cometer delitos. Sin embargo, las cosas se complican cuando Lil Petey forja un v\u00ednculo inesperado con Dog Man. Cuando Lil Petey cae en las garras de un enemigo com\u00fan, Dog Man y Petey se ven obligados a unir fuerzas en una trepidante carrera contra el tiempo para rescatar al joven gatito. En el proceso, descubren el poder de la familia (\u00a1y de los gatitos!) para unir incluso a los rivales m\u00e1s hostiles.<\/p>\n\n\n\n<p>Sinopsis \u00abC\u00f3nclave\u00bb: Tras la inesperada muerte del Sumo Pont\u00edfice, el cardenal Lawrence es designado como responsable para liderar uno de los rituales m\u00e1s secretos y antiguos del mundo: la elecci\u00f3n de un nuevo Papa. Cuando los l\u00edderes m\u00e1s poderosos de la Iglesia Cat\u00f3lica se re\u00fanen en los salones del Vaticano, Lawrence se ve atrapado dentro de una compleja conspiraci\u00f3n a la vez que descubre un secreto que podr\u00eda sacudir los cimientos de la Iglesia. (FILMAFFINITY)<\/p>\n","protected":false},"excerpt":{"rendered":"<p>En per\u00edodo de entrega de premios, el Cine Mercedes estrena en su pantalla uno de las pel\u00edculas favoritas para los &#8230; <a title=\"Cine: Estreno de C\u00f3nclave\" class=\"read-more\" href=\"https:\/\/www.hoymercedes.com.ar\/principal\/2025\/02\/07\/cine-estreno-de-conclave\/\" aria-label=\"Leer m\u00e1s sobre Cine: Estreno de C\u00f3nclave\">Leer m\u00e1s<\/a><\/p>\n","protected":false},"author":1,"featured_media":182372,"comment_status":"closed","ping_status":"open","sticky":false,"template":"","format":"standard","meta":{"_monsterinsights_skip_tracking":false,"_monsterinsights_sitenote_active":false,"_monsterinsights_sitenote_note":"","_monsterinsights_sitenote_category":0,"jetpack_post_was_ever_published":false,"_jetpack_newsletter_access":"","_jetpack_dont_email_post_to_subs":false,"_jetpack_newsletter_tier_id":0,"_jetpack_memberships_contains_paywalled_content":false,"_jetpack_memberships_contains_paid_content":false,"footnotes":"","jetpack_publicize_message":"","jetpack_publicize_feature_enabled":true,"jetpack_social_post_already_shared":true,"jetpack_social_options":{"image_generator_settings":{"template":"highway","default_image_id":0,"font":"","enabled":false},"version":2},"_wpas_customize_per_network":false},"categories":[8],"tags":[],"class_list":["post-182374","post","type-post","status-publish","format-standard","has-post-thumbnail","hentry","category-sociedad","generate-columns","tablet-grid-50","mobile-grid-100","grid-parent","grid-50"],"jetpack_publicize_connections":[],"jetpack_featured_media_url":"https:\/\/www.hoymercedes.com.ar\/principal\/wp-content\/uploads\/2025\/02\/DIAMOND-CONCLAVE.jpg","wps_subtitle":"","jetpack_sharing_enabled":true,"_links":{"self":[{"href":"https:\/\/www.hoymercedes.com.ar\/principal\/wp-json\/wp\/v2\/posts\/182374","targetHints":{"allow":["GET"]}}],"collection":[{"href":"https:\/\/www.hoymercedes.com.ar\/principal\/wp-json\/wp\/v2\/posts"}],"about":[{"href":"https:\/\/www.hoymercedes.com.ar\/principal\/wp-json\/wp\/v2\/types\/post"}],"author":[{"embeddable":true,"href":"https:\/\/www.hoymercedes.com.ar\/principal\/wp-json\/wp\/v2\/users\/1"}],"replies":[{"embeddable":true,"href":"https:\/\/www.hoymercedes.com.ar\/principal\/wp-json\/wp\/v2\/comments?post=182374"}],"version-history":[{"count":4,"href":"https:\/\/www.hoymercedes.com.ar\/principal\/wp-json\/wp\/v2\/posts\/182374\/revisions"}],"predecessor-version":[{"id":182383,"href":"https:\/\/www.hoymercedes.com.ar\/principal\/wp-json\/wp\/v2\/posts\/182374\/revisions\/182383"}],"wp:featuredmedia":[{"embeddable":true,"href":"https:\/\/www.hoymercedes.com.ar\/principal\/wp-json\/wp\/v2\/media\/182372"}],"wp:attachment":[{"href":"https:\/\/www.hoymercedes.com.ar\/principal\/wp-json\/wp\/v2\/media?parent=182374"}],"wp:term":[{"taxonomy":"category","embeddable":true,"href":"https:\/\/www.hoymercedes.com.ar\/principal\/wp-json\/wp\/v2\/categories?post=182374"},{"taxonomy":"post_tag","embeddable":true,"href":"https:\/\/www.hoymercedes.com.ar\/principal\/wp-json\/wp\/v2\/tags?post=182374"}],"curies":[{"name":"wp","href":"https:\/\/api.w.org\/{rel}","templated":true}]}}