{"id":182377,"date":"2025-02-07T09:59:00","date_gmt":"2025-02-07T12:59:00","guid":{"rendered":"https:\/\/www.hoymercedes.com.ar\/principal\/?p=182377"},"modified":"2025-02-07T09:17:59","modified_gmt":"2025-02-07T12:17:59","slug":"mujeres-cem-invita-a-un-taller-sobre-bienestar-en-el-ambito-laboral","status":"publish","type":"post","link":"https:\/\/www.hoymercedes.com.ar\/principal\/2025\/02\/07\/mujeres-cem-invita-a-un-taller-sobre-bienestar-en-el-ambito-laboral\/","title":{"rendered":"Mujeres CEM invita a un taller sobre bienestar en el \u00e1mbito laboral"},"content":{"rendered":"\n<p>El grupo Mujeres CEM organiza un taller experiencial sobre bienestar en los espacios de trabajo, que se realizar\u00e1 el jueves 13 de febrero de 19:00 a 20:30 en el Gran Hotel Mercedes, ubicado en calle 16 entre 27 y 29.<\/p>\n\n\n<div class=\"wp-block-image\">\n<figure class=\"aligncenter size-large\"><img loading=\"lazy\" decoding=\"async\" width=\"850\" height=\"1024\" data-attachment-id=\"182380\" data-permalink=\"https:\/\/www.hoymercedes.com.ar\/principal\/2025\/02\/07\/mujeres-cem-invita-a-un-taller-sobre-bienestar-en-el-ambito-laboral\/mujeres-cem-1\/#main\" data-orig-file=\"https:\/\/www.hoymercedes.com.ar\/principal\/wp-content\/uploads\/2025\/02\/mujeres-cem-1.jpg\" data-orig-size=\"897,1080\" data-comments-opened=\"0\" data-image-meta=\"{&quot;aperture&quot;:&quot;0&quot;,&quot;credit&quot;:&quot;&quot;,&quot;camera&quot;:&quot;&quot;,&quot;caption&quot;:&quot;&quot;,&quot;created_timestamp&quot;:&quot;0&quot;,&quot;copyright&quot;:&quot;&quot;,&quot;focal_length&quot;:&quot;0&quot;,&quot;iso&quot;:&quot;0&quot;,&quot;shutter_speed&quot;:&quot;0&quot;,&quot;title&quot;:&quot;&quot;,&quot;orientation&quot;:&quot;0&quot;}\" data-image-title=\"mujeres cem 1\" data-image-description=\"\" data-image-caption=\"\" data-large-file=\"https:\/\/www.hoymercedes.com.ar\/principal\/wp-content\/uploads\/2025\/02\/mujeres-cem-1-850x1024.jpg\" src=\"https:\/\/www.hoymercedes.com.ar\/principal\/wp-content\/uploads\/2025\/02\/mujeres-cem-1-850x1024.jpg\" alt=\"\" class=\"wp-image-182380\" srcset=\"https:\/\/www.hoymercedes.com.ar\/principal\/wp-content\/uploads\/2025\/02\/mujeres-cem-1-850x1024.jpg 850w, https:\/\/www.hoymercedes.com.ar\/principal\/wp-content\/uploads\/2025\/02\/mujeres-cem-1-515x620.jpg 515w, https:\/\/www.hoymercedes.com.ar\/principal\/wp-content\/uploads\/2025\/02\/mujeres-cem-1-125x150.jpg 125w, https:\/\/www.hoymercedes.com.ar\/principal\/wp-content\/uploads\/2025\/02\/mujeres-cem-1.jpg 897w\" sizes=\"auto, (max-width: 850px) 100vw, 850px\" \/><\/figure>\n<\/div>\n\n\n<p>La actividad ser\u00e1 presencial, abierta a la comunidad y requiere inscripci\u00f3n previa.<\/p>\n\n\n\n<p>El encuentro estar\u00e1 a cargo de Carolina Chvatal y Brenda Schebesta, CEO&#8217;s de Ahora Wellness, quienes compartir\u00e1n herramientas y estrategias para crear entornos laborales saludables y sostenibles.<\/p>\n\n\n\n<p>El taller busca brindar herramientas para potenciar el bienestar personal y mejorar el liderazgo en los equipos de trabajo.<\/p>\n\n\n\n<p>La iniciativa cuenta con el respaldo de la C\u00e1mara Econ\u00f3mica Mercedina (CEM) y la Federaci\u00f3n Econ\u00f3mica de la Provincia de Buenos Aires (FEBA).<\/p>\n\n\n\n<p>Fuente: Prensa CEM<\/p>\n\n\n\n<figure class=\"wp-block-image size-large\"><img loading=\"lazy\" decoding=\"async\" width=\"886\" height=\"1024\" data-attachment-id=\"182379\" data-permalink=\"https:\/\/www.hoymercedes.com.ar\/principal\/2025\/02\/07\/mujeres-cem-invita-a-un-taller-sobre-bienestar-en-el-ambito-laboral\/mujeres-cem-2\/#main\" data-orig-file=\"https:\/\/www.hoymercedes.com.ar\/principal\/wp-content\/uploads\/2025\/02\/mujeres-cem-2.jpg\" data-orig-size=\"934,1080\" data-comments-opened=\"0\" data-image-meta=\"{&quot;aperture&quot;:&quot;0&quot;,&quot;credit&quot;:&quot;&quot;,&quot;camera&quot;:&quot;&quot;,&quot;caption&quot;:&quot;&quot;,&quot;created_timestamp&quot;:&quot;0&quot;,&quot;copyright&quot;:&quot;&quot;,&quot;focal_length&quot;:&quot;0&quot;,&quot;iso&quot;:&quot;0&quot;,&quot;shutter_speed&quot;:&quot;0&quot;,&quot;title&quot;:&quot;&quot;,&quot;orientation&quot;:&quot;0&quot;}\" data-image-title=\"mujeres cem 2\" data-image-description=\"\" data-image-caption=\"\" data-large-file=\"https:\/\/www.hoymercedes.com.ar\/principal\/wp-content\/uploads\/2025\/02\/mujeres-cem-2-886x1024.jpg\" src=\"https:\/\/www.hoymercedes.com.ar\/principal\/wp-content\/uploads\/2025\/02\/mujeres-cem-2-886x1024.jpg\" alt=\"\" class=\"wp-image-182379\" srcset=\"https:\/\/www.hoymercedes.com.ar\/principal\/wp-content\/uploads\/2025\/02\/mujeres-cem-2-886x1024.jpg 886w, https:\/\/www.hoymercedes.com.ar\/principal\/wp-content\/uploads\/2025\/02\/mujeres-cem-2-536x620.jpg 536w, https:\/\/www.hoymercedes.com.ar\/principal\/wp-content\/uploads\/2025\/02\/mujeres-cem-2-130x150.jpg 130w, https:\/\/www.hoymercedes.com.ar\/principal\/wp-content\/uploads\/2025\/02\/mujeres-cem-2.jpg 934w\" sizes=\"auto, (max-width: 886px) 100vw, 886px\" \/><\/figure>\n","protected":false},"excerpt":{"rendered":"<p>El grupo Mujeres CEM organiza un taller experiencial sobre bienestar en los espacios de trabajo, que se realizar\u00e1 el jueves &#8230; <a title=\"Mujeres CEM invita a un taller sobre bienestar en el \u00e1mbito laboral\" class=\"read-more\" href=\"https:\/\/www.hoymercedes.com.ar\/principal\/2025\/02\/07\/mujeres-cem-invita-a-un-taller-sobre-bienestar-en-el-ambito-laboral\/\" aria-label=\"Leer m\u00e1s sobre Mujeres CEM invita a un taller sobre bienestar en el \u00e1mbito laboral\">Leer m\u00e1s<\/a><\/p>\n","protected":false},"author":1,"featured_media":182380,"comment_status":"closed","ping_status":"open","sticky":false,"template":"","format":"standard","meta":{"_monsterinsights_skip_tracking":false,"_monsterinsights_sitenote_active":false,"_monsterinsights_sitenote_note":"","_monsterinsights_sitenote_category":0,"jetpack_post_was_ever_published":false,"_jetpack_newsletter_access":"","_jetpack_dont_email_post_to_subs":false,"_jetpack_newsletter_tier_id":0,"_jetpack_memberships_contains_paywalled_content":false,"_jetpack_memberships_contains_paid_content":false,"footnotes":"","jetpack_publicize_message":"","jetpack_publicize_feature_enabled":true,"jetpack_social_post_already_shared":true,"jetpack_social_options":{"image_generator_settings":{"template":"highway","default_image_id":0,"font":"","enabled":false},"version":2},"_wpas_customize_per_network":false},"categories":[8],"tags":[],"class_list":["post-182377","post","type-post","status-publish","format-standard","has-post-thumbnail","hentry","category-sociedad","generate-columns","tablet-grid-50","mobile-grid-100","grid-parent","grid-50"],"jetpack_publicize_connections":[],"jetpack_featured_media_url":"https:\/\/www.hoymercedes.com.ar\/principal\/wp-content\/uploads\/2025\/02\/mujeres-cem-1.jpg","wps_subtitle":"","jetpack_sharing_enabled":true,"_links":{"self":[{"href":"https:\/\/www.hoymercedes.com.ar\/principal\/wp-json\/wp\/v2\/posts\/182377","targetHints":{"allow":["GET"]}}],"collection":[{"href":"https:\/\/www.hoymercedes.com.ar\/principal\/wp-json\/wp\/v2\/posts"}],"about":[{"href":"https:\/\/www.hoymercedes.com.ar\/principal\/wp-json\/wp\/v2\/types\/post"}],"author":[{"embeddable":true,"href":"https:\/\/www.hoymercedes.com.ar\/principal\/wp-json\/wp\/v2\/users\/1"}],"replies":[{"embeddable":true,"href":"https:\/\/www.hoymercedes.com.ar\/principal\/wp-json\/wp\/v2\/comments?post=182377"}],"version-history":[{"count":2,"href":"https:\/\/www.hoymercedes.com.ar\/principal\/wp-json\/wp\/v2\/posts\/182377\/revisions"}],"predecessor-version":[{"id":182381,"href":"https:\/\/www.hoymercedes.com.ar\/principal\/wp-json\/wp\/v2\/posts\/182377\/revisions\/182381"}],"wp:featuredmedia":[{"embeddable":true,"href":"https:\/\/www.hoymercedes.com.ar\/principal\/wp-json\/wp\/v2\/media\/182380"}],"wp:attachment":[{"href":"https:\/\/www.hoymercedes.com.ar\/principal\/wp-json\/wp\/v2\/media?parent=182377"}],"wp:term":[{"taxonomy":"category","embeddable":true,"href":"https:\/\/www.hoymercedes.com.ar\/principal\/wp-json\/wp\/v2\/categories?post=182377"},{"taxonomy":"post_tag","embeddable":true,"href":"https:\/\/www.hoymercedes.com.ar\/principal\/wp-json\/wp\/v2\/tags?post=182377"}],"curies":[{"name":"wp","href":"https:\/\/api.w.org\/{rel}","templated":true}]}}