{"id":182402,"date":"2025-02-07T19:01:46","date_gmt":"2025-02-07T22:01:46","guid":{"rendered":"https:\/\/www.hoymercedes.com.ar\/principal\/?p=182402"},"modified":"2025-02-07T19:01:52","modified_gmt":"2025-02-07T22:01:52","slug":"lujan-y-rodriguez-articulan-acciones-preocupados-por-la-seguridad","status":"publish","type":"post","link":"https:\/\/www.hoymercedes.com.ar\/principal\/2025\/02\/07\/lujan-y-rodriguez-articulan-acciones-preocupados-por-la-seguridad\/","title":{"rendered":"Luj\u00e1n y Rodr\u00edguez articulan acciones preocupados por la seguridad"},"content":{"rendered":"\n<figure class=\"wp-block-image size-full is-resized\"><img loading=\"lazy\" decoding=\"async\" width=\"800\" height=\"533\" data-attachment-id=\"182403\" data-permalink=\"https:\/\/www.hoymercedes.com.ar\/principal\/2025\/02\/07\/lujan-y-rodriguez-articulan-acciones-preocupados-por-la-seguridad\/rodriguez-lujan-seguridad\/#main\" data-orig-file=\"https:\/\/www.hoymercedes.com.ar\/principal\/wp-content\/uploads\/2025\/02\/Rodriguez-Lujan-Seguridad.jpg\" data-orig-size=\"800,533\" data-comments-opened=\"0\" data-image-meta=\"{&quot;aperture&quot;:&quot;0&quot;,&quot;credit&quot;:&quot;&quot;,&quot;camera&quot;:&quot;&quot;,&quot;caption&quot;:&quot;&quot;,&quot;created_timestamp&quot;:&quot;0&quot;,&quot;copyright&quot;:&quot;&quot;,&quot;focal_length&quot;:&quot;0&quot;,&quot;iso&quot;:&quot;0&quot;,&quot;shutter_speed&quot;:&quot;0&quot;,&quot;title&quot;:&quot;&quot;,&quot;orientation&quot;:&quot;1&quot;}\" data-image-title=\"Rodriguez-Lujan-Seguridad\" data-image-description=\"&lt;p&gt;Luj\u00e1n y Rodr\u00edguez articulan acciones preocupados por la seguridad&lt;\/p&gt;\n\" data-image-caption=\"&lt;p&gt;Luj\u00e1n y Rodr\u00edguez articulan acciones preocupados por la seguridad&lt;\/p&gt;\n\" data-large-file=\"https:\/\/www.hoymercedes.com.ar\/principal\/wp-content\/uploads\/2025\/02\/Rodriguez-Lujan-Seguridad.jpg\" src=\"https:\/\/www.hoymercedes.com.ar\/principal\/wp-content\/uploads\/2025\/02\/Rodriguez-Lujan-Seguridad.jpg\" alt=\"\" class=\"wp-image-182403\" style=\"width:960px;height:auto\" srcset=\"https:\/\/www.hoymercedes.com.ar\/principal\/wp-content\/uploads\/2025\/02\/Rodriguez-Lujan-Seguridad.jpg 800w, https:\/\/www.hoymercedes.com.ar\/principal\/wp-content\/uploads\/2025\/02\/Rodriguez-Lujan-Seguridad-630x420.jpg 630w, https:\/\/www.hoymercedes.com.ar\/principal\/wp-content\/uploads\/2025\/02\/Rodriguez-Lujan-Seguridad-150x100.jpg 150w, https:\/\/www.hoymercedes.com.ar\/principal\/wp-content\/uploads\/2025\/02\/Rodriguez-Lujan-Seguridad-700x465.jpg 700w\" sizes=\"auto, (max-width: 800px) 100vw, 800px\" \/><\/figure>\n\n\n\n<p>Los intendente de <strong><mark style=\"background-color:#fcb900\" class=\"has-inline-color\">Luj\u00e1n y General Rodr\u00edguez <\/mark><\/strong>mantuvieron un encuentro con el objetivo de articular acciones en pos de mejorar la seguridad de ambas localidades que viene muy complicada.<\/p>\n\n\n\n<p>Durante una reuni\u00f3n interinstitucional realizada en las sedes de seguridad de cada municipio, los responsables de las fuerzas de orden discutieron el dise\u00f1o de un protocolo conjunto que incluye el incremento de patrullajes, la instalaci\u00f3n de nuevas c\u00e1maras de videovigilancia en puntos estrat\u00e9gicos y la intensificaci\u00f3n de controles de tr\u00e1nsito. Adem\u00e1s, se estableci\u00f3 un sistema de comunicaci\u00f3n y coordinaci\u00f3n en tiempo real entre los equipos policiales de Luj\u00e1n y Rodr\u00edguez para responder de forma inmediata ante situaciones de emergencia.<\/p>\n\n\n\n<p>\u00abEsta <strong><mark style=\"background-color:#fcb900\" class=\"has-inline-color\">colaboraci\u00f3n intermunicipal <\/mark><\/strong>es fundamental para enfrentar los desaf\u00edos que plantea el incremento de la delincuencia en nuestra zona. Con una respuesta coordinada, podremos actuar con mayor eficacia y restablecer la confianza de la ciudadan\u00eda,\u00bb destac\u00f3 el secretario de Seguridad de Luj\u00e1n durante la sesi\u00f3n de trabajo.<\/p>\n\n\n\n<p>Por su parte, la autoridad de Rodr\u00edguez enfatiz\u00f3 que el plan no solo se centra en aumentar la presencia policial, sino tambi\u00e9n en promover programas de vigilancia vecinal y en incentivar la participaci\u00f3n de la comunidad. \u00abQueremos que nuestros vecinos sean parte activa de la prevenci\u00f3n del delito, ya que la seguridad es un esfuerzo compartido,\u00bb afirm\u00f3 el dirigente local.<\/p>\n\n\n\n<p>La medida se enmarca en un contexto de preocupaci\u00f3n creciente por la incidencia de delitos en \u00e1reas urbanas de la regi\u00f3n, donde se han registrado diversos hechos delictivos en los \u00faltimos meses. Con la puesta en marcha de este plan, ambas autoridades esperan lograr una reducci\u00f3n notable en los \u00edndices delictivos y generar un ambiente de mayor tranquilidad para los habitantes de Luj\u00e1n y Rodr\u00edguez.<\/p>\n\n\n\n<p>El plan de seguridad se implementar\u00e1 en las pr\u00f3ximas semanas, y las autoridades se comprometieron a informar peri\u00f3dicamente a la ciudadan\u00eda sobre los avances y resultados de las acciones coordinadas. La medida ha sido recibida con optimismo por parte de la comunidad, que espera ver una mejora en la respuesta ante incidentes y una mayor protecci\u00f3n en los espacios p\u00fablicos.<\/p>\n\n\n\n<p><em>Fuente: El Civismo<\/em><\/p>\n","protected":false},"excerpt":{"rendered":"<p>Los intendente de Luj\u00e1n y General Rodr\u00edguez mantuvieron un encuentro con el objetivo de articular acciones en pos de mejorar &#8230; <a title=\"Luj\u00e1n y Rodr\u00edguez articulan acciones preocupados por la seguridad\" class=\"read-more\" href=\"https:\/\/www.hoymercedes.com.ar\/principal\/2025\/02\/07\/lujan-y-rodriguez-articulan-acciones-preocupados-por-la-seguridad\/\" aria-label=\"Leer m\u00e1s sobre Luj\u00e1n y Rodr\u00edguez articulan acciones preocupados por la seguridad\">Leer m\u00e1s<\/a><\/p>\n","protected":false},"author":1,"featured_media":182403,"comment_status":"closed","ping_status":"open","sticky":false,"template":"","format":"standard","meta":{"_monsterinsights_skip_tracking":false,"_monsterinsights_sitenote_active":false,"_monsterinsights_sitenote_note":"","_monsterinsights_sitenote_category":0,"jetpack_post_was_ever_published":false,"_jetpack_newsletter_access":"","_jetpack_dont_email_post_to_subs":false,"_jetpack_newsletter_tier_id":0,"_jetpack_memberships_contains_paywalled_content":false,"_jetpack_memberships_contains_paid_content":false,"footnotes":"","jetpack_publicize_message":"","jetpack_publicize_feature_enabled":true,"jetpack_social_post_already_shared":true,"jetpack_social_options":{"image_generator_settings":{"template":"highway","default_image_id":0,"font":"","enabled":false},"version":2},"_wpas_customize_per_network":false},"categories":[5501],"tags":[15911,18056,86,802],"class_list":["post-182402","post","type-post","status-publish","format-standard","has-post-thumbnail","hentry","category-region","tag-general-rodriguez-2","tag-leo-boto","tag-lujan","tag-seguridad","generate-columns","tablet-grid-50","mobile-grid-100","grid-parent","grid-50"],"jetpack_publicize_connections":[],"jetpack_featured_media_url":"https:\/\/www.hoymercedes.com.ar\/principal\/wp-content\/uploads\/2025\/02\/Rodriguez-Lujan-Seguridad.jpg","wps_subtitle":"Regionales","jetpack_sharing_enabled":true,"_links":{"self":[{"href":"https:\/\/www.hoymercedes.com.ar\/principal\/wp-json\/wp\/v2\/posts\/182402","targetHints":{"allow":["GET"]}}],"collection":[{"href":"https:\/\/www.hoymercedes.com.ar\/principal\/wp-json\/wp\/v2\/posts"}],"about":[{"href":"https:\/\/www.hoymercedes.com.ar\/principal\/wp-json\/wp\/v2\/types\/post"}],"author":[{"embeddable":true,"href":"https:\/\/www.hoymercedes.com.ar\/principal\/wp-json\/wp\/v2\/users\/1"}],"replies":[{"embeddable":true,"href":"https:\/\/www.hoymercedes.com.ar\/principal\/wp-json\/wp\/v2\/comments?post=182402"}],"version-history":[{"count":2,"href":"https:\/\/www.hoymercedes.com.ar\/principal\/wp-json\/wp\/v2\/posts\/182402\/revisions"}],"predecessor-version":[{"id":182405,"href":"https:\/\/www.hoymercedes.com.ar\/principal\/wp-json\/wp\/v2\/posts\/182402\/revisions\/182405"}],"wp:featuredmedia":[{"embeddable":true,"href":"https:\/\/www.hoymercedes.com.ar\/principal\/wp-json\/wp\/v2\/media\/182403"}],"wp:attachment":[{"href":"https:\/\/www.hoymercedes.com.ar\/principal\/wp-json\/wp\/v2\/media?parent=182402"}],"wp:term":[{"taxonomy":"category","embeddable":true,"href":"https:\/\/www.hoymercedes.com.ar\/principal\/wp-json\/wp\/v2\/categories?post=182402"},{"taxonomy":"post_tag","embeddable":true,"href":"https:\/\/www.hoymercedes.com.ar\/principal\/wp-json\/wp\/v2\/tags?post=182402"}],"curies":[{"name":"wp","href":"https:\/\/api.w.org\/{rel}","templated":true}]}}