{"id":182453,"date":"2025-02-10T14:44:44","date_gmt":"2025-02-10T17:44:44","guid":{"rendered":"https:\/\/www.hoymercedes.com.ar\/principal\/?p=182453"},"modified":"2025-02-10T14:44:45","modified_gmt":"2025-02-10T17:44:45","slug":"mercedes-sede-regional-de-encuentro-de-softbol","status":"publish","type":"post","link":"https:\/\/www.hoymercedes.com.ar\/principal\/2025\/02\/10\/mercedes-sede-regional-de-encuentro-de-softbol\/","title":{"rendered":"Mercedes sede regional de encuentro de Softbol"},"content":{"rendered":"\n<figure class=\"wp-block-image size-large\"><img loading=\"lazy\" decoding=\"async\" width=\"1024\" height=\"717\" data-attachment-id=\"182454\" data-permalink=\"https:\/\/www.hoymercedes.com.ar\/principal\/2025\/02\/10\/mercedes-sede-regional-de-encuentro-de-softbol\/softbol-4\/#main\" data-orig-file=\"https:\/\/www.hoymercedes.com.ar\/principal\/wp-content\/uploads\/2025\/02\/Softbol-4.jpg\" data-orig-size=\"1255,879\" data-comments-opened=\"0\" data-image-meta=\"{&quot;aperture&quot;:&quot;0&quot;,&quot;credit&quot;:&quot;&quot;,&quot;camera&quot;:&quot;&quot;,&quot;caption&quot;:&quot;&quot;,&quot;created_timestamp&quot;:&quot;0&quot;,&quot;copyright&quot;:&quot;&quot;,&quot;focal_length&quot;:&quot;0&quot;,&quot;iso&quot;:&quot;0&quot;,&quot;shutter_speed&quot;:&quot;0&quot;,&quot;title&quot;:&quot;&quot;,&quot;orientation&quot;:&quot;0&quot;}\" data-image-title=\"Softbol-4\" data-image-description=\"\" data-image-caption=\"\" data-large-file=\"https:\/\/www.hoymercedes.com.ar\/principal\/wp-content\/uploads\/2025\/02\/Softbol-4-1024x717.jpg\" src=\"https:\/\/www.hoymercedes.com.ar\/principal\/wp-content\/uploads\/2025\/02\/Softbol-4-1024x717.jpg\" alt=\"\" class=\"wp-image-182454\" srcset=\"https:\/\/www.hoymercedes.com.ar\/principal\/wp-content\/uploads\/2025\/02\/Softbol-4-1024x717.jpg 1024w, https:\/\/www.hoymercedes.com.ar\/principal\/wp-content\/uploads\/2025\/02\/Softbol-4-630x441.jpg 630w, https:\/\/www.hoymercedes.com.ar\/principal\/wp-content\/uploads\/2025\/02\/Softbol-4-150x105.jpg 150w, https:\/\/www.hoymercedes.com.ar\/principal\/wp-content\/uploads\/2025\/02\/Softbol-4-120x85.jpg 120w, https:\/\/www.hoymercedes.com.ar\/principal\/wp-content\/uploads\/2025\/02\/Softbol-4.jpg 1255w\" sizes=\"auto, (max-width: 1024px) 100vw, 1024px\" \/><\/figure>\n\n\n\n<p>En la cancha construida en el Mart\u00edn Rodr\u00edguez contin\u00faa desarroll\u00e1ndose este deporte que cuenta con la \u00fanica estructura en toda la regi\u00f3n y una de las pocas en la provincia para desplegar esta disciplina que, adem\u00e1s, posee el fuerte impuso de la \u201cAsociaci\u00f3n Mercedina de Softbol\u201d y la Direcci\u00f3n de Deportes.<\/p>\n\n\n\n<p><strong>Mariana San Mart\u00edn<\/strong>, intendenta interina, estuvo presente en las competencias y aprovecho para \u201cfelicitamos a la Asociaci\u00f3n, a los profes, a cada jugador y jugadora, sin duda hacen un gran esfuerzo y compromiso por este deporte, esta disciplina que, como tantas otras, viene creciendo y encuentra en la Municipalidad un espacio de apoyo y acompa\u00f1amiento\u201d sostuvo.<\/p>\n\n\n\n<p>Y remarc\u00f3 \u201clas familias, los profesores, sin duda son un pilar fundamental, de unidad y comunidad, y una referencia, por eso es constante la visita de equipos de toda la provincia\u201d narr\u00f3.<\/p>\n\n\n\n<figure class=\"wp-block-image size-large\"><img loading=\"lazy\" decoding=\"async\" width=\"1024\" height=\"717\" data-attachment-id=\"182455\" data-permalink=\"https:\/\/www.hoymercedes.com.ar\/principal\/2025\/02\/10\/mercedes-sede-regional-de-encuentro-de-softbol\/softbol-1-2\/#main\" data-orig-file=\"https:\/\/www.hoymercedes.com.ar\/principal\/wp-content\/uploads\/2025\/02\/Softbol-1.jpg\" data-orig-size=\"1255,879\" data-comments-opened=\"0\" data-image-meta=\"{&quot;aperture&quot;:&quot;0&quot;,&quot;credit&quot;:&quot;&quot;,&quot;camera&quot;:&quot;&quot;,&quot;caption&quot;:&quot;&quot;,&quot;created_timestamp&quot;:&quot;0&quot;,&quot;copyright&quot;:&quot;&quot;,&quot;focal_length&quot;:&quot;0&quot;,&quot;iso&quot;:&quot;0&quot;,&quot;shutter_speed&quot;:&quot;0&quot;,&quot;title&quot;:&quot;&quot;,&quot;orientation&quot;:&quot;0&quot;}\" data-image-title=\"Softbol-1\" data-image-description=\"&lt;p&gt;Mercedes sede regional de encuentro de Softbol&lt;\/p&gt;\n\" data-image-caption=\"&lt;p&gt;Mercedes sede regional de encuentro de Softbol&lt;\/p&gt;\n\" data-large-file=\"https:\/\/www.hoymercedes.com.ar\/principal\/wp-content\/uploads\/2025\/02\/Softbol-1-1024x717.jpg\" src=\"https:\/\/www.hoymercedes.com.ar\/principal\/wp-content\/uploads\/2025\/02\/Softbol-1-1024x717.jpg\" alt=\"\" class=\"wp-image-182455\" srcset=\"https:\/\/www.hoymercedes.com.ar\/principal\/wp-content\/uploads\/2025\/02\/Softbol-1-1024x717.jpg 1024w, https:\/\/www.hoymercedes.com.ar\/principal\/wp-content\/uploads\/2025\/02\/Softbol-1-630x441.jpg 630w, https:\/\/www.hoymercedes.com.ar\/principal\/wp-content\/uploads\/2025\/02\/Softbol-1-150x105.jpg 150w, https:\/\/www.hoymercedes.com.ar\/principal\/wp-content\/uploads\/2025\/02\/Softbol-1-120x85.jpg 120w, https:\/\/www.hoymercedes.com.ar\/principal\/wp-content\/uploads\/2025\/02\/Softbol-1.jpg 1255w\" sizes=\"auto, (max-width: 1024px) 100vw, 1024px\" \/><\/figure>\n\n\n\n<p>Las y los profes del proyecto son Candela Arroyo, Cesar Avalos, Javier Chiachiarini y Sol Silva.<\/p>\n\n\n\n<p>La cancha vale recordar fue inaugurada tiempo atr\u00e1s por el <strong>intendente Ustarroz<\/strong> y adem\u00e1s de ser la primera en la ciudad y una referencia en la regi\u00f3n.<\/p>\n\n\n\n<p>Entre los partidos, se dieron los siguientes resultados, en una jornada que arranc\u00f3 antes del mediod\u00eda y termin\u00f3 en horas de la tarde. City Bell 7-0 Mercedes, City Bell 6-4 Campana, Los Tarros 8-1 Campana y Los Tarros 6-5 Mercedes fueron los resultados finales.<\/p>\n\n\n\n<figure class=\"wp-block-image size-large\"><img loading=\"lazy\" decoding=\"async\" width=\"1024\" height=\"717\" data-attachment-id=\"182457\" data-permalink=\"https:\/\/www.hoymercedes.com.ar\/principal\/2025\/02\/10\/mercedes-sede-regional-de-encuentro-de-softbol\/softbol-2\/#main\" data-orig-file=\"https:\/\/www.hoymercedes.com.ar\/principal\/wp-content\/uploads\/2025\/02\/Softbol-2.jpg\" data-orig-size=\"1255,879\" data-comments-opened=\"0\" data-image-meta=\"{&quot;aperture&quot;:&quot;0&quot;,&quot;credit&quot;:&quot;&quot;,&quot;camera&quot;:&quot;&quot;,&quot;caption&quot;:&quot;&quot;,&quot;created_timestamp&quot;:&quot;0&quot;,&quot;copyright&quot;:&quot;&quot;,&quot;focal_length&quot;:&quot;0&quot;,&quot;iso&quot;:&quot;0&quot;,&quot;shutter_speed&quot;:&quot;0&quot;,&quot;title&quot;:&quot;&quot;,&quot;orientation&quot;:&quot;0&quot;}\" data-image-title=\"Softbol-2\" data-image-description=\"&lt;p&gt;Mercedes sede regional de encuentro de Softbol&lt;\/p&gt;\n\" data-image-caption=\"&lt;p&gt;Mercedes sede regional de encuentro de Softbol&lt;\/p&gt;\n\" data-large-file=\"https:\/\/www.hoymercedes.com.ar\/principal\/wp-content\/uploads\/2025\/02\/Softbol-2-1024x717.jpg\" src=\"https:\/\/www.hoymercedes.com.ar\/principal\/wp-content\/uploads\/2025\/02\/Softbol-2-1024x717.jpg\" alt=\"\" class=\"wp-image-182457\" srcset=\"https:\/\/www.hoymercedes.com.ar\/principal\/wp-content\/uploads\/2025\/02\/Softbol-2-1024x717.jpg 1024w, https:\/\/www.hoymercedes.com.ar\/principal\/wp-content\/uploads\/2025\/02\/Softbol-2-630x441.jpg 630w, https:\/\/www.hoymercedes.com.ar\/principal\/wp-content\/uploads\/2025\/02\/Softbol-2-150x105.jpg 150w, https:\/\/www.hoymercedes.com.ar\/principal\/wp-content\/uploads\/2025\/02\/Softbol-2-120x85.jpg 120w, https:\/\/www.hoymercedes.com.ar\/principal\/wp-content\/uploads\/2025\/02\/Softbol-2.jpg 1255w\" sizes=\"auto, (max-width: 1024px) 100vw, 1024px\" \/><\/figure>\n\n\n\n<p>El pr\u00f3ximo fin de semana se llevar\u00e1 a cabo una nueva jornada que estaba planificada para este domingo y se pospuso para no estropear la cancha dada la lluvia de la madrugada.<\/p>\n","protected":false},"excerpt":{"rendered":"<p>En la cancha construida en el Mart\u00edn Rodr\u00edguez contin\u00faa desarroll\u00e1ndose este deporte que cuenta con la \u00fanica estructura en toda &#8230; <a title=\"Mercedes sede regional de encuentro de Softbol\" class=\"read-more\" href=\"https:\/\/www.hoymercedes.com.ar\/principal\/2025\/02\/10\/mercedes-sede-regional-de-encuentro-de-softbol\/\" aria-label=\"Leer m\u00e1s sobre Mercedes sede regional de encuentro de Softbol\">Leer m\u00e1s<\/a><\/p>\n","protected":false},"author":1,"featured_media":182457,"comment_status":"closed","ping_status":"open","sticky":false,"template":"","format":"standard","meta":{"_monsterinsights_skip_tracking":false,"_monsterinsights_sitenote_active":false,"_monsterinsights_sitenote_note":"","_monsterinsights_sitenote_category":0,"jetpack_post_was_ever_published":false,"_jetpack_newsletter_access":"","_jetpack_dont_email_post_to_subs":false,"_jetpack_newsletter_tier_id":0,"_jetpack_memberships_contains_paywalled_content":false,"_jetpack_memberships_contains_paid_content":false,"footnotes":"","jetpack_publicize_message":"","jetpack_publicize_feature_enabled":true,"jetpack_social_post_already_shared":true,"jetpack_social_options":{"image_generator_settings":{"template":"highway","default_image_id":0,"font":"","enabled":false},"version":2},"_wpas_customize_per_network":false},"categories":[21],"tags":[20241,11296],"class_list":["post-182453","post","type-post","status-publish","format-standard","has-post-thumbnail","hentry","category-deportes","tag-softbol-mercedes","tag-softbol-escuela-municipal","generate-columns","tablet-grid-50","mobile-grid-100","grid-parent","grid-50"],"jetpack_publicize_connections":[],"jetpack_featured_media_url":"https:\/\/www.hoymercedes.com.ar\/principal\/wp-content\/uploads\/2025\/02\/Softbol-2.jpg","wps_subtitle":"Nuevas disciplinas en la regi\u00f3n","jetpack_sharing_enabled":true,"_links":{"self":[{"href":"https:\/\/www.hoymercedes.com.ar\/principal\/wp-json\/wp\/v2\/posts\/182453","targetHints":{"allow":["GET"]}}],"collection":[{"href":"https:\/\/www.hoymercedes.com.ar\/principal\/wp-json\/wp\/v2\/posts"}],"about":[{"href":"https:\/\/www.hoymercedes.com.ar\/principal\/wp-json\/wp\/v2\/types\/post"}],"author":[{"embeddable":true,"href":"https:\/\/www.hoymercedes.com.ar\/principal\/wp-json\/wp\/v2\/users\/1"}],"replies":[{"embeddable":true,"href":"https:\/\/www.hoymercedes.com.ar\/principal\/wp-json\/wp\/v2\/comments?post=182453"}],"version-history":[{"count":2,"href":"https:\/\/www.hoymercedes.com.ar\/principal\/wp-json\/wp\/v2\/posts\/182453\/revisions"}],"predecessor-version":[{"id":182459,"href":"https:\/\/www.hoymercedes.com.ar\/principal\/wp-json\/wp\/v2\/posts\/182453\/revisions\/182459"}],"wp:featuredmedia":[{"embeddable":true,"href":"https:\/\/www.hoymercedes.com.ar\/principal\/wp-json\/wp\/v2\/media\/182457"}],"wp:attachment":[{"href":"https:\/\/www.hoymercedes.com.ar\/principal\/wp-json\/wp\/v2\/media?parent=182453"}],"wp:term":[{"taxonomy":"category","embeddable":true,"href":"https:\/\/www.hoymercedes.com.ar\/principal\/wp-json\/wp\/v2\/categories?post=182453"},{"taxonomy":"post_tag","embeddable":true,"href":"https:\/\/www.hoymercedes.com.ar\/principal\/wp-json\/wp\/v2\/tags?post=182453"}],"curies":[{"name":"wp","href":"https:\/\/api.w.org\/{rel}","templated":true}]}}