{"id":182486,"date":"2025-02-11T21:33:47","date_gmt":"2025-02-12T00:33:47","guid":{"rendered":"https:\/\/www.hoymercedes.com.ar\/principal\/?p=182486"},"modified":"2025-02-11T21:33:49","modified_gmt":"2025-02-12T00:33:49","slug":"los-judiciales-van-a-asamblea-por-temas-salariales","status":"publish","type":"post","link":"https:\/\/www.hoymercedes.com.ar\/principal\/2025\/02\/11\/los-judiciales-van-a-asamblea-por-temas-salariales\/","title":{"rendered":"Los judiciales van a asamblea por temas salariales"},"content":{"rendered":"\n<figure class=\"wp-block-image size-full is-resized\"><img loading=\"lazy\" decoding=\"async\" width=\"512\" height=\"334\" data-attachment-id=\"182487\" data-permalink=\"https:\/\/www.hoymercedes.com.ar\/principal\/2025\/02\/11\/los-judiciales-van-a-asamblea-por-temas-salariales\/asamblea-ajb-02-2025\/#main\" data-orig-file=\"https:\/\/www.hoymercedes.com.ar\/principal\/wp-content\/uploads\/2025\/02\/Asamblea-AJB-02.2025.jpg\" data-orig-size=\"512,334\" data-comments-opened=\"0\" data-image-meta=\"{&quot;aperture&quot;:&quot;0&quot;,&quot;credit&quot;:&quot;&quot;,&quot;camera&quot;:&quot;&quot;,&quot;caption&quot;:&quot;&quot;,&quot;created_timestamp&quot;:&quot;0&quot;,&quot;copyright&quot;:&quot;&quot;,&quot;focal_length&quot;:&quot;0&quot;,&quot;iso&quot;:&quot;0&quot;,&quot;shutter_speed&quot;:&quot;0&quot;,&quot;title&quot;:&quot;&quot;,&quot;orientation&quot;:&quot;0&quot;}\" data-image-title=\"Asamblea-AJB-02.2025\" data-image-description=\"&lt;p&gt;Asamblea Judiciales Mercedes &amp;#8211; AJB&lt;\/p&gt;\n\" data-image-caption=\"&lt;p&gt;Asamblea Judiciales Mercedes &amp;#8211; AJB&lt;\/p&gt;\n\" data-large-file=\"https:\/\/www.hoymercedes.com.ar\/principal\/wp-content\/uploads\/2025\/02\/Asamblea-AJB-02.2025.jpg\" src=\"https:\/\/www.hoymercedes.com.ar\/principal\/wp-content\/uploads\/2025\/02\/Asamblea-AJB-02.2025.jpg\" alt=\"\" class=\"wp-image-182487\" style=\"width:960px;height:auto\" srcset=\"https:\/\/www.hoymercedes.com.ar\/principal\/wp-content\/uploads\/2025\/02\/Asamblea-AJB-02.2025.jpg 512w, https:\/\/www.hoymercedes.com.ar\/principal\/wp-content\/uploads\/2025\/02\/Asamblea-AJB-02.2025-150x98.jpg 150w\" sizes=\"auto, (max-width: 512px) 100vw, 512px\" \/><\/figure>\n\n\n\n<p>Los judiciales de Mercedes nucleados en la Asociaci\u00f3n Judicial Bonaerense convocan a asamblea de trabajadores de la justicia en el marco de los debates paritarios con la Provincia de Buenos Aires.<\/p>\n\n\n\n<p>La acci\u00f3n se llevar\u00e1 a cabo en el Palacio central de calle 26 y 27.<\/p>\n\n\n\n<p>El encuentro se prev\u00e9 sea a las 10hs en el pasillo principal. En sus redes expresaron:<\/p>\n\n\n\n<p><strong><img loading=\"lazy\" decoding=\"async\" height=\"16\" width=\"16\" src=\"https:\/\/static.xx.fbcdn.net\/images\/emoji.php\/v9\/t39\/1\/16\/1f4e2.png\" alt=\"\ud83d\udce2\"> Ma\u00f1ana, ASAMBLEA GENERAL <img loading=\"lazy\" decoding=\"async\" height=\"16\" width=\"16\" src=\"https:\/\/static.xx.fbcdn.net\/images\/emoji.php\/v9\/t39\/1\/16\/1f4e2.png\" alt=\"\ud83d\udce2\"><\/strong><\/p>\n\n\n\n<p><img loading=\"lazy\" decoding=\"async\" height=\"16\" width=\"16\" alt=\"\ud83d\uddd3\" src=\"https:\/\/static.xx.fbcdn.net\/images\/emoji.php\/v9\/t5c\/1\/16\/1f5d3.png\"> Mi\u00e9rcoles 12 de febrero<\/p>\n\n\n\n<p><img loading=\"lazy\" decoding=\"async\" height=\"16\" width=\"16\" alt=\"\ud83d\udd59\" src=\"https:\/\/static.xx.fbcdn.net\/images\/emoji.php\/v9\/t31\/1\/16\/1f559.png\"><a><\/a>10 hs &#8211; Puntual<\/p>\n\n\n\n<p><img loading=\"lazy\" decoding=\"async\" height=\"16\" width=\"16\" alt=\"\ud83d\udccd\" src=\"https:\/\/static.xx.fbcdn.net\/images\/emoji.php\/v9\/t2d\/1\/16\/1f4cd.png\"> Palacio de Tribunales (26 y 27)<\/p>\n\n\n\n<p>Las y los judiciales nos reunimos para tratar la propuesta salarial del Gobierno en el marco de la paritaria 2025.<\/p>\n\n\n\n<p><img loading=\"lazy\" decoding=\"async\" height=\"16\" width=\"16\" alt=\"\ud83d\udd39\" src=\"https:\/\/static.xx.fbcdn.net\/images\/emoji.php\/v9\/tf3\/1\/16\/1f539.png\"> Propuesta de aumento salarial:<\/p>\n\n\n\n<p><img loading=\"lazy\" decoding=\"async\" height=\"16\" width=\"16\" alt=\"\u2714\" src=\"https:\/\/static.xx.fbcdn.net\/images\/emoji.php\/v9\/t51\/1\/16\/2714.png\"> 9% de incremento, tomando como base los sueldos de enero 2025.<\/p>\n\n\n\n<p><img loading=\"lazy\" decoding=\"async\" height=\"16\" width=\"16\" alt=\"\u2714\" src=\"https:\/\/static.xx.fbcdn.net\/images\/emoji.php\/v9\/t51\/1\/16\/2714.png\"> Pago en dos cuotas:<\/p>\n\n\n\n<p><img loading=\"lazy\" decoding=\"async\" height=\"16\" width=\"16\" alt=\"\ud83d\udd39\" src=\"https:\/\/static.xx.fbcdn.net\/images\/emoji.php\/v9\/tf3\/1\/16\/1f539.png\"> 7% con los sueldos de febrero.<\/p>\n\n\n\n<p><img loading=\"lazy\" decoding=\"async\" height=\"16\" width=\"16\" alt=\"\ud83d\udd39\" src=\"https:\/\/static.xx.fbcdn.net\/images\/emoji.php\/v9\/tf3\/1\/16\/1f539.png\"> 2% con los sueldos de marzo.<\/p>\n\n\n\n<p><img loading=\"lazy\" decoding=\"async\" height=\"16\" width=\"16\" alt=\"\u2714\" src=\"https:\/\/static.xx.fbcdn.net\/images\/emoji.php\/v9\/t51\/1\/16\/2714.png\"> Cl\u00e1usulas de revisi\u00f3n:<\/p>\n\n\n\n<p><img loading=\"lazy\" decoding=\"async\" height=\"16\" width=\"16\" alt=\"\ud83d\udd38\" src=\"https:\/\/static.xx.fbcdn.net\/images\/emoji.php\/v9\/t72\/1\/16\/1f538.png\"> Monitoreo de inflaci\u00f3n en marzo.<\/p>\n\n\n\n<p><img loading=\"lazy\" decoding=\"async\" height=\"16\" width=\"16\" alt=\"\ud83d\udd38\" src=\"https:\/\/static.xx.fbcdn.net\/images\/emoji.php\/v9\/t72\/1\/16\/1f538.png\"> Reapertura de la paritaria en abril.<\/p>\n\n\n\n<p><img loading=\"lazy\" decoding=\"async\" height=\"16\" width=\"16\" alt=\"\ud83d\udd39\" src=\"https:\/\/static.xx.fbcdn.net\/images\/emoji.php\/v9\/tf3\/1\/16\/1f539.png\"> 25 de marzo: Mesa T\u00e9cnica por categor\u00edas m\u00e1s bajas<\/p>\n\n\n\n<p><img loading=\"lazy\" decoding=\"async\" height=\"16\" width=\"16\" alt=\"\ud83d\udccc\" src=\"https:\/\/static.xx.fbcdn.net\/images\/emoji.php\/v9\/tac\/1\/16\/1f4cc.png\"> A pedido del gremio, se defini\u00f3 una Mesa T\u00e9cnica con los Ministerios de Econom\u00eda, Justicia y Trabajo, la Suprema Corte y la AJB para evaluar un mecanismo de fortalecimiento especial para las categor\u00edas m\u00e1s bajas.<\/p>\n\n\n\n<p><img loading=\"lazy\" decoding=\"async\" height=\"16\" width=\"16\" alt=\"\ud83d\udccc\" src=\"https:\/\/static.xx.fbcdn.net\/images\/emoji.php\/v9\/tac\/1\/16\/1f4cc.png\"> Adem\u00e1s, se reiter\u00f3 el pedido de extensi\u00f3n del Acuerdo 4093 para jubilados\/as y pensionados\/as.<\/p>\n\n\n\n<p><img loading=\"lazy\" decoding=\"async\" height=\"16\" width=\"16\" alt=\"\ud83d\udcac\" src=\"https:\/\/static.xx.fbcdn.net\/images\/emoji.php\/v9\/t6e\/1\/16\/1f4ac.png\"> Tu participaci\u00f3n es clave. \u00a1Nos vemos en la asamblea!<\/p>\n","protected":false},"excerpt":{"rendered":"<p>Los judiciales de Mercedes nucleados en la Asociaci\u00f3n Judicial Bonaerense convocan a asamblea de trabajadores de la justicia en el &#8230; <a title=\"Los judiciales van a asamblea por temas salariales\" class=\"read-more\" href=\"https:\/\/www.hoymercedes.com.ar\/principal\/2025\/02\/11\/los-judiciales-van-a-asamblea-por-temas-salariales\/\" aria-label=\"Leer m\u00e1s sobre Los judiciales van a asamblea por temas salariales\">Leer m\u00e1s<\/a><\/p>\n","protected":false},"author":1,"featured_media":182487,"comment_status":"closed","ping_status":"open","sticky":false,"template":"","format":"standard","meta":{"_monsterinsights_skip_tracking":false,"_monsterinsights_sitenote_active":false,"_monsterinsights_sitenote_note":"","_monsterinsights_sitenote_category":0,"jetpack_post_was_ever_published":false,"_jetpack_newsletter_access":"","_jetpack_dont_email_post_to_subs":false,"_jetpack_newsletter_tier_id":0,"_jetpack_memberships_contains_paywalled_content":false,"_jetpack_memberships_contains_paid_content":false,"footnotes":"","jetpack_publicize_message":"","jetpack_publicize_feature_enabled":true,"jetpack_social_post_already_shared":true,"jetpack_social_options":{"image_generator_settings":{"template":"highway","default_image_id":0,"font":"","enabled":false},"version":2},"_wpas_customize_per_network":false},"categories":[8],"tags":[95,292,20245],"class_list":["post-182486","post","type-post","status-publish","format-standard","has-post-thumbnail","hentry","category-sociedad","tag-ajb","tag-ajb-mercedes","tag-asociacion-judiciales-bonaerense","generate-columns","tablet-grid-50","mobile-grid-100","grid-parent","grid-50"],"jetpack_publicize_connections":[],"jetpack_featured_media_url":"https:\/\/www.hoymercedes.com.ar\/principal\/wp-content\/uploads\/2025\/02\/Asamblea-AJB-02.2025.jpg","wps_subtitle":"Trabajadores","jetpack_sharing_enabled":true,"_links":{"self":[{"href":"https:\/\/www.hoymercedes.com.ar\/principal\/wp-json\/wp\/v2\/posts\/182486","targetHints":{"allow":["GET"]}}],"collection":[{"href":"https:\/\/www.hoymercedes.com.ar\/principal\/wp-json\/wp\/v2\/posts"}],"about":[{"href":"https:\/\/www.hoymercedes.com.ar\/principal\/wp-json\/wp\/v2\/types\/post"}],"author":[{"embeddable":true,"href":"https:\/\/www.hoymercedes.com.ar\/principal\/wp-json\/wp\/v2\/users\/1"}],"replies":[{"embeddable":true,"href":"https:\/\/www.hoymercedes.com.ar\/principal\/wp-json\/wp\/v2\/comments?post=182486"}],"version-history":[{"count":2,"href":"https:\/\/www.hoymercedes.com.ar\/principal\/wp-json\/wp\/v2\/posts\/182486\/revisions"}],"predecessor-version":[{"id":182489,"href":"https:\/\/www.hoymercedes.com.ar\/principal\/wp-json\/wp\/v2\/posts\/182486\/revisions\/182489"}],"wp:featuredmedia":[{"embeddable":true,"href":"https:\/\/www.hoymercedes.com.ar\/principal\/wp-json\/wp\/v2\/media\/182487"}],"wp:attachment":[{"href":"https:\/\/www.hoymercedes.com.ar\/principal\/wp-json\/wp\/v2\/media?parent=182486"}],"wp:term":[{"taxonomy":"category","embeddable":true,"href":"https:\/\/www.hoymercedes.com.ar\/principal\/wp-json\/wp\/v2\/categories?post=182486"},{"taxonomy":"post_tag","embeddable":true,"href":"https:\/\/www.hoymercedes.com.ar\/principal\/wp-json\/wp\/v2\/tags?post=182486"}],"curies":[{"name":"wp","href":"https:\/\/api.w.org\/{rel}","templated":true}]}}