{"id":182512,"date":"2025-02-12T22:41:12","date_gmt":"2025-02-13T01:41:12","guid":{"rendered":"https:\/\/www.hoymercedes.com.ar\/principal\/?p=182512"},"modified":"2025-02-12T22:41:15","modified_gmt":"2025-02-13T01:41:15","slug":"judiciales-aceptaron-oferta-de-mejora-salarial","status":"publish","type":"post","link":"https:\/\/www.hoymercedes.com.ar\/principal\/2025\/02\/12\/judiciales-aceptaron-oferta-de-mejora-salarial\/","title":{"rendered":"Judiciales aceptaron oferta de mejora salarial"},"content":{"rendered":"\n<figure class=\"wp-block-image size-full is-resized\"><img loading=\"lazy\" decoding=\"async\" width=\"512\" height=\"314\" data-attachment-id=\"182513\" data-permalink=\"https:\/\/www.hoymercedes.com.ar\/principal\/2025\/02\/12\/judiciales-aceptaron-oferta-de-mejora-salarial\/476829555_122137010732526732_6112038657026246687_n\/#main\" data-orig-file=\"https:\/\/www.hoymercedes.com.ar\/principal\/wp-content\/uploads\/2025\/02\/476829555_122137010732526732_6112038657026246687_n.jpg\" data-orig-size=\"512,314\" data-comments-opened=\"0\" data-image-meta=\"{&quot;aperture&quot;:&quot;0&quot;,&quot;credit&quot;:&quot;&quot;,&quot;camera&quot;:&quot;&quot;,&quot;caption&quot;:&quot;&quot;,&quot;created_timestamp&quot;:&quot;0&quot;,&quot;copyright&quot;:&quot;&quot;,&quot;focal_length&quot;:&quot;0&quot;,&quot;iso&quot;:&quot;0&quot;,&quot;shutter_speed&quot;:&quot;0&quot;,&quot;title&quot;:&quot;&quot;,&quot;orientation&quot;:&quot;0&quot;}\" data-image-title=\"Judiciales aceptaron oferta de mejora salarial\" data-image-description=\"&lt;p&gt;Judiciales aceptaron oferta de mejora salarial&lt;\/p&gt;\n\" data-image-caption=\"&lt;p&gt;Judiciales aceptaron oferta de mejora salarial&lt;\/p&gt;\n\" data-large-file=\"https:\/\/www.hoymercedes.com.ar\/principal\/wp-content\/uploads\/2025\/02\/476829555_122137010732526732_6112038657026246687_n.jpg\" src=\"https:\/\/www.hoymercedes.com.ar\/principal\/wp-content\/uploads\/2025\/02\/476829555_122137010732526732_6112038657026246687_n.jpg\" alt=\"\" class=\"wp-image-182513\" style=\"width:960px;height:auto\" srcset=\"https:\/\/www.hoymercedes.com.ar\/principal\/wp-content\/uploads\/2025\/02\/476829555_122137010732526732_6112038657026246687_n.jpg 512w, https:\/\/www.hoymercedes.com.ar\/principal\/wp-content\/uploads\/2025\/02\/476829555_122137010732526732_6112038657026246687_n-150x92.jpg 150w\" sizes=\"auto, (max-width: 512px) 100vw, 512px\" \/><\/figure>\n\n\n\n<p>Tras la asamblea llevada adelante el en hall central del Palacio de Tribunales los trabajadores judiciales aceptaron la propuesta de aumento salarial emitido por la Provincia de Buenos Aires.<\/p>\n\n\n\n<p>En asamblea general, convocada por la Asociaci\u00f3n Judicial Bonaerense, se determin\u00f3 aceptar el 9% en esta primera elevaci\u00f3n de haberes en el inicio del a\u00f1o.<\/p>\n\n\n\n<p>Vale recordar que vienen de la feria de enero, donde no se trabaj\u00f3 en la Justicia.<\/p>\n\n\n\n<p>En su espacio de noticias en las redes desde AJB expresaron:<\/p>\n\n\n\n<p>En la Asamblea General realizada hoy en el Palacio de Tribunales, por amplia mayor\u00eda se acept\u00f3 la propuesta salarial presentada por el Gobierno en el marco de la paritaria 2025.<\/p>\n\n\n\n<p>\ud83d\udd39 Aumento salarial acordado:<\/p>\n\n\n\n<p>\u2714 9% de incremento, tomando como base los sueldos de enero 2025.<\/p>\n\n\n\n<p>\u2714 Pago en dos cuotas:<\/p>\n\n\n\n<p>\ud83d\udd39 7% con los sueldos de febrero.<\/p>\n\n\n\n<p>\ud83d\udd39 2% con los sueldos de marzo.<\/p>\n\n\n\n<p>\u2714 Cl\u00e1usulas de revisi\u00f3n:<\/p>\n\n\n\n<p>\ud83d\udd38 Monitoreo de inflaci\u00f3n en marzo.<\/p>\n\n\n\n<p>\ud83d\udd38 Reapertura de la paritaria en abril.<\/p>\n\n\n\n<p>\ud83d\udcac Seguimos en unidad y organizaci\u00f3n para defender nuestros derechos.<\/p>\n","protected":false},"excerpt":{"rendered":"<p>Tras la asamblea llevada adelante el en hall central del Palacio de Tribunales los trabajadores judiciales aceptaron la propuesta de &#8230; <a title=\"Judiciales aceptaron oferta de mejora salarial\" class=\"read-more\" href=\"https:\/\/www.hoymercedes.com.ar\/principal\/2025\/02\/12\/judiciales-aceptaron-oferta-de-mejora-salarial\/\" aria-label=\"Leer m\u00e1s sobre Judiciales aceptaron oferta de mejora salarial\">Leer m\u00e1s<\/a><\/p>\n","protected":false},"author":1,"featured_media":182513,"comment_status":"closed","ping_status":"open","sticky":false,"template":"","format":"standard","meta":{"_monsterinsights_skip_tracking":false,"_monsterinsights_sitenote_active":false,"_monsterinsights_sitenote_note":"","_monsterinsights_sitenote_category":0,"jetpack_post_was_ever_published":false,"_jetpack_newsletter_access":"","_jetpack_dont_email_post_to_subs":false,"_jetpack_newsletter_tier_id":0,"_jetpack_memberships_contains_paywalled_content":false,"_jetpack_memberships_contains_paid_content":false,"footnotes":"","jetpack_publicize_message":"","jetpack_publicize_feature_enabled":true,"jetpack_social_post_already_shared":true,"jetpack_social_options":{"image_generator_settings":{"template":"highway","default_image_id":0,"font":"","enabled":false},"version":2},"_wpas_customize_per_network":false},"categories":[8],"tags":[95,20248],"class_list":["post-182512","post","type-post","status-publish","format-standard","has-post-thumbnail","hentry","category-sociedad","tag-ajb","tag-asociacion-judicial-bonaerense-2","generate-columns","tablet-grid-50","mobile-grid-100","grid-parent","grid-50"],"jetpack_publicize_connections":[],"jetpack_featured_media_url":"https:\/\/www.hoymercedes.com.ar\/principal\/wp-content\/uploads\/2025\/02\/476829555_122137010732526732_6112038657026246687_n.jpg","wps_subtitle":"Paritarias ","jetpack_sharing_enabled":true,"_links":{"self":[{"href":"https:\/\/www.hoymercedes.com.ar\/principal\/wp-json\/wp\/v2\/posts\/182512","targetHints":{"allow":["GET"]}}],"collection":[{"href":"https:\/\/www.hoymercedes.com.ar\/principal\/wp-json\/wp\/v2\/posts"}],"about":[{"href":"https:\/\/www.hoymercedes.com.ar\/principal\/wp-json\/wp\/v2\/types\/post"}],"author":[{"embeddable":true,"href":"https:\/\/www.hoymercedes.com.ar\/principal\/wp-json\/wp\/v2\/users\/1"}],"replies":[{"embeddable":true,"href":"https:\/\/www.hoymercedes.com.ar\/principal\/wp-json\/wp\/v2\/comments?post=182512"}],"version-history":[{"count":2,"href":"https:\/\/www.hoymercedes.com.ar\/principal\/wp-json\/wp\/v2\/posts\/182512\/revisions"}],"predecessor-version":[{"id":182515,"href":"https:\/\/www.hoymercedes.com.ar\/principal\/wp-json\/wp\/v2\/posts\/182512\/revisions\/182515"}],"wp:featuredmedia":[{"embeddable":true,"href":"https:\/\/www.hoymercedes.com.ar\/principal\/wp-json\/wp\/v2\/media\/182513"}],"wp:attachment":[{"href":"https:\/\/www.hoymercedes.com.ar\/principal\/wp-json\/wp\/v2\/media?parent=182512"}],"wp:term":[{"taxonomy":"category","embeddable":true,"href":"https:\/\/www.hoymercedes.com.ar\/principal\/wp-json\/wp\/v2\/categories?post=182512"},{"taxonomy":"post_tag","embeddable":true,"href":"https:\/\/www.hoymercedes.com.ar\/principal\/wp-json\/wp\/v2\/tags?post=182512"}],"curies":[{"name":"wp","href":"https:\/\/api.w.org\/{rel}","templated":true}]}}