{"id":182524,"date":"2025-02-13T10:27:38","date_gmt":"2025-02-13T13:27:38","guid":{"rendered":"https:\/\/www.hoymercedes.com.ar\/principal\/?p=182524"},"modified":"2025-02-13T10:27:41","modified_gmt":"2025-02-13T13:27:41","slug":"fiesta-en-gowland-este-sabado-celebrando-su-137-aniversario","status":"publish","type":"post","link":"https:\/\/www.hoymercedes.com.ar\/principal\/2025\/02\/13\/fiesta-en-gowland-este-sabado-celebrando-su-137-aniversario\/","title":{"rendered":"Fiesta en Gowland este s\u00e1bado celebrando su 137 aniversario"},"content":{"rendered":"\n<figure class=\"wp-block-image size-full is-resized\"><img loading=\"lazy\" decoding=\"async\" width=\"921\" height=\"612\" data-attachment-id=\"182525\" data-permalink=\"https:\/\/www.hoymercedes.com.ar\/principal\/2025\/02\/13\/fiesta-en-gowland-este-sabado-celebrando-su-137-aniversario\/gowland-4\/#main\" data-orig-file=\"https:\/\/www.hoymercedes.com.ar\/principal\/wp-content\/uploads\/2025\/02\/Gowland.jpeg\" data-orig-size=\"921,612\" data-comments-opened=\"0\" data-image-meta=\"{&quot;aperture&quot;:&quot;0&quot;,&quot;credit&quot;:&quot;&quot;,&quot;camera&quot;:&quot;&quot;,&quot;caption&quot;:&quot;&quot;,&quot;created_timestamp&quot;:&quot;0&quot;,&quot;copyright&quot;:&quot;&quot;,&quot;focal_length&quot;:&quot;0&quot;,&quot;iso&quot;:&quot;0&quot;,&quot;shutter_speed&quot;:&quot;0&quot;,&quot;title&quot;:&quot;&quot;,&quot;orientation&quot;:&quot;0&quot;}\" data-image-title=\"Fiesta en Gowland este s\u00e1bado celebrando su 137 aniversario\" data-image-description=\"&lt;p&gt;Fiesta en Gowland este s\u00e1bado celebrando su 137 aniversario&lt;\/p&gt;\n\" data-image-caption=\"&lt;p&gt;Fiesta en Gowland este s\u00e1bado celebrando su 137 aniversario&lt;\/p&gt;\n\" data-large-file=\"https:\/\/www.hoymercedes.com.ar\/principal\/wp-content\/uploads\/2025\/02\/Gowland.jpeg\" src=\"https:\/\/www.hoymercedes.com.ar\/principal\/wp-content\/uploads\/2025\/02\/Gowland.jpeg\" alt=\"\" class=\"wp-image-182525\" style=\"width:960px;height:auto\" srcset=\"https:\/\/www.hoymercedes.com.ar\/principal\/wp-content\/uploads\/2025\/02\/Gowland.jpeg 921w, https:\/\/www.hoymercedes.com.ar\/principal\/wp-content\/uploads\/2025\/02\/Gowland-630x419.jpeg 630w, https:\/\/www.hoymercedes.com.ar\/principal\/wp-content\/uploads\/2025\/02\/Gowland-150x100.jpeg 150w, https:\/\/www.hoymercedes.com.ar\/principal\/wp-content\/uploads\/2025\/02\/Gowland-700x465.jpeg 700w\" sizes=\"auto, (max-width: 921px) 100vw, 921px\" \/><\/figure>\n\n\n\n<p>Este s\u00e1bado se llevar\u00e1 adelante la fiesta aniversario de Gowland: habr\u00e1 bicicleteada y fiesta con shows en vivo.<\/p>\n\n\n\n<p>Este s\u00e1bado desde las 18 comenzar\u00e1 la fiesta por el 137 aniversario de la localidad de Gowland. La sede ser\u00e1 el predio del ferrocarril en calles 508 y 509 y se podr\u00e1 disfrutar de shows en vivo, gastronom\u00eda, paseo de artesanos, servicio de cantina y adem\u00e1s la presencia de Estaci\u00f3n Juego.<\/p>\n\n\n\n<p>En esta edici\u00f3n adem\u00e1s se contar\u00e1 con la posibilidad de hacer bicicleteada recreativa. Est\u00e1 iniciar\u00e1 a las 18.30 desde la estaci\u00f3n y el trayecto ser\u00e1 hasta la Reserva del Arroyo Balta. Vale recordar que la actividad est\u00e1 planeada para mayores de 18 a\u00f1os.<\/p>\n\n\n\n<p>Ya en el predio el escenario dar\u00e1 inicio con los n\u00fameros musicales a partir de las 20 con las actuaciones de: Vero Michot, No fue nadie, Tana Grassi, Los Arismendi y Ballet amanecer de pueblo.<\/p>\n\n\n\n<p><\/p>\n","protected":false},"excerpt":{"rendered":"<p>Este s\u00e1bado se llevar\u00e1 adelante la fiesta aniversario de Gowland: habr\u00e1 bicicleteada y fiesta con shows en vivo. Este s\u00e1bado &#8230; <a title=\"Fiesta en Gowland este s\u00e1bado celebrando su 137 aniversario\" class=\"read-more\" href=\"https:\/\/www.hoymercedes.com.ar\/principal\/2025\/02\/13\/fiesta-en-gowland-este-sabado-celebrando-su-137-aniversario\/\" aria-label=\"Leer m\u00e1s sobre Fiesta en Gowland este s\u00e1bado celebrando su 137 aniversario\">Leer m\u00e1s<\/a><\/p>\n","protected":false},"author":1,"featured_media":182525,"comment_status":"closed","ping_status":"open","sticky":false,"template":"","format":"standard","meta":{"_monsterinsights_skip_tracking":false,"_monsterinsights_sitenote_active":false,"_monsterinsights_sitenote_note":"","_monsterinsights_sitenote_category":0,"jetpack_post_was_ever_published":false,"_jetpack_newsletter_access":"","_jetpack_dont_email_post_to_subs":false,"_jetpack_newsletter_tier_id":0,"_jetpack_memberships_contains_paywalled_content":false,"_jetpack_memberships_contains_paid_content":false,"footnotes":"","jetpack_publicize_message":"","jetpack_publicize_feature_enabled":true,"jetpack_social_post_already_shared":true,"jetpack_social_options":{"image_generator_settings":{"template":"highway","default_image_id":0,"font":"","enabled":false},"version":2},"_wpas_customize_per_network":false},"categories":[8],"tags":[20252,8495,20251],"class_list":["post-182524","post","type-post","status-publish","format-standard","has-post-thumbnail","hentry","category-sociedad","tag-137-anos-gowland","tag-aniversario-de-gowland","tag-fiesta-en-gowland","generate-columns","tablet-grid-50","mobile-grid-100","grid-parent","grid-50"],"jetpack_publicize_connections":[],"jetpack_featured_media_url":"https:\/\/www.hoymercedes.com.ar\/principal\/wp-content\/uploads\/2025\/02\/Gowland.jpeg","wps_subtitle":"Fiestas Populares","jetpack_sharing_enabled":true,"_links":{"self":[{"href":"https:\/\/www.hoymercedes.com.ar\/principal\/wp-json\/wp\/v2\/posts\/182524","targetHints":{"allow":["GET"]}}],"collection":[{"href":"https:\/\/www.hoymercedes.com.ar\/principal\/wp-json\/wp\/v2\/posts"}],"about":[{"href":"https:\/\/www.hoymercedes.com.ar\/principal\/wp-json\/wp\/v2\/types\/post"}],"author":[{"embeddable":true,"href":"https:\/\/www.hoymercedes.com.ar\/principal\/wp-json\/wp\/v2\/users\/1"}],"replies":[{"embeddable":true,"href":"https:\/\/www.hoymercedes.com.ar\/principal\/wp-json\/wp\/v2\/comments?post=182524"}],"version-history":[{"count":2,"href":"https:\/\/www.hoymercedes.com.ar\/principal\/wp-json\/wp\/v2\/posts\/182524\/revisions"}],"predecessor-version":[{"id":182527,"href":"https:\/\/www.hoymercedes.com.ar\/principal\/wp-json\/wp\/v2\/posts\/182524\/revisions\/182527"}],"wp:featuredmedia":[{"embeddable":true,"href":"https:\/\/www.hoymercedes.com.ar\/principal\/wp-json\/wp\/v2\/media\/182525"}],"wp:attachment":[{"href":"https:\/\/www.hoymercedes.com.ar\/principal\/wp-json\/wp\/v2\/media?parent=182524"}],"wp:term":[{"taxonomy":"category","embeddable":true,"href":"https:\/\/www.hoymercedes.com.ar\/principal\/wp-json\/wp\/v2\/categories?post=182524"},{"taxonomy":"post_tag","embeddable":true,"href":"https:\/\/www.hoymercedes.com.ar\/principal\/wp-json\/wp\/v2\/tags?post=182524"}],"curies":[{"name":"wp","href":"https:\/\/api.w.org\/{rel}","templated":true}]}}