{"id":182559,"date":"2025-02-15T15:12:55","date_gmt":"2025-02-15T18:12:55","guid":{"rendered":"https:\/\/www.hoymercedes.com.ar\/principal\/?p=182559"},"modified":"2025-02-15T15:13:15","modified_gmt":"2025-02-15T18:13:15","slug":"equipo-de-profesionales-de-la-salud-crean-mulen","status":"publish","type":"post","link":"https:\/\/www.hoymercedes.com.ar\/principal\/2025\/02\/15\/equipo-de-profesionales-de-la-salud-crean-mulen\/","title":{"rendered":"Equipo de profesionales de la salud crean M\u00fclen"},"content":{"rendered":"\n<p>M\u00fclen est\u00e1 integrado por un equipo de profesionales para brindar una preparaci\u00f3n integral para el nacimiento. El proyecto se inici\u00f3 el a\u00f1o pasado para lograr un acompa\u00f1amiento integral a las familias. <\/p>\n\n\n<div class=\"wp-block-image\">\n<figure class=\"aligncenter size-large\"><img loading=\"lazy\" decoding=\"async\" width=\"1024\" height=\"682\" data-attachment-id=\"182560\" data-permalink=\"https:\/\/www.hoymercedes.com.ar\/principal\/2025\/02\/15\/equipo-de-profesionales-de-la-salud-crean-mulen\/img-20250215-wa0004\/#main\" data-orig-file=\"https:\/\/www.hoymercedes.com.ar\/principal\/wp-content\/uploads\/2025\/02\/IMG-20250215-WA0004.jpg\" data-orig-size=\"1600,1066\" data-comments-opened=\"0\" data-image-meta=\"{&quot;aperture&quot;:&quot;0&quot;,&quot;credit&quot;:&quot;&quot;,&quot;camera&quot;:&quot;&quot;,&quot;caption&quot;:&quot;&quot;,&quot;created_timestamp&quot;:&quot;0&quot;,&quot;copyright&quot;:&quot;&quot;,&quot;focal_length&quot;:&quot;0&quot;,&quot;iso&quot;:&quot;0&quot;,&quot;shutter_speed&quot;:&quot;0&quot;,&quot;title&quot;:&quot;&quot;,&quot;orientation&quot;:&quot;0&quot;}\" data-image-title=\"IMG-20250215-WA0004\" data-image-description=\"\" data-image-caption=\"\" data-large-file=\"https:\/\/www.hoymercedes.com.ar\/principal\/wp-content\/uploads\/2025\/02\/IMG-20250215-WA0004-1024x682.jpg\" src=\"https:\/\/www.hoymercedes.com.ar\/principal\/wp-content\/uploads\/2025\/02\/IMG-20250215-WA0004-1024x682.jpg\" alt=\"\" class=\"wp-image-182560\" srcset=\"https:\/\/www.hoymercedes.com.ar\/principal\/wp-content\/uploads\/2025\/02\/IMG-20250215-WA0004-1024x682.jpg 1024w, https:\/\/www.hoymercedes.com.ar\/principal\/wp-content\/uploads\/2025\/02\/IMG-20250215-WA0004-630x420.jpg 630w, https:\/\/www.hoymercedes.com.ar\/principal\/wp-content\/uploads\/2025\/02\/IMG-20250215-WA0004-150x100.jpg 150w, https:\/\/www.hoymercedes.com.ar\/principal\/wp-content\/uploads\/2025\/02\/IMG-20250215-WA0004-1536x1023.jpg 1536w, https:\/\/www.hoymercedes.com.ar\/principal\/wp-content\/uploads\/2025\/02\/IMG-20250215-WA0004-700x465.jpg 700w, https:\/\/www.hoymercedes.com.ar\/principal\/wp-content\/uploads\/2025\/02\/IMG-20250215-WA0004.jpg 1600w\" sizes=\"auto, (max-width: 1024px) 100vw, 1024px\" \/><\/figure>\n<\/div>\n\n\n<p>Un equipo de profesionales de la ciudad, presentan un interesante proyecto, bajo el nombre de M\u00fclen. Se trata de un trabajo interdisciplinario para lograr un acompa\u00f1amiento integral a las familias; abordando cuestiones f\u00edsicas, psicol\u00f3gicas, emocionales y trabajo corporal para favorecer una experiencia positiva de gestaci\u00f3n, nacimiento y encuentro con el beb\u00e9. Brindar\u00e1n encuentros grupales con una mirada interdisciplinaria.<\/p>\n\n\n\n<p>El equipo de profesionales especializadas esta integrado por: Lic. en Obstetricia Lia Magiollo; M\u00e9dica Pediatra y Puericultora Paola Fischbach; Lic. en Psicolog\u00eda Lourdes Tassara; Lic. en Nutrici\u00f3n Ver\u00f3nica Estevena y Lic. En Kinesiolog\u00eda M.Paula Baggio.<\/p>\n\n\n\n<p>Desde M\u00fclen sostienen que la iniciativa surgi\u00f3 en el 2024, donde comenzaron a trabajar juntas: \u201csomos un equipo de profesionales de diferentes disciplinas que nos unimos para trabajar en red y acompa\u00f1ar a las familias para generar una experiencia positiva en el paso por la gestaci\u00f3n y la preparaci\u00f3n para el encuentro con el beb\u00e9\u201d.<br>En cuanto al nombre del proyecto, comentaron que \u201cM\u00fclen remite a la palabra -nacer-, en Mapuche y nacer nos lleva a pensar en los or\u00edgenes, la fuerza y la importancia de las ra\u00edces\u201d.<\/p>\n\n\n\n<p>\u201cVamos a trabajar para fortalecer las ra\u00edces de qui\u00e9nes esperan un beb\u00e9, para generar una base s\u00f3lida para el nacimiento; porque en las ra\u00edces est\u00e1n los cimientos y sabemos de su importancia en lo que vendr\u00e1 a futuro\u201d, expresaron las profesionales y agregaron tambi\u00e9n que \u00abvan a trabajar para que cada familia pueda recibir a su bebe habiendo transitado una preparaci\u00f3n integral, vi\u00e9ndose fortalecida y sostenida para generar el mejor tr\u00e1nsito posible por la gestaci\u00f3n y nacimiento\u201d.<\/p>\n\n\n\n<p>Los encuentros comenzar\u00e1n a brindarse a partir del 19 de marzo, e invitan desde el espacio a todas las que quieran participar, a contactarse por las redes sociales mediante IG @mulen_perinatal y\/o por whastapp al 2324- 696671.<\/p>\n\n\n\n<p>Colaboraci\u00f3n Juan Santilli <\/p>\n","protected":false},"excerpt":{"rendered":"<p>M\u00fclen est\u00e1 integrado por un equipo de profesionales para brindar una preparaci\u00f3n integral para el nacimiento. El proyecto se inici\u00f3 &#8230; <a title=\"Equipo de profesionales de la salud crean M\u00fclen\" class=\"read-more\" href=\"https:\/\/www.hoymercedes.com.ar\/principal\/2025\/02\/15\/equipo-de-profesionales-de-la-salud-crean-mulen\/\" aria-label=\"Leer m\u00e1s sobre Equipo de profesionales de la salud crean M\u00fclen\">Leer m\u00e1s<\/a><\/p>\n","protected":false},"author":1,"featured_media":182560,"comment_status":"closed","ping_status":"open","sticky":false,"template":"","format":"standard","meta":{"_monsterinsights_skip_tracking":false,"_monsterinsights_sitenote_active":false,"_monsterinsights_sitenote_note":"","_monsterinsights_sitenote_category":0,"jetpack_post_was_ever_published":false,"_jetpack_newsletter_access":"","_jetpack_dont_email_post_to_subs":false,"_jetpack_newsletter_tier_id":0,"_jetpack_memberships_contains_paywalled_content":false,"_jetpack_memberships_contains_paid_content":false,"footnotes":"","jetpack_publicize_message":"","jetpack_publicize_feature_enabled":true,"jetpack_social_post_already_shared":true,"jetpack_social_options":{"image_generator_settings":{"template":"highway","default_image_id":0,"font":"","enabled":false},"version":2},"_wpas_customize_per_network":false},"categories":[8],"tags":[],"class_list":["post-182559","post","type-post","status-publish","format-standard","has-post-thumbnail","hentry","category-sociedad","generate-columns","tablet-grid-50","mobile-grid-100","grid-parent","grid-50"],"jetpack_publicize_connections":[],"jetpack_featured_media_url":"https:\/\/www.hoymercedes.com.ar\/principal\/wp-content\/uploads\/2025\/02\/IMG-20250215-WA0004.jpg","wps_subtitle":"","jetpack_sharing_enabled":true,"_links":{"self":[{"href":"https:\/\/www.hoymercedes.com.ar\/principal\/wp-json\/wp\/v2\/posts\/182559","targetHints":{"allow":["GET"]}}],"collection":[{"href":"https:\/\/www.hoymercedes.com.ar\/principal\/wp-json\/wp\/v2\/posts"}],"about":[{"href":"https:\/\/www.hoymercedes.com.ar\/principal\/wp-json\/wp\/v2\/types\/post"}],"author":[{"embeddable":true,"href":"https:\/\/www.hoymercedes.com.ar\/principal\/wp-json\/wp\/v2\/users\/1"}],"replies":[{"embeddable":true,"href":"https:\/\/www.hoymercedes.com.ar\/principal\/wp-json\/wp\/v2\/comments?post=182559"}],"version-history":[{"count":1,"href":"https:\/\/www.hoymercedes.com.ar\/principal\/wp-json\/wp\/v2\/posts\/182559\/revisions"}],"predecessor-version":[{"id":182561,"href":"https:\/\/www.hoymercedes.com.ar\/principal\/wp-json\/wp\/v2\/posts\/182559\/revisions\/182561"}],"wp:featuredmedia":[{"embeddable":true,"href":"https:\/\/www.hoymercedes.com.ar\/principal\/wp-json\/wp\/v2\/media\/182560"}],"wp:attachment":[{"href":"https:\/\/www.hoymercedes.com.ar\/principal\/wp-json\/wp\/v2\/media?parent=182559"}],"wp:term":[{"taxonomy":"category","embeddable":true,"href":"https:\/\/www.hoymercedes.com.ar\/principal\/wp-json\/wp\/v2\/categories?post=182559"},{"taxonomy":"post_tag","embeddable":true,"href":"https:\/\/www.hoymercedes.com.ar\/principal\/wp-json\/wp\/v2\/tags?post=182559"}],"curies":[{"name":"wp","href":"https:\/\/api.w.org\/{rel}","templated":true}]}}