{"id":182582,"date":"2025-02-15T21:20:00","date_gmt":"2025-02-16T00:20:00","guid":{"rendered":"https:\/\/www.hoymercedes.com.ar\/principal\/?p=182582"},"modified":"2025-02-15T20:59:24","modified_gmt":"2025-02-15T23:59:24","slug":"gran-noche-de-rock-en-el-argentino","status":"publish","type":"post","link":"https:\/\/www.hoymercedes.com.ar\/principal\/2025\/02\/15\/gran-noche-de-rock-en-el-argentino\/","title":{"rendered":"Gran noche de \u201cRock en el Argentino\u201d"},"content":{"rendered":"\n<figure class=\"wp-block-image size-large\"><img loading=\"lazy\" decoding=\"async\" width=\"1024\" height=\"683\" data-attachment-id=\"182583\" data-permalink=\"https:\/\/www.hoymercedes.com.ar\/principal\/2025\/02\/15\/gran-noche-de-rock-en-el-argentino\/a3\/#main\" data-orig-file=\"https:\/\/www.hoymercedes.com.ar\/principal\/wp-content\/uploads\/2025\/02\/A3-scaled.jpg\" data-orig-size=\"2560,1707\" data-comments-opened=\"0\" data-image-meta=\"{&quot;aperture&quot;:&quot;0&quot;,&quot;credit&quot;:&quot;&quot;,&quot;camera&quot;:&quot;&quot;,&quot;caption&quot;:&quot;&quot;,&quot;created_timestamp&quot;:&quot;0&quot;,&quot;copyright&quot;:&quot;&quot;,&quot;focal_length&quot;:&quot;0&quot;,&quot;iso&quot;:&quot;0&quot;,&quot;shutter_speed&quot;:&quot;0&quot;,&quot;title&quot;:&quot;&quot;,&quot;orientation&quot;:&quot;0&quot;}\" data-image-title=\"Gran noche de \u201cRock en el Argentino\u201d\" data-image-description=\"\" data-image-caption=\"\" data-large-file=\"https:\/\/www.hoymercedes.com.ar\/principal\/wp-content\/uploads\/2025\/02\/A3-1024x683.jpg\" src=\"https:\/\/www.hoymercedes.com.ar\/principal\/wp-content\/uploads\/2025\/02\/A3-1024x683.jpg\" alt=\"Gran noche de \u201cRock en el Argentino\u201d\" class=\"wp-image-182583\" srcset=\"https:\/\/www.hoymercedes.com.ar\/principal\/wp-content\/uploads\/2025\/02\/A3-1024x683.jpg 1024w, https:\/\/www.hoymercedes.com.ar\/principal\/wp-content\/uploads\/2025\/02\/A3-630x420.jpg 630w, https:\/\/www.hoymercedes.com.ar\/principal\/wp-content\/uploads\/2025\/02\/A3-150x100.jpg 150w, https:\/\/www.hoymercedes.com.ar\/principal\/wp-content\/uploads\/2025\/02\/A3-1536x1024.jpg 1536w, https:\/\/www.hoymercedes.com.ar\/principal\/wp-content\/uploads\/2025\/02\/A3-2048x1366.jpg 2048w\" sizes=\"auto, (max-width: 1024px) 100vw, 1024px\" \/><\/figure>\n\n\n\n<p>El Teatro fue escenario de una gran noche de rock para bandas mercedinas en el ciclo \u201cRock en el Argentino\u201d, promoviendo e impulsando las bandas locales y, tambi\u00e9n, el comercio ya que a quienes asist\u00edan recib\u00edan cupones de descuentos para cenas y consumiciones.<\/p>\n\n\n\n<p>\u201cHa sido una muy grata experiencia\u201d afirm\u00f3 Jimena Rivas, directora de cultura.<\/p>\n\n\n\n<figure class=\"wp-block-image size-large\"><img loading=\"lazy\" decoding=\"async\" width=\"1024\" height=\"683\" data-attachment-id=\"182584\" data-permalink=\"https:\/\/www.hoymercedes.com.ar\/principal\/2025\/02\/15\/gran-noche-de-rock-en-el-argentino\/c1-2\/#main\" data-orig-file=\"https:\/\/www.hoymercedes.com.ar\/principal\/wp-content\/uploads\/2025\/02\/C1-scaled.jpg\" data-orig-size=\"2560,1707\" data-comments-opened=\"0\" data-image-meta=\"{&quot;aperture&quot;:&quot;0&quot;,&quot;credit&quot;:&quot;&quot;,&quot;camera&quot;:&quot;&quot;,&quot;caption&quot;:&quot;&quot;,&quot;created_timestamp&quot;:&quot;0&quot;,&quot;copyright&quot;:&quot;&quot;,&quot;focal_length&quot;:&quot;0&quot;,&quot;iso&quot;:&quot;0&quot;,&quot;shutter_speed&quot;:&quot;0&quot;,&quot;title&quot;:&quot;&quot;,&quot;orientation&quot;:&quot;0&quot;}\" data-image-title=\"Gran noche de \u201cRock en el Argentino\u201d\" data-image-description=\"&lt;p&gt;Gran noche de \u201cRock en el Argentino\u201d&lt;\/p&gt;\n\" data-image-caption=\"&lt;p&gt;Gran noche de \u201cRock en el Argentino\u201d&lt;\/p&gt;\n\" data-large-file=\"https:\/\/www.hoymercedes.com.ar\/principal\/wp-content\/uploads\/2025\/02\/C1-1024x683.jpg\" src=\"https:\/\/www.hoymercedes.com.ar\/principal\/wp-content\/uploads\/2025\/02\/C1-1024x683.jpg\" alt=\"\" class=\"wp-image-182584\" srcset=\"https:\/\/www.hoymercedes.com.ar\/principal\/wp-content\/uploads\/2025\/02\/C1-1024x683.jpg 1024w, https:\/\/www.hoymercedes.com.ar\/principal\/wp-content\/uploads\/2025\/02\/C1-630x420.jpg 630w, https:\/\/www.hoymercedes.com.ar\/principal\/wp-content\/uploads\/2025\/02\/C1-150x100.jpg 150w, https:\/\/www.hoymercedes.com.ar\/principal\/wp-content\/uploads\/2025\/02\/C1-1536x1024.jpg 1536w, https:\/\/www.hoymercedes.com.ar\/principal\/wp-content\/uploads\/2025\/02\/C1-2048x1366.jpg 2048w\" sizes=\"auto, (max-width: 1024px) 100vw, 1024px\" \/><\/figure>\n\n\n\n<p>La iniciativa busca \u201cdar la posibilidad de que las bandas locales muestren su talento y capacidad de creaci\u00f3n art\u00edstica, con sonido, iluminaci\u00f3n, registro f\u00edlmico, buscando dar apoyo y acompa\u00f1amiento\u201d mencion\u00f3.<\/p>\n\n\n\n<p>Remarc\u00f3 que \u201chay una gesti\u00f3n colaborativa, es la uni\u00f3n del esfuerzo entre la Muni y las y los protagonistas, creando un excelente clima de trabajo, encuentro y disfrute\u201d coment\u00f3.<\/p>\n\n\n\n<p>El ciclo permite dar un espacio a la m\u00fasica mercedina con la mejor infraestructura y calidad para que se luzcan las y los artistas y el p\u00fablico disfrute en plenitud.<\/p>\n","protected":false},"excerpt":{"rendered":"<p>El Teatro fue escenario de una gran noche de rock para bandas mercedinas en el ciclo \u201cRock en el Argentino\u201d, &#8230; <a title=\"Gran noche de \u201cRock en el Argentino\u201d\" class=\"read-more\" href=\"https:\/\/www.hoymercedes.com.ar\/principal\/2025\/02\/15\/gran-noche-de-rock-en-el-argentino\/\" aria-label=\"Leer m\u00e1s sobre Gran noche de \u201cRock en el Argentino\u201d\">Leer m\u00e1s<\/a><\/p>\n","protected":false},"author":1,"featured_media":182584,"comment_status":"closed","ping_status":"open","sticky":false,"template":"","format":"standard","meta":{"_monsterinsights_skip_tracking":false,"_monsterinsights_sitenote_active":false,"_monsterinsights_sitenote_note":"","_monsterinsights_sitenote_category":0,"jetpack_post_was_ever_published":false,"_jetpack_newsletter_access":"","_jetpack_dont_email_post_to_subs":false,"_jetpack_newsletter_tier_id":0,"_jetpack_memberships_contains_paywalled_content":false,"_jetpack_memberships_contains_paid_content":false,"footnotes":"","jetpack_publicize_message":"","jetpack_publicize_feature_enabled":true,"jetpack_social_post_already_shared":true,"jetpack_social_options":{"image_generator_settings":{"template":"highway","default_image_id":0,"font":"","enabled":false},"version":2},"_wpas_customize_per_network":false},"categories":[104],"tags":[967,19279,4727,3147],"class_list":["post-182582","post","type-post","status-publish","format-standard","has-post-thumbnail","hentry","category-cultura","tag-cultura-mercedes","tag-jimena-rivas","tag-rock-mercedes","tag-teatro-argentino","generate-columns","tablet-grid-50","mobile-grid-100","grid-parent","grid-50"],"jetpack_publicize_connections":[],"jetpack_featured_media_url":"https:\/\/www.hoymercedes.com.ar\/principal\/wp-content\/uploads\/2025\/02\/C1-scaled.jpg","wps_subtitle":"Apoyo a las bandas","jetpack_sharing_enabled":true,"_links":{"self":[{"href":"https:\/\/www.hoymercedes.com.ar\/principal\/wp-json\/wp\/v2\/posts\/182582","targetHints":{"allow":["GET"]}}],"collection":[{"href":"https:\/\/www.hoymercedes.com.ar\/principal\/wp-json\/wp\/v2\/posts"}],"about":[{"href":"https:\/\/www.hoymercedes.com.ar\/principal\/wp-json\/wp\/v2\/types\/post"}],"author":[{"embeddable":true,"href":"https:\/\/www.hoymercedes.com.ar\/principal\/wp-json\/wp\/v2\/users\/1"}],"replies":[{"embeddable":true,"href":"https:\/\/www.hoymercedes.com.ar\/principal\/wp-json\/wp\/v2\/comments?post=182582"}],"version-history":[{"count":2,"href":"https:\/\/www.hoymercedes.com.ar\/principal\/wp-json\/wp\/v2\/posts\/182582\/revisions"}],"predecessor-version":[{"id":182586,"href":"https:\/\/www.hoymercedes.com.ar\/principal\/wp-json\/wp\/v2\/posts\/182582\/revisions\/182586"}],"wp:featuredmedia":[{"embeddable":true,"href":"https:\/\/www.hoymercedes.com.ar\/principal\/wp-json\/wp\/v2\/media\/182584"}],"wp:attachment":[{"href":"https:\/\/www.hoymercedes.com.ar\/principal\/wp-json\/wp\/v2\/media?parent=182582"}],"wp:term":[{"taxonomy":"category","embeddable":true,"href":"https:\/\/www.hoymercedes.com.ar\/principal\/wp-json\/wp\/v2\/categories?post=182582"},{"taxonomy":"post_tag","embeddable":true,"href":"https:\/\/www.hoymercedes.com.ar\/principal\/wp-json\/wp\/v2\/tags?post=182582"}],"curies":[{"name":"wp","href":"https:\/\/api.w.org\/{rel}","templated":true}]}}