{"id":182604,"date":"2025-02-16T23:57:33","date_gmt":"2025-02-17T02:57:33","guid":{"rendered":"https:\/\/www.hoymercedes.com.ar\/principal\/?p=182604"},"modified":"2025-02-16T23:57:36","modified_gmt":"2025-02-17T02:57:36","slug":"handball-visita-del-club-platense-y-entrenamiento-de-selecciones-de-as-am-bal","status":"publish","type":"post","link":"https:\/\/www.hoymercedes.com.ar\/principal\/2025\/02\/16\/handball-visita-del-club-platense-y-entrenamiento-de-selecciones-de-as-am-bal\/","title":{"rendered":"Handball: visita del Club Platense y Entrenamiento de Selecciones de As.Am.Bal."},"content":{"rendered":"\n<p>Durante el fin de semana se disfrut\u00f3 de mucha actividad handbol\u00edstica. En la tarde del viernes llegaron los equipos mayores femeninos del Club Platense que compite en la Federaci\u00f3n Metropolitana de Balonmano para realizar sus entrenamientos de pretemporada.<\/p>\n\n\n\n<figure class=\"wp-block-image size-large\"><img loading=\"lazy\" decoding=\"async\" width=\"1024\" height=\"771\" data-attachment-id=\"182605\" data-permalink=\"https:\/\/www.hoymercedes.com.ar\/principal\/2025\/02\/16\/handball-visita-del-club-platense-y-entrenamiento-de-selecciones-de-as-am-bal\/fb_img_1739760865583\/#main\" data-orig-file=\"https:\/\/www.hoymercedes.com.ar\/principal\/wp-content\/uploads\/2025\/02\/FB_IMG_1739760865583.jpg\" data-orig-size=\"1080,813\" data-comments-opened=\"0\" data-image-meta=\"{&quot;aperture&quot;:&quot;0&quot;,&quot;credit&quot;:&quot;&quot;,&quot;camera&quot;:&quot;&quot;,&quot;caption&quot;:&quot;&quot;,&quot;created_timestamp&quot;:&quot;0&quot;,&quot;copyright&quot;:&quot;&quot;,&quot;focal_length&quot;:&quot;0&quot;,&quot;iso&quot;:&quot;0&quot;,&quot;shutter_speed&quot;:&quot;0&quot;,&quot;title&quot;:&quot;&quot;,&quot;orientation&quot;:&quot;0&quot;}\" data-image-title=\"FB_IMG_1739760865583\" data-image-description=\"\" data-image-caption=\"\" data-large-file=\"https:\/\/www.hoymercedes.com.ar\/principal\/wp-content\/uploads\/2025\/02\/FB_IMG_1739760865583-1024x771.jpg\" src=\"https:\/\/www.hoymercedes.com.ar\/principal\/wp-content\/uploads\/2025\/02\/FB_IMG_1739760865583-1024x771.jpg\" alt=\"\" class=\"wp-image-182605\" srcset=\"https:\/\/www.hoymercedes.com.ar\/principal\/wp-content\/uploads\/2025\/02\/FB_IMG_1739760865583-1024x771.jpg 1024w, https:\/\/www.hoymercedes.com.ar\/principal\/wp-content\/uploads\/2025\/02\/FB_IMG_1739760865583-630x474.jpg 630w, https:\/\/www.hoymercedes.com.ar\/principal\/wp-content\/uploads\/2025\/02\/FB_IMG_1739760865583-150x113.jpg 150w, https:\/\/www.hoymercedes.com.ar\/principal\/wp-content\/uploads\/2025\/02\/FB_IMG_1739760865583.jpg 1080w\" sizes=\"auto, (max-width: 1024px) 100vw, 1024px\" \/><\/figure>\n\n\n\n<p>El plantel Calamar se alojo en el Ex Instituto Mart\u00edn Rodr\u00edguez y realizo sus entrenamientos en el gimnasio del CEF N\u00b040. C\u00f3mo parte de sus actividades, el conjunto de Vicente L\u00f3pez disputo dos juegos amistosos ante los equipos de la Escuela Municipal de Handball y del Club Independiente de Chivilcoy, logrando un triunfo sobre en equipo Mercedino y una derrota ante el conjunto de Chivilcoy.<\/p>\n\n\n\n<p>En la tarde del s\u00e1bado, tambi\u00e9n jugaron los sus partidos amistosos los equipos de Menores femenino y Mayores masculino frente a los equipos del Club Independiente con 2 ajustados triunfos para los equipos visitantes. El domingo fue el turno de los entrenamientos de las Selecciones de la Asociaci\u00f3n de Amigos Balonmano, utilizando ambos gimnasios del CEF N\u00b040 y con gran participaci\u00f3n de jugadores mercedinos.<\/p>\n\n\n\n<p>El cuerpo de entrenadores de As.Am.Bal. han orientado sus entrenamientos a la participaci\u00f3n de los Torneos Nacionales que disputar\u00e1 cada categor\u00eda, jugando los equipos de Menores en San Carlos de Bariloche, los Cadetes y Juveniles en la Provincia de Mendoza y los equipos de Mayores en la ciudad de San Luis.<\/p>\n\n\n\n<p>Los equipos de la Escuela Municipal de Handball comenzar\u00e1n sus entrenamientos de pre temporada esta semana en las canchas del Ex Instituto Mart\u00edn Rodr\u00edguez, para comenzar con la competencia de As.Am.Bal. en el mes de marzo.<\/p>\n\n\n\n<p>Fuente Prensa LIMEBA <\/p>\n\n\n\n<figure class=\"wp-block-image size-large\"><img loading=\"lazy\" decoding=\"async\" width=\"1024\" height=\"537\" data-attachment-id=\"182606\" data-permalink=\"https:\/\/www.hoymercedes.com.ar\/principal\/2025\/02\/16\/handball-visita-del-club-platense-y-entrenamiento-de-selecciones-de-as-am-bal\/fb_img_1739760862757\/#main\" data-orig-file=\"https:\/\/www.hoymercedes.com.ar\/principal\/wp-content\/uploads\/2025\/02\/FB_IMG_1739760862757.jpg\" data-orig-size=\"1080,566\" data-comments-opened=\"0\" data-image-meta=\"{&quot;aperture&quot;:&quot;0&quot;,&quot;credit&quot;:&quot;&quot;,&quot;camera&quot;:&quot;&quot;,&quot;caption&quot;:&quot;&quot;,&quot;created_timestamp&quot;:&quot;0&quot;,&quot;copyright&quot;:&quot;&quot;,&quot;focal_length&quot;:&quot;0&quot;,&quot;iso&quot;:&quot;0&quot;,&quot;shutter_speed&quot;:&quot;0&quot;,&quot;title&quot;:&quot;&quot;,&quot;orientation&quot;:&quot;0&quot;}\" data-image-title=\"FB_IMG_1739760862757\" data-image-description=\"\" data-image-caption=\"\" data-large-file=\"https:\/\/www.hoymercedes.com.ar\/principal\/wp-content\/uploads\/2025\/02\/FB_IMG_1739760862757-1024x537.jpg\" src=\"https:\/\/www.hoymercedes.com.ar\/principal\/wp-content\/uploads\/2025\/02\/FB_IMG_1739760862757-1024x537.jpg\" alt=\"\" class=\"wp-image-182606\" srcset=\"https:\/\/www.hoymercedes.com.ar\/principal\/wp-content\/uploads\/2025\/02\/FB_IMG_1739760862757-1024x537.jpg 1024w, https:\/\/www.hoymercedes.com.ar\/principal\/wp-content\/uploads\/2025\/02\/FB_IMG_1739760862757-630x330.jpg 630w, https:\/\/www.hoymercedes.com.ar\/principal\/wp-content\/uploads\/2025\/02\/FB_IMG_1739760862757-150x79.jpg 150w, https:\/\/www.hoymercedes.com.ar\/principal\/wp-content\/uploads\/2025\/02\/FB_IMG_1739760862757.jpg 1080w\" sizes=\"auto, (max-width: 1024px) 100vw, 1024px\" \/><\/figure>\n","protected":false},"excerpt":{"rendered":"<p>Durante el fin de semana se disfrut\u00f3 de mucha actividad handbol\u00edstica. En la tarde del viernes llegaron los equipos mayores &#8230; <a title=\"Handball: visita del Club Platense y Entrenamiento de Selecciones de As.Am.Bal.\" class=\"read-more\" href=\"https:\/\/www.hoymercedes.com.ar\/principal\/2025\/02\/16\/handball-visita-del-club-platense-y-entrenamiento-de-selecciones-de-as-am-bal\/\" aria-label=\"Leer m\u00e1s sobre Handball: visita del Club Platense y Entrenamiento de Selecciones de As.Am.Bal.\">Leer m\u00e1s<\/a><\/p>\n","protected":false},"author":1,"featured_media":182606,"comment_status":"closed","ping_status":"open","sticky":false,"template":"","format":"standard","meta":{"_monsterinsights_skip_tracking":false,"_monsterinsights_sitenote_active":false,"_monsterinsights_sitenote_note":"","_monsterinsights_sitenote_category":0,"jetpack_post_was_ever_published":false,"_jetpack_newsletter_access":"","_jetpack_dont_email_post_to_subs":false,"_jetpack_newsletter_tier_id":0,"_jetpack_memberships_contains_paywalled_content":false,"_jetpack_memberships_contains_paid_content":false,"footnotes":"","jetpack_publicize_message":"","jetpack_publicize_feature_enabled":true,"jetpack_social_post_already_shared":true,"jetpack_social_options":{"image_generator_settings":{"template":"highway","default_image_id":0,"font":"","enabled":false},"version":2},"_wpas_customize_per_network":false},"categories":[8],"tags":[],"class_list":["post-182604","post","type-post","status-publish","format-standard","has-post-thumbnail","hentry","category-sociedad","generate-columns","tablet-grid-50","mobile-grid-100","grid-parent","grid-50"],"jetpack_publicize_connections":[],"jetpack_featured_media_url":"https:\/\/www.hoymercedes.com.ar\/principal\/wp-content\/uploads\/2025\/02\/FB_IMG_1739760862757.jpg","wps_subtitle":"","jetpack_sharing_enabled":true,"_links":{"self":[{"href":"https:\/\/www.hoymercedes.com.ar\/principal\/wp-json\/wp\/v2\/posts\/182604","targetHints":{"allow":["GET"]}}],"collection":[{"href":"https:\/\/www.hoymercedes.com.ar\/principal\/wp-json\/wp\/v2\/posts"}],"about":[{"href":"https:\/\/www.hoymercedes.com.ar\/principal\/wp-json\/wp\/v2\/types\/post"}],"author":[{"embeddable":true,"href":"https:\/\/www.hoymercedes.com.ar\/principal\/wp-json\/wp\/v2\/users\/1"}],"replies":[{"embeddable":true,"href":"https:\/\/www.hoymercedes.com.ar\/principal\/wp-json\/wp\/v2\/comments?post=182604"}],"version-history":[{"count":1,"href":"https:\/\/www.hoymercedes.com.ar\/principal\/wp-json\/wp\/v2\/posts\/182604\/revisions"}],"predecessor-version":[{"id":182607,"href":"https:\/\/www.hoymercedes.com.ar\/principal\/wp-json\/wp\/v2\/posts\/182604\/revisions\/182607"}],"wp:featuredmedia":[{"embeddable":true,"href":"https:\/\/www.hoymercedes.com.ar\/principal\/wp-json\/wp\/v2\/media\/182606"}],"wp:attachment":[{"href":"https:\/\/www.hoymercedes.com.ar\/principal\/wp-json\/wp\/v2\/media?parent=182604"}],"wp:term":[{"taxonomy":"category","embeddable":true,"href":"https:\/\/www.hoymercedes.com.ar\/principal\/wp-json\/wp\/v2\/categories?post=182604"},{"taxonomy":"post_tag","embeddable":true,"href":"https:\/\/www.hoymercedes.com.ar\/principal\/wp-json\/wp\/v2\/tags?post=182604"}],"curies":[{"name":"wp","href":"https:\/\/api.w.org\/{rel}","templated":true}]}}