{"id":182623,"date":"2025-02-17T19:41:29","date_gmt":"2025-02-17T22:41:29","guid":{"rendered":"https:\/\/www.hoymercedes.com.ar\/principal\/?p=182623"},"modified":"2025-02-17T19:41:31","modified_gmt":"2025-02-17T22:41:31","slug":"paseo-trocha-y-un-positivo-balance-tras-sus-primeros-encuentros","status":"publish","type":"post","link":"https:\/\/www.hoymercedes.com.ar\/principal\/2025\/02\/17\/paseo-trocha-y-un-positivo-balance-tras-sus-primeros-encuentros\/","title":{"rendered":"\u201cPaseo Trocha\u201d y un positivo balance tras sus primeros encuentros"},"content":{"rendered":"\n<figure class=\"wp-block-image size-large\"><img loading=\"lazy\" decoding=\"async\" width=\"1024\" height=\"682\" data-attachment-id=\"182624\" data-permalink=\"https:\/\/www.hoymercedes.com.ar\/principal\/2025\/02\/17\/paseo-trocha-y-un-positivo-balance-tras-sus-primeros-encuentros\/paseotrocha\/#main\" data-orig-file=\"https:\/\/www.hoymercedes.com.ar\/principal\/wp-content\/uploads\/2025\/02\/PaseoTrocha.jpg\" data-orig-size=\"1319,879\" data-comments-opened=\"0\" data-image-meta=\"{&quot;aperture&quot;:&quot;0&quot;,&quot;credit&quot;:&quot;SEBASTIANAMBROSSIO&quot;,&quot;camera&quot;:&quot;&quot;,&quot;caption&quot;:&quot;&quot;,&quot;created_timestamp&quot;:&quot;0&quot;,&quot;copyright&quot;:&quot;SebastianAmbrossio&quot;,&quot;focal_length&quot;:&quot;0&quot;,&quot;iso&quot;:&quot;0&quot;,&quot;shutter_speed&quot;:&quot;0&quot;,&quot;title&quot;:&quot;&quot;,&quot;orientation&quot;:&quot;0&quot;}\" data-image-title=\"\u201cPaseo Trocha\u201d y un positivo balance tras sus primeros encuentros\" data-image-description=\"&lt;p&gt;\u201cPaseo Trocha\u201d y un positivo balance tras sus primeros encuentros&lt;\/p&gt;\n\" data-image-caption=\"&lt;p&gt;\u201cPaseo Trocha\u201d y un positivo balance tras sus primeros encuentros&lt;\/p&gt;\n\" data-large-file=\"https:\/\/www.hoymercedes.com.ar\/principal\/wp-content\/uploads\/2025\/02\/PaseoTrocha-1024x682.jpg\" src=\"https:\/\/www.hoymercedes.com.ar\/principal\/wp-content\/uploads\/2025\/02\/PaseoTrocha-1024x682.jpg\" alt=\"\" class=\"wp-image-182624\" srcset=\"https:\/\/www.hoymercedes.com.ar\/principal\/wp-content\/uploads\/2025\/02\/PaseoTrocha-1024x682.jpg 1024w, https:\/\/www.hoymercedes.com.ar\/principal\/wp-content\/uploads\/2025\/02\/PaseoTrocha-630x420.jpg 630w, https:\/\/www.hoymercedes.com.ar\/principal\/wp-content\/uploads\/2025\/02\/PaseoTrocha-150x100.jpg 150w, https:\/\/www.hoymercedes.com.ar\/principal\/wp-content\/uploads\/2025\/02\/PaseoTrocha-700x465.jpg 700w, https:\/\/www.hoymercedes.com.ar\/principal\/wp-content\/uploads\/2025\/02\/PaseoTrocha.jpg 1319w\" sizes=\"auto, (max-width: 1024px) 100vw, 1024px\" \/><\/figure>\n\n\n\n<p>En La Trocha se lanz\u00f3 hace unas semanas el \u201cPaseo Trocha\u201d. Se trata de una feria al aire libre sobre calle 42 donde emprendimientos, artesanos, feriantes y artistas se re\u00fanen para ofrecer los domingos una propuesta diferente a las familias.<\/p>\n\n\n\n<p>\u201cHemos iniciado esta propuesta con un saldo muy positivo\u201d dijo Jimena Rivas, directora de cultura.<\/p>\n\n\n\n<p>Coment\u00f3 que \u201ctenemos la participaci\u00f3n del Paseo del Jacarand\u00e1, Feria de Tom\u00e1s Jofr\u00e9, Mercado Sustentable, Feria Franja, Pura Feria, Feriad de la Trocha, Feria de Adultos Mayores, gastronom\u00eda, es decir, un espacio de confluencia y trabajo en unidad y comunidad para que las y los vecinos tengan un lugar de encuentro y poder apoyar a las y los emprendedores mercedinos\u201d afirm\u00f3.<\/p>\n\n\n\n<figure class=\"wp-block-image size-large\"><img loading=\"lazy\" decoding=\"async\" width=\"1024\" height=\"682\" data-attachment-id=\"182625\" data-permalink=\"https:\/\/www.hoymercedes.com.ar\/principal\/2025\/02\/17\/paseo-trocha-y-un-positivo-balance-tras-sus-primeros-encuentros\/paseotrocha-3\/#main\" data-orig-file=\"https:\/\/www.hoymercedes.com.ar\/principal\/wp-content\/uploads\/2025\/02\/PaseoTrocha.3.jpg\" data-orig-size=\"1319,879\" data-comments-opened=\"0\" data-image-meta=\"{&quot;aperture&quot;:&quot;0&quot;,&quot;credit&quot;:&quot;SEBASTIANAMBROSSIO&quot;,&quot;camera&quot;:&quot;&quot;,&quot;caption&quot;:&quot;&quot;,&quot;created_timestamp&quot;:&quot;0&quot;,&quot;copyright&quot;:&quot;SebastianAmbrossio&quot;,&quot;focal_length&quot;:&quot;0&quot;,&quot;iso&quot;:&quot;0&quot;,&quot;shutter_speed&quot;:&quot;0&quot;,&quot;title&quot;:&quot;&quot;,&quot;orientation&quot;:&quot;0&quot;}\" data-image-title=\"PaseoTrocha.3\" data-image-description=\"\" data-image-caption=\"\" data-large-file=\"https:\/\/www.hoymercedes.com.ar\/principal\/wp-content\/uploads\/2025\/02\/PaseoTrocha.3-1024x682.jpg\" src=\"https:\/\/www.hoymercedes.com.ar\/principal\/wp-content\/uploads\/2025\/02\/PaseoTrocha.3-1024x682.jpg\" alt=\"\" class=\"wp-image-182625\" srcset=\"https:\/\/www.hoymercedes.com.ar\/principal\/wp-content\/uploads\/2025\/02\/PaseoTrocha.3-1024x682.jpg 1024w, https:\/\/www.hoymercedes.com.ar\/principal\/wp-content\/uploads\/2025\/02\/PaseoTrocha.3-630x420.jpg 630w, https:\/\/www.hoymercedes.com.ar\/principal\/wp-content\/uploads\/2025\/02\/PaseoTrocha.3-150x100.jpg 150w, https:\/\/www.hoymercedes.com.ar\/principal\/wp-content\/uploads\/2025\/02\/PaseoTrocha.3-700x465.jpg 700w, https:\/\/www.hoymercedes.com.ar\/principal\/wp-content\/uploads\/2025\/02\/PaseoTrocha.3.jpg 1319w\" sizes=\"auto, (max-width: 1024px) 100vw, 1024px\" \/><\/figure>\n\n\n\n<p>Tambi\u00e9n remarc\u00f3 que \u201cadem\u00e1s se puede disfrutar de presentaciones art\u00edsticas y buena m\u00fasica\u201d narr\u00f3<\/p>\n\n\n\n<p>Este \u00faltimo domingo se pudo disfrutar del ciclo \u201ctango en zapatillas\u201d donde muchos vecinos y vecinas se acercaron con sus reposeras y equipos de mate a disfrutar de las ferias, el espect\u00e1culo y el aire libre.<\/p>\n\n\n\n<figure class=\"wp-block-image size-large\"><img loading=\"lazy\" decoding=\"async\" width=\"1024\" height=\"682\" data-attachment-id=\"182626\" data-permalink=\"https:\/\/www.hoymercedes.com.ar\/principal\/2025\/02\/17\/paseo-trocha-y-un-positivo-balance-tras-sus-primeros-encuentros\/paseotrocha-2\/#main\" data-orig-file=\"https:\/\/www.hoymercedes.com.ar\/principal\/wp-content\/uploads\/2025\/02\/PaseoTrocha.2.jpg\" data-orig-size=\"1319,879\" data-comments-opened=\"0\" data-image-meta=\"{&quot;aperture&quot;:&quot;0&quot;,&quot;credit&quot;:&quot;SEBASTIANAMBROSSIO&quot;,&quot;camera&quot;:&quot;&quot;,&quot;caption&quot;:&quot;&quot;,&quot;created_timestamp&quot;:&quot;0&quot;,&quot;copyright&quot;:&quot;SebastianAmbrossio&quot;,&quot;focal_length&quot;:&quot;0&quot;,&quot;iso&quot;:&quot;0&quot;,&quot;shutter_speed&quot;:&quot;0&quot;,&quot;title&quot;:&quot;&quot;,&quot;orientation&quot;:&quot;0&quot;}\" data-image-title=\"PaseoTrocha.2\" data-image-description=\"\" data-image-caption=\"\" data-large-file=\"https:\/\/www.hoymercedes.com.ar\/principal\/wp-content\/uploads\/2025\/02\/PaseoTrocha.2-1024x682.jpg\" src=\"https:\/\/www.hoymercedes.com.ar\/principal\/wp-content\/uploads\/2025\/02\/PaseoTrocha.2-1024x682.jpg\" alt=\"\u201cPaseo Trocha\u201d y un positivo balance tras sus primeros encuentros\" class=\"wp-image-182626\" srcset=\"https:\/\/www.hoymercedes.com.ar\/principal\/wp-content\/uploads\/2025\/02\/PaseoTrocha.2-1024x682.jpg 1024w, https:\/\/www.hoymercedes.com.ar\/principal\/wp-content\/uploads\/2025\/02\/PaseoTrocha.2-630x420.jpg 630w, https:\/\/www.hoymercedes.com.ar\/principal\/wp-content\/uploads\/2025\/02\/PaseoTrocha.2-150x100.jpg 150w, https:\/\/www.hoymercedes.com.ar\/principal\/wp-content\/uploads\/2025\/02\/PaseoTrocha.2-700x465.jpg 700w, https:\/\/www.hoymercedes.com.ar\/principal\/wp-content\/uploads\/2025\/02\/PaseoTrocha.2.jpg 1319w\" sizes=\"auto, (max-width: 1024px) 100vw, 1024px\" \/><\/figure>\n","protected":false},"excerpt":{"rendered":"<p>En La Trocha se lanz\u00f3 hace unas semanas el \u201cPaseo Trocha\u201d. Se trata de una feria al aire libre sobre &#8230; <a title=\"\u201cPaseo Trocha\u201d y un positivo balance tras sus primeros encuentros\" class=\"read-more\" href=\"https:\/\/www.hoymercedes.com.ar\/principal\/2025\/02\/17\/paseo-trocha-y-un-positivo-balance-tras-sus-primeros-encuentros\/\" aria-label=\"Leer m\u00e1s sobre \u201cPaseo Trocha\u201d y un positivo balance tras sus primeros encuentros\">Leer m\u00e1s<\/a><\/p>\n","protected":false},"author":1,"featured_media":182624,"comment_status":"closed","ping_status":"open","sticky":false,"template":"","format":"standard","meta":{"_monsterinsights_skip_tracking":false,"_monsterinsights_sitenote_active":false,"_monsterinsights_sitenote_note":"","_monsterinsights_sitenote_category":0,"jetpack_post_was_ever_published":false,"_jetpack_newsletter_access":"","_jetpack_dont_email_post_to_subs":false,"_jetpack_newsletter_tier_id":0,"_jetpack_memberships_contains_paywalled_content":false,"_jetpack_memberships_contains_paid_content":false,"footnotes":"","jetpack_publicize_message":"","jetpack_publicize_feature_enabled":true,"jetpack_social_post_already_shared":true,"jetpack_social_options":{"image_generator_settings":{"template":"highway","default_image_id":0,"font":"","enabled":false},"version":2},"_wpas_customize_per_network":false},"categories":[8],"tags":[],"class_list":["post-182623","post","type-post","status-publish","format-standard","has-post-thumbnail","hentry","category-sociedad","generate-columns","tablet-grid-50","mobile-grid-100","grid-parent","grid-50"],"jetpack_publicize_connections":[],"jetpack_featured_media_url":"https:\/\/www.hoymercedes.com.ar\/principal\/wp-content\/uploads\/2025\/02\/PaseoTrocha.jpg","wps_subtitle":"","jetpack_sharing_enabled":true,"_links":{"self":[{"href":"https:\/\/www.hoymercedes.com.ar\/principal\/wp-json\/wp\/v2\/posts\/182623","targetHints":{"allow":["GET"]}}],"collection":[{"href":"https:\/\/www.hoymercedes.com.ar\/principal\/wp-json\/wp\/v2\/posts"}],"about":[{"href":"https:\/\/www.hoymercedes.com.ar\/principal\/wp-json\/wp\/v2\/types\/post"}],"author":[{"embeddable":true,"href":"https:\/\/www.hoymercedes.com.ar\/principal\/wp-json\/wp\/v2\/users\/1"}],"replies":[{"embeddable":true,"href":"https:\/\/www.hoymercedes.com.ar\/principal\/wp-json\/wp\/v2\/comments?post=182623"}],"version-history":[{"count":1,"href":"https:\/\/www.hoymercedes.com.ar\/principal\/wp-json\/wp\/v2\/posts\/182623\/revisions"}],"predecessor-version":[{"id":182627,"href":"https:\/\/www.hoymercedes.com.ar\/principal\/wp-json\/wp\/v2\/posts\/182623\/revisions\/182627"}],"wp:featuredmedia":[{"embeddable":true,"href":"https:\/\/www.hoymercedes.com.ar\/principal\/wp-json\/wp\/v2\/media\/182624"}],"wp:attachment":[{"href":"https:\/\/www.hoymercedes.com.ar\/principal\/wp-json\/wp\/v2\/media?parent=182623"}],"wp:term":[{"taxonomy":"category","embeddable":true,"href":"https:\/\/www.hoymercedes.com.ar\/principal\/wp-json\/wp\/v2\/categories?post=182623"},{"taxonomy":"post_tag","embeddable":true,"href":"https:\/\/www.hoymercedes.com.ar\/principal\/wp-json\/wp\/v2\/tags?post=182623"}],"curies":[{"name":"wp","href":"https:\/\/api.w.org\/{rel}","templated":true}]}}