{"id":182664,"date":"2025-02-19T21:00:07","date_gmt":"2025-02-20T00:00:07","guid":{"rendered":"https:\/\/www.hoymercedes.com.ar\/principal\/?p=182664"},"modified":"2025-02-19T21:00:10","modified_gmt":"2025-02-20T00:00:10","slug":"el-15-de-marzo-se-hara-un-evento-depotivo-y-solidario","status":"publish","type":"post","link":"https:\/\/www.hoymercedes.com.ar\/principal\/2025\/02\/19\/el-15-de-marzo-se-hara-un-evento-depotivo-y-solidario\/","title":{"rendered":"El 15 de marzo se har\u00e1 un evento depotivo y solidario"},"content":{"rendered":"\n<p>Desde All Boys, con el apoyo de Gendarmer\u00eda Nacional, anunciaron que llegar\u00e1 a Mercedes el programa de responsabilidad social \u00abJugando es Mejor\u00bb. El evento ser\u00e1 el 15 de marzo y convoca a m\u00e1s de 300 chicos y chicas en un evento deportivo y solidario. <\/p>\n\n\n<div class=\"wp-block-image\">\n<figure class=\"aligncenter size-full\"><img loading=\"lazy\" decoding=\"async\" width=\"800\" height=\"533\" data-attachment-id=\"182665\" data-permalink=\"https:\/\/www.hoymercedes.com.ar\/principal\/2025\/02\/19\/el-15-de-marzo-se-hara-un-evento-depotivo-y-solidario\/whatsapp-image-2025-02-19-at-16-56-02\/#main\" data-orig-file=\"https:\/\/www.hoymercedes.com.ar\/principal\/wp-content\/uploads\/2025\/02\/WhatsApp-Image-2025-02-19-at-16.56.02.jpg\" data-orig-size=\"800,533\" data-comments-opened=\"0\" data-image-meta=\"{&quot;aperture&quot;:&quot;0&quot;,&quot;credit&quot;:&quot;&quot;,&quot;camera&quot;:&quot;&quot;,&quot;caption&quot;:&quot;&quot;,&quot;created_timestamp&quot;:&quot;0&quot;,&quot;copyright&quot;:&quot;&quot;,&quot;focal_length&quot;:&quot;0&quot;,&quot;iso&quot;:&quot;0&quot;,&quot;shutter_speed&quot;:&quot;0&quot;,&quot;title&quot;:&quot;&quot;,&quot;orientation&quot;:&quot;0&quot;}\" data-image-title=\"WhatsApp Image 2025-02-19 at 16.56.02\" data-image-description=\"\" data-image-caption=\"\" data-large-file=\"https:\/\/www.hoymercedes.com.ar\/principal\/wp-content\/uploads\/2025\/02\/WhatsApp-Image-2025-02-19-at-16.56.02.jpg\" src=\"https:\/\/www.hoymercedes.com.ar\/principal\/wp-content\/uploads\/2025\/02\/WhatsApp-Image-2025-02-19-at-16.56.02.jpg\" alt=\"\" class=\"wp-image-182665\" srcset=\"https:\/\/www.hoymercedes.com.ar\/principal\/wp-content\/uploads\/2025\/02\/WhatsApp-Image-2025-02-19-at-16.56.02.jpg 800w, https:\/\/www.hoymercedes.com.ar\/principal\/wp-content\/uploads\/2025\/02\/WhatsApp-Image-2025-02-19-at-16.56.02-630x420.jpg 630w, https:\/\/www.hoymercedes.com.ar\/principal\/wp-content\/uploads\/2025\/02\/WhatsApp-Image-2025-02-19-at-16.56.02-150x100.jpg 150w, https:\/\/www.hoymercedes.com.ar\/principal\/wp-content\/uploads\/2025\/02\/WhatsApp-Image-2025-02-19-at-16.56.02-700x465.jpg 700w\" sizes=\"auto, (max-width: 800px) 100vw, 800px\" \/><\/figure>\n<\/div>\n\n\n<p>De acuerdo a la informaci\u00f3n enviada por el club de futbol, \u00abJugando es Mejor\u00bb, es el programa de responsabilidad social de a empresa TyC Sports. La propuesta solidaria lleva m\u00e1s de 12 a\u00f1os y se present\u00f3 en diferentes puntos del pa\u00eds con el objetivo de incluir, contener y educar a trav\u00e9s del deporte. <\/p>\n\n\n\n<p>\u00abEste trabajo no lo hace solo, sino en alianza con clubes del f\u00fatbol argentino, federaciones deportivas, empresas, fundaciones, gobiernos locales y provinciales. Y en esta ocasi\u00f3n, convocado por el club All Boys, cuya sede del departamento solidario se encuentra en la ciudad de Mercedes, ambas instituciones realizar\u00e1n un encuentro deportivo para formar a los chicos y chicas en valores\u00bb, explica Pelusa Gonz\u00e1lez, referente de la entidad deportiva.<\/p>\n\n\n\n<p>La jornada deportiva y solidaria ser\u00e1 el 15 de marzo, comenzar\u00e1 a las 9 de la ma\u00f1ana en la Escuela de Gendarmer\u00eda Nacional y contar\u00e1 con la presencia de diferentes ex-futbolistas, que a trav\u00e9s de juegos ense\u00f1ar\u00e1n qu\u00e9 valores se pueden aprender para la vida haciendo deporte. Por otro lado, tambi\u00e9n, participar\u00e1n de la jornada profesionales especializados que capacitar\u00e1n sobre nutrici\u00f3n, psicolog\u00eda deportiva, salud bucal y consumos problem\u00e1ticos.<\/p>\n\n\n\n<p>A modo de adelanto, contaron que entre los disertantes estar\u00e1 Lucas Castroman, el Lic. Jorge Rocco, la odont\u00f3loga Mar\u00eda Eugenia Letieri y la nutricionista Cecilia Cruzado, as\u00ed como Mariano Israelit que traer\u00e1 camisetas de futbol para sortear, Julio Ricardo Villa y Santiago Ladino. <\/p>\n\n\n\n<p>Por la tarde ser\u00e1 el turno de diferentes juegos de postas, donde los chicos podr\u00e1n jugar en diferentes grupos provenientes de las localidades de Luj\u00e1n, San Andr\u00e9s de Giles, Navarrro y de Mercedes.<\/p>\n\n\n\n<p><br><\/p>\n","protected":false},"excerpt":{"rendered":"<p>Desde All Boys, con el apoyo de Gendarmer\u00eda Nacional, anunciaron que llegar\u00e1 a Mercedes el programa de responsabilidad social \u00abJugando &#8230; <a title=\"El 15 de marzo se har\u00e1 un evento depotivo y solidario\" class=\"read-more\" href=\"https:\/\/www.hoymercedes.com.ar\/principal\/2025\/02\/19\/el-15-de-marzo-se-hara-un-evento-depotivo-y-solidario\/\" aria-label=\"Leer m\u00e1s sobre El 15 de marzo se har\u00e1 un evento depotivo y solidario\">Leer m\u00e1s<\/a><\/p>\n","protected":false},"author":1,"featured_media":182666,"comment_status":"closed","ping_status":"open","sticky":false,"template":"","format":"standard","meta":{"_monsterinsights_skip_tracking":false,"_monsterinsights_sitenote_active":false,"_monsterinsights_sitenote_note":"","_monsterinsights_sitenote_category":0,"jetpack_post_was_ever_published":false,"_jetpack_newsletter_access":"","_jetpack_dont_email_post_to_subs":false,"_jetpack_newsletter_tier_id":0,"_jetpack_memberships_contains_paywalled_content":false,"_jetpack_memberships_contains_paid_content":false,"footnotes":"","jetpack_publicize_message":"","jetpack_publicize_feature_enabled":true,"jetpack_social_post_already_shared":true,"jetpack_social_options":{"image_generator_settings":{"template":"highway","default_image_id":0,"font":"","enabled":false},"version":2},"_wpas_customize_per_network":false},"categories":[8],"tags":[],"class_list":["post-182664","post","type-post","status-publish","format-standard","has-post-thumbnail","hentry","category-sociedad","generate-columns","tablet-grid-50","mobile-grid-100","grid-parent","grid-50"],"jetpack_publicize_connections":[],"jetpack_featured_media_url":"https:\/\/www.hoymercedes.com.ar\/principal\/wp-content\/uploads\/2025\/02\/WhatsApp-Image-2025-02-19-at-16.56.03.jpg","wps_subtitle":"","jetpack_sharing_enabled":true,"_links":{"self":[{"href":"https:\/\/www.hoymercedes.com.ar\/principal\/wp-json\/wp\/v2\/posts\/182664","targetHints":{"allow":["GET"]}}],"collection":[{"href":"https:\/\/www.hoymercedes.com.ar\/principal\/wp-json\/wp\/v2\/posts"}],"about":[{"href":"https:\/\/www.hoymercedes.com.ar\/principal\/wp-json\/wp\/v2\/types\/post"}],"author":[{"embeddable":true,"href":"https:\/\/www.hoymercedes.com.ar\/principal\/wp-json\/wp\/v2\/users\/1"}],"replies":[{"embeddable":true,"href":"https:\/\/www.hoymercedes.com.ar\/principal\/wp-json\/wp\/v2\/comments?post=182664"}],"version-history":[{"count":1,"href":"https:\/\/www.hoymercedes.com.ar\/principal\/wp-json\/wp\/v2\/posts\/182664\/revisions"}],"predecessor-version":[{"id":182667,"href":"https:\/\/www.hoymercedes.com.ar\/principal\/wp-json\/wp\/v2\/posts\/182664\/revisions\/182667"}],"wp:featuredmedia":[{"embeddable":true,"href":"https:\/\/www.hoymercedes.com.ar\/principal\/wp-json\/wp\/v2\/media\/182666"}],"wp:attachment":[{"href":"https:\/\/www.hoymercedes.com.ar\/principal\/wp-json\/wp\/v2\/media?parent=182664"}],"wp:term":[{"taxonomy":"category","embeddable":true,"href":"https:\/\/www.hoymercedes.com.ar\/principal\/wp-json\/wp\/v2\/categories?post=182664"},{"taxonomy":"post_tag","embeddable":true,"href":"https:\/\/www.hoymercedes.com.ar\/principal\/wp-json\/wp\/v2\/tags?post=182664"}],"curies":[{"name":"wp","href":"https:\/\/api.w.org\/{rel}","templated":true}]}}