{"id":182668,"date":"2025-02-20T15:53:13","date_gmt":"2025-02-20T18:53:13","guid":{"rendered":"https:\/\/www.hoymercedes.com.ar\/principal\/?p=182668"},"modified":"2025-02-20T15:56:56","modified_gmt":"2025-02-20T18:56:56","slug":"manchester-united-y-arsenal-interesados-en-mateo-retegui","status":"publish","type":"post","link":"https:\/\/www.hoymercedes.com.ar\/principal\/2025\/02\/20\/manchester-united-y-arsenal-interesados-en-mateo-retegui\/","title":{"rendered":"Manchester United y Arsenal, interesados en Mateo Retegui"},"content":{"rendered":"\n<p>El delantero argentino-italiano de 25 a\u00f1os es el m\u00e1ximo goleador de la Serie A con 20 conquistas, lo que despierta la atenci\u00f3n de clubes de primer nivel mundial en la Premier League.<\/p>\n\n\n<div class=\"wp-block-image\">\n<figure class=\"aligncenter size-full\"><img loading=\"lazy\" decoding=\"async\" width=\"900\" height=\"600\" data-attachment-id=\"182670\" data-permalink=\"https:\/\/www.hoymercedes.com.ar\/principal\/2025\/02\/20\/manchester-united-y-arsenal-interesados-en-mateo-retegui\/image-98\/#main\" data-orig-file=\"https:\/\/www.hoymercedes.com.ar\/principal\/wp-content\/uploads\/2025\/02\/image-1.png\" data-orig-size=\"900,600\" data-comments-opened=\"0\" data-image-meta=\"{&quot;aperture&quot;:&quot;0&quot;,&quot;credit&quot;:&quot;&quot;,&quot;camera&quot;:&quot;&quot;,&quot;caption&quot;:&quot;&quot;,&quot;created_timestamp&quot;:&quot;0&quot;,&quot;copyright&quot;:&quot;&quot;,&quot;focal_length&quot;:&quot;0&quot;,&quot;iso&quot;:&quot;0&quot;,&quot;shutter_speed&quot;:&quot;0&quot;,&quot;title&quot;:&quot;&quot;,&quot;orientation&quot;:&quot;0&quot;}\" data-image-title=\"image\" data-image-description=\"\" data-image-caption=\"\" data-large-file=\"https:\/\/www.hoymercedes.com.ar\/principal\/wp-content\/uploads\/2025\/02\/image-1.png\" src=\"https:\/\/www.hoymercedes.com.ar\/principal\/wp-content\/uploads\/2025\/02\/image-1.png\" alt=\"\" class=\"wp-image-182670\" srcset=\"https:\/\/www.hoymercedes.com.ar\/principal\/wp-content\/uploads\/2025\/02\/image-1.png 900w, https:\/\/www.hoymercedes.com.ar\/principal\/wp-content\/uploads\/2025\/02\/image-1-630x420.png 630w, https:\/\/www.hoymercedes.com.ar\/principal\/wp-content\/uploads\/2025\/02\/image-1-150x100.png 150w\" sizes=\"auto, (max-width: 900px) 100vw, 900px\" \/><\/figure>\n<\/div>\n\n\n<p>Cuando uno hace el ejercicio de ingresar a Flashscore, l\u00edder mundial en <a href=\"http:\/\/www.flashscore.com.ar\" target=\"_blank\" rel=\"noopener\">resultados en vivo<\/a>, para chequear qui\u00e9nes son los futbolistas que m\u00e1s goles poseen a su nombre en las grandes ligas europeas, se van a encontrar con que en la Serie A, la m\u00e1xima categor\u00eda del f\u00fatbol italiano, la lista la encabeza un chico de apenas 25 a\u00f1os al que no parece costarle las adaptaciones: <strong>Mateo Retegui<\/strong>.<\/p>\n\n\n\n<p>Sin chances en Boca Juniors, club del que surgi\u00f3 y donde solo disput\u00f3 un partido oficial, Retegui fue luego prestado a Estudiantes, Talleres y Tigre en el f\u00fatbol argentino. Le anot\u00f3 goles al propio Boca y a otros grandes del f\u00fatbol argentino como River, Independiente, San Lorenzo, Racing, Newell\u2019s, Rosario Central, al propio \u201cLe\u00f3n\u201d y tambi\u00e9n a Gimnasia, en el cl\u00e1sico platense. Con la camiseta del \u201cMatador\u201d de Victoria tuvo su <em>boom <\/em>en el pa\u00eds argentino, siendo el m\u00e1ximo artillero de la Liga Profesional de 2022 con 19 conquistas en 27 encuentros. <\/p>\n\n\n\n<p>Sus grandes rendimientos lo llevaron a Italia, donde recal\u00f3 en el Genoa, con nueve goles en 31 partidos, incluidos tantos importantes a clubes como Milan, Lazio, Napoli y Roma.<\/p>\n\n\n\n<p>Se nacionaliz\u00f3 italiano gracias a que sus abuelos maternos son originarios de Canicatt\u00ec, Sicilia, sabiendo que Roberto Mancini lo convocar\u00eda para la selecci\u00f3n italiana: adem\u00e1s de marcar ante Inglaterra en su debut, disput\u00f3 la Eurocopa del a\u00f1o pasado que tuvo lugar en Alemania y acumula seis goles en 18 partidos con la \u201cAzzurra\u201d.<\/p>\n\n\n\n<p>Desde agosto milita en Atalanta, que ocupa las primeras posiciones de la Serie A, en gran parte gracias a sus 20 goles. Esta facilidad para convertir despert\u00f3 el inter\u00e9s de clubes de \u00e9lite mundial como <strong>Manchester United<\/strong>, que estar\u00eda dispuesto a desembolsar unos 70 millones de euros por el nacido en San Fernando. <\/p>\n\n\n\n<p>Otro conjunto que lo pretende es el <strong>Arsenal<\/strong>, tambi\u00e9n de la Premier League de Inglaterra, que lo ven\u00eda buscando en el anterior mercado de fichajes y finalmente no pudo hacerse de sus servicios. \u00bfSe lo terminar\u00e1 llevando alguno de estos dos gigantes o seguir\u00e1 gritando goles con la camiseta del club de B\u00e9rgamo? Todo est\u00e1 por verse\u2026<br><br><strong>\u00bfPor qu\u00e9 Retegui no juega en la selecci\u00f3n argentina?<\/strong><br><strong>\u201cNo tuve la posibilidad de hablar con nadie de la selecci\u00f3n argentina en ning\u00fan momento\u2026Cuando conoc\u00ed el inter\u00e9s de Roberto Mancini habl\u00e9 con la familia y no dud\u00e9 un segundo. Vestir una camiseta tan hermosa y con tanta historia, para m\u00ed es un honor\u201d<\/strong>, coment\u00f3 Retegui en una entrevista con AS meses atr\u00e1s..<br><br><strong>Retegui, en la lucha por la Bota de Oro<\/strong><br>El premio a mayor goleador de la temporada en las ligas europeas tiene como l\u00edder actual a Mohamed Salah, delantero egipcio del Liverpool que registra 23 conquistas; Harry Kane aparece con 21 tantos en Bayern M\u00fanich y justamente quien completa el podio es Retegui, con 20 en Atalanta de la Serie A. Erling Haaland aparece con 19 y Kylian Mbapp\u00e9 registra 17. Un lugar privilegiado para el argento-italiano.<\/p>\n","protected":false},"excerpt":{"rendered":"<p>El delantero argentino-italiano de 25 a\u00f1os es el m\u00e1ximo goleador de la Serie A con 20 conquistas, lo que despierta &#8230; <a title=\"Manchester United y Arsenal, interesados en Mateo Retegui\" class=\"read-more\" href=\"https:\/\/www.hoymercedes.com.ar\/principal\/2025\/02\/20\/manchester-united-y-arsenal-interesados-en-mateo-retegui\/\" aria-label=\"Leer m\u00e1s sobre Manchester United y Arsenal, interesados en Mateo Retegui\">Leer m\u00e1s<\/a><\/p>\n","protected":false},"author":1,"featured_media":182669,"comment_status":"closed","ping_status":"open","sticky":false,"template":"","format":"standard","meta":{"_monsterinsights_skip_tracking":false,"_monsterinsights_sitenote_active":false,"_monsterinsights_sitenote_note":"","_monsterinsights_sitenote_category":0,"jetpack_post_was_ever_published":false,"_jetpack_newsletter_access":"","_jetpack_dont_email_post_to_subs":false,"_jetpack_newsletter_tier_id":0,"_jetpack_memberships_contains_paywalled_content":false,"_jetpack_memberships_contains_paid_content":false,"footnotes":"","jetpack_publicize_message":"","jetpack_publicize_feature_enabled":true,"jetpack_social_post_already_shared":true,"jetpack_social_options":{"image_generator_settings":{"template":"highway","default_image_id":0,"font":"","enabled":false},"version":2},"_wpas_customize_per_network":false},"categories":[8],"tags":[],"class_list":["post-182668","post","type-post","status-publish","format-standard","has-post-thumbnail","hentry","category-sociedad","generate-columns","tablet-grid-50","mobile-grid-100","grid-parent","grid-50"],"jetpack_publicize_connections":[],"jetpack_featured_media_url":"https:\/\/www.hoymercedes.com.ar\/principal\/wp-content\/uploads\/2025\/02\/image.png","wps_subtitle":"","jetpack_sharing_enabled":true,"_links":{"self":[{"href":"https:\/\/www.hoymercedes.com.ar\/principal\/wp-json\/wp\/v2\/posts\/182668","targetHints":{"allow":["GET"]}}],"collection":[{"href":"https:\/\/www.hoymercedes.com.ar\/principal\/wp-json\/wp\/v2\/posts"}],"about":[{"href":"https:\/\/www.hoymercedes.com.ar\/principal\/wp-json\/wp\/v2\/types\/post"}],"author":[{"embeddable":true,"href":"https:\/\/www.hoymercedes.com.ar\/principal\/wp-json\/wp\/v2\/users\/1"}],"replies":[{"embeddable":true,"href":"https:\/\/www.hoymercedes.com.ar\/principal\/wp-json\/wp\/v2\/comments?post=182668"}],"version-history":[{"count":1,"href":"https:\/\/www.hoymercedes.com.ar\/principal\/wp-json\/wp\/v2\/posts\/182668\/revisions"}],"predecessor-version":[{"id":182671,"href":"https:\/\/www.hoymercedes.com.ar\/principal\/wp-json\/wp\/v2\/posts\/182668\/revisions\/182671"}],"wp:featuredmedia":[{"embeddable":true,"href":"https:\/\/www.hoymercedes.com.ar\/principal\/wp-json\/wp\/v2\/media\/182669"}],"wp:attachment":[{"href":"https:\/\/www.hoymercedes.com.ar\/principal\/wp-json\/wp\/v2\/media?parent=182668"}],"wp:term":[{"taxonomy":"category","embeddable":true,"href":"https:\/\/www.hoymercedes.com.ar\/principal\/wp-json\/wp\/v2\/categories?post=182668"},{"taxonomy":"post_tag","embeddable":true,"href":"https:\/\/www.hoymercedes.com.ar\/principal\/wp-json\/wp\/v2\/tags?post=182668"}],"curies":[{"name":"wp","href":"https:\/\/api.w.org\/{rel}","templated":true}]}}