{"id":182711,"date":"2025-02-21T20:05:34","date_gmt":"2025-02-21T23:05:34","guid":{"rendered":"https:\/\/www.hoymercedes.com.ar\/principal\/?p=182711"},"modified":"2025-02-21T20:05:36","modified_gmt":"2025-02-21T23:05:36","slug":"siniestro-vial-en-ruta-5-una-victima-fatal","status":"publish","type":"post","link":"https:\/\/www.hoymercedes.com.ar\/principal\/2025\/02\/21\/siniestro-vial-en-ruta-5-una-victima-fatal\/","title":{"rendered":"Siniestro vial en ruta 5, una v\u00edctima fatal"},"content":{"rendered":"\n<p>En la madrugada de este viernes 21 de febrero, se produc\u00eda una violenta colisi\u00f3n por alcance, a la altura del kil\u00f3metro 170 de la arteria nacional, jurisdicci\u00f3n del partido de Chivilcoy. <\/p>\n\n\n\n<figure class=\"wp-block-image size-large\"><img loading=\"lazy\" decoding=\"async\" width=\"1024\" height=\"1024\" data-attachment-id=\"182713\" data-permalink=\"https:\/\/www.hoymercedes.com.ar\/principal\/2025\/02\/21\/siniestro-vial-en-ruta-5-una-victima-fatal\/fb_img_1740179034922\/#main\" data-orig-file=\"https:\/\/www.hoymercedes.com.ar\/principal\/wp-content\/uploads\/2025\/02\/FB_IMG_1740179034922.jpg\" data-orig-size=\"1080,1080\" data-comments-opened=\"0\" data-image-meta=\"{&quot;aperture&quot;:&quot;0&quot;,&quot;credit&quot;:&quot;&quot;,&quot;camera&quot;:&quot;&quot;,&quot;caption&quot;:&quot;&quot;,&quot;created_timestamp&quot;:&quot;0&quot;,&quot;copyright&quot;:&quot;&quot;,&quot;focal_length&quot;:&quot;0&quot;,&quot;iso&quot;:&quot;0&quot;,&quot;shutter_speed&quot;:&quot;0&quot;,&quot;title&quot;:&quot;&quot;,&quot;orientation&quot;:&quot;0&quot;}\" data-image-title=\"FB_IMG_1740179034922\" data-image-description=\"\" data-image-caption=\"\" data-large-file=\"https:\/\/www.hoymercedes.com.ar\/principal\/wp-content\/uploads\/2025\/02\/FB_IMG_1740179034922-1024x1024.jpg\" src=\"https:\/\/www.hoymercedes.com.ar\/principal\/wp-content\/uploads\/2025\/02\/FB_IMG_1740179034922-1024x1024.jpg\" alt=\"\" class=\"wp-image-182713\" srcset=\"https:\/\/www.hoymercedes.com.ar\/principal\/wp-content\/uploads\/2025\/02\/FB_IMG_1740179034922-1024x1024.jpg 1024w, https:\/\/www.hoymercedes.com.ar\/principal\/wp-content\/uploads\/2025\/02\/FB_IMG_1740179034922-620x620.jpg 620w, https:\/\/www.hoymercedes.com.ar\/principal\/wp-content\/uploads\/2025\/02\/FB_IMG_1740179034922-150x150.jpg 150w, https:\/\/www.hoymercedes.com.ar\/principal\/wp-content\/uploads\/2025\/02\/FB_IMG_1740179034922.jpg 1080w\" sizes=\"auto, (max-width: 1024px) 100vw, 1024px\" \/><\/figure>\n\n\n\n<p>El siniestro ocurrio cuando una Pick Up Volkswagen Amarok V6 , color gris oscuro , dominio AE840SZ , que era conducida por Pedro Anselmo Somma , de 66 a\u00f1os , quien circulando en sentido Alberti -Chivilcoy, embiste la parte trasera derecha de un acoplado cerealero que remolcaba un cami\u00f3n Ford Cargo,color blanco, dominio IKC458, que circulaba en el mismo sentido, conducido por Marcelo Eduardo Garc\u00eda, de 52 a\u00f1os.<\/p>\n\n\n\n<p>Luego de la violenta colision con el acoplado ,la Pick Up derrapa hacia la banquina , d\u00f3nde luego de dar varios vuelcos finaliza sobre la zona de pr\u00e9stamo apoyada sobre su techo a unos 120 metros de la zona de impacto.<\/p>\n\n\n\n<p>El conductor de la Pick Up sali\u00f3 despedido del habitaculo recibiendo m\u00faltiples lesiones que le provocaron su deceso al llegar al hospital de Chivilcoy; en tanto el ch\u00f3fer del cami\u00f3n resulto ileso.<\/p>\n\n\n\n<p>Intervino Sub Cr\u00eda Dardo Garelli, Polic\u00eda Vial y personal del Same de Chivilcoy y Polic\u00eda Cient\u00edfica de Mercedes.<\/p>\n\n\n\n<p>Colaboraci\u00f3n Jorge Lasala de Suipacha<\/p>\n\n\n\n<figure class=\"wp-block-image size-large\"><img loading=\"lazy\" decoding=\"async\" width=\"1024\" height=\"1024\" data-attachment-id=\"182714\" data-permalink=\"https:\/\/www.hoymercedes.com.ar\/principal\/2025\/02\/21\/siniestro-vial-en-ruta-5-una-victima-fatal\/fb_img_1740179023501\/#main\" data-orig-file=\"https:\/\/www.hoymercedes.com.ar\/principal\/wp-content\/uploads\/2025\/02\/FB_IMG_1740179023501.jpg\" data-orig-size=\"1080,1080\" data-comments-opened=\"0\" data-image-meta=\"{&quot;aperture&quot;:&quot;0&quot;,&quot;credit&quot;:&quot;&quot;,&quot;camera&quot;:&quot;&quot;,&quot;caption&quot;:&quot;&quot;,&quot;created_timestamp&quot;:&quot;0&quot;,&quot;copyright&quot;:&quot;&quot;,&quot;focal_length&quot;:&quot;0&quot;,&quot;iso&quot;:&quot;0&quot;,&quot;shutter_speed&quot;:&quot;0&quot;,&quot;title&quot;:&quot;&quot;,&quot;orientation&quot;:&quot;0&quot;}\" data-image-title=\"FB_IMG_1740179023501\" data-image-description=\"\" data-image-caption=\"\" data-large-file=\"https:\/\/www.hoymercedes.com.ar\/principal\/wp-content\/uploads\/2025\/02\/FB_IMG_1740179023501-1024x1024.jpg\" src=\"https:\/\/www.hoymercedes.com.ar\/principal\/wp-content\/uploads\/2025\/02\/FB_IMG_1740179023501-1024x1024.jpg\" alt=\"\" class=\"wp-image-182714\" srcset=\"https:\/\/www.hoymercedes.com.ar\/principal\/wp-content\/uploads\/2025\/02\/FB_IMG_1740179023501-1024x1024.jpg 1024w, https:\/\/www.hoymercedes.com.ar\/principal\/wp-content\/uploads\/2025\/02\/FB_IMG_1740179023501-620x620.jpg 620w, https:\/\/www.hoymercedes.com.ar\/principal\/wp-content\/uploads\/2025\/02\/FB_IMG_1740179023501-150x150.jpg 150w, https:\/\/www.hoymercedes.com.ar\/principal\/wp-content\/uploads\/2025\/02\/FB_IMG_1740179023501.jpg 1080w\" sizes=\"auto, (max-width: 1024px) 100vw, 1024px\" \/><\/figure>\n","protected":false},"excerpt":{"rendered":"<p>En la madrugada de este viernes 21 de febrero, se produc\u00eda una violenta colisi\u00f3n por alcance, a la altura del &#8230; <a title=\"Siniestro vial en ruta 5, una v\u00edctima fatal\" class=\"read-more\" href=\"https:\/\/www.hoymercedes.com.ar\/principal\/2025\/02\/21\/siniestro-vial-en-ruta-5-una-victima-fatal\/\" aria-label=\"Leer m\u00e1s sobre Siniestro vial en ruta 5, una v\u00edctima fatal\">Leer m\u00e1s<\/a><\/p>\n","protected":false},"author":1,"featured_media":182714,"comment_status":"closed","ping_status":"open","sticky":false,"template":"","format":"standard","meta":{"_monsterinsights_skip_tracking":false,"_monsterinsights_sitenote_active":false,"_monsterinsights_sitenote_note":"","_monsterinsights_sitenote_category":0,"jetpack_post_was_ever_published":false,"_jetpack_newsletter_access":"","_jetpack_dont_email_post_to_subs":false,"_jetpack_newsletter_tier_id":0,"_jetpack_memberships_contains_paywalled_content":false,"_jetpack_memberships_contains_paid_content":false,"footnotes":"","jetpack_publicize_message":"","jetpack_publicize_feature_enabled":true,"jetpack_social_post_already_shared":true,"jetpack_social_options":{"image_generator_settings":{"template":"highway","default_image_id":0,"font":"","enabled":false},"version":2},"_wpas_customize_per_network":false},"categories":[8],"tags":[],"class_list":["post-182711","post","type-post","status-publish","format-standard","has-post-thumbnail","hentry","category-sociedad","generate-columns","tablet-grid-50","mobile-grid-100","grid-parent","grid-50"],"jetpack_publicize_connections":[],"jetpack_featured_media_url":"https:\/\/www.hoymercedes.com.ar\/principal\/wp-content\/uploads\/2025\/02\/FB_IMG_1740179023501.jpg","wps_subtitle":"","jetpack_sharing_enabled":true,"_links":{"self":[{"href":"https:\/\/www.hoymercedes.com.ar\/principal\/wp-json\/wp\/v2\/posts\/182711","targetHints":{"allow":["GET"]}}],"collection":[{"href":"https:\/\/www.hoymercedes.com.ar\/principal\/wp-json\/wp\/v2\/posts"}],"about":[{"href":"https:\/\/www.hoymercedes.com.ar\/principal\/wp-json\/wp\/v2\/types\/post"}],"author":[{"embeddable":true,"href":"https:\/\/www.hoymercedes.com.ar\/principal\/wp-json\/wp\/v2\/users\/1"}],"replies":[{"embeddable":true,"href":"https:\/\/www.hoymercedes.com.ar\/principal\/wp-json\/wp\/v2\/comments?post=182711"}],"version-history":[{"count":2,"href":"https:\/\/www.hoymercedes.com.ar\/principal\/wp-json\/wp\/v2\/posts\/182711\/revisions"}],"predecessor-version":[{"id":182715,"href":"https:\/\/www.hoymercedes.com.ar\/principal\/wp-json\/wp\/v2\/posts\/182711\/revisions\/182715"}],"wp:featuredmedia":[{"embeddable":true,"href":"https:\/\/www.hoymercedes.com.ar\/principal\/wp-json\/wp\/v2\/media\/182714"}],"wp:attachment":[{"href":"https:\/\/www.hoymercedes.com.ar\/principal\/wp-json\/wp\/v2\/media?parent=182711"}],"wp:term":[{"taxonomy":"category","embeddable":true,"href":"https:\/\/www.hoymercedes.com.ar\/principal\/wp-json\/wp\/v2\/categories?post=182711"},{"taxonomy":"post_tag","embeddable":true,"href":"https:\/\/www.hoymercedes.com.ar\/principal\/wp-json\/wp\/v2\/tags?post=182711"}],"curies":[{"name":"wp","href":"https:\/\/api.w.org\/{rel}","templated":true}]}}