{"id":182722,"date":"2025-02-22T08:57:00","date_gmt":"2025-02-22T11:57:00","guid":{"rendered":"https:\/\/www.hoymercedes.com.ar\/principal\/?p=182722"},"modified":"2025-02-22T08:57:02","modified_gmt":"2025-02-22T11:57:02","slug":"choque-multiple-en-ruta-5-km113","status":"publish","type":"post","link":"https:\/\/www.hoymercedes.com.ar\/principal\/2025\/02\/22\/choque-multiple-en-ruta-5-km113\/","title":{"rendered":"Choque multiple en ruta 5 km113"},"content":{"rendered":"\n<p>En la noche del viernes se produjo un nuevo siniestro vial sobre el trazado de la ruta nacional 5 , en este caso en jurisdicci\u00f3n del partido de Mercedes. El evento ocurri\u00f3 a la altura del kil\u00f3metro 113. <\/p>\n\n\n\n<figure class=\"wp-block-image size-large\"><img loading=\"lazy\" decoding=\"async\" width=\"1024\" height=\"1024\" data-attachment-id=\"182724\" data-permalink=\"https:\/\/www.hoymercedes.com.ar\/principal\/2025\/02\/22\/choque-multiple-en-ruta-5-km113\/fb_img_1740224907996\/#main\" data-orig-file=\"https:\/\/www.hoymercedes.com.ar\/principal\/wp-content\/uploads\/2025\/02\/FB_IMG_1740224907996.jpg\" data-orig-size=\"1080,1080\" data-comments-opened=\"0\" data-image-meta=\"{&quot;aperture&quot;:&quot;0&quot;,&quot;credit&quot;:&quot;&quot;,&quot;camera&quot;:&quot;&quot;,&quot;caption&quot;:&quot;&quot;,&quot;created_timestamp&quot;:&quot;0&quot;,&quot;copyright&quot;:&quot;&quot;,&quot;focal_length&quot;:&quot;0&quot;,&quot;iso&quot;:&quot;0&quot;,&quot;shutter_speed&quot;:&quot;0&quot;,&quot;title&quot;:&quot;&quot;,&quot;orientation&quot;:&quot;0&quot;}\" data-image-title=\"FB_IMG_1740224907996\" data-image-description=\"\" data-image-caption=\"\" data-large-file=\"https:\/\/www.hoymercedes.com.ar\/principal\/wp-content\/uploads\/2025\/02\/FB_IMG_1740224907996-1024x1024.jpg\" src=\"https:\/\/www.hoymercedes.com.ar\/principal\/wp-content\/uploads\/2025\/02\/FB_IMG_1740224907996-1024x1024.jpg\" alt=\"\" class=\"wp-image-182724\" srcset=\"https:\/\/www.hoymercedes.com.ar\/principal\/wp-content\/uploads\/2025\/02\/FB_IMG_1740224907996-1024x1024.jpg 1024w, https:\/\/www.hoymercedes.com.ar\/principal\/wp-content\/uploads\/2025\/02\/FB_IMG_1740224907996-620x620.jpg 620w, https:\/\/www.hoymercedes.com.ar\/principal\/wp-content\/uploads\/2025\/02\/FB_IMG_1740224907996-150x150.jpg 150w, https:\/\/www.hoymercedes.com.ar\/principal\/wp-content\/uploads\/2025\/02\/FB_IMG_1740224907996.jpg 1080w\" sizes=\"auto, (max-width: 1024px) 100vw, 1024px\" \/><\/figure>\n\n\n\n<p>Se tratan de establecer los motivos, aunque informaron que \u00abuna mala maniobra de un cami\u00f3n de gran porte Iveco 440 con semiremolque, conducido por N\u00e9stor Etelvino Schulz, domiciliado en Misiones, quien viajaba acompa\u00f1ado por su pareja y dos ni\u00f1os menores de 1 y 7 a\u00f1os, que circulaba en sent\u00eddo Suipacha-Mercedes, embisti\u00f3 el lateral izquierdo de otro cami\u00f3n Mercedes Benz Axor 2544 con semiremolque, que era conducido por C\u00e9sar Alberto Cabrera de 35 a\u00f1os, domiciliado en Mendoza.<\/p>\n\n\n\n<p>Seguidamente embisti\u00f3 a un autom\u00f3vil Ford Territory, color Blanco, en el que viajaban Antonio Oscar Mastromarino, de 62 a\u00f1os , su esposa Javiera Villalba , de 61 y Antonella Mastromarino Villalba de 37 a\u00f1os, todos domiciliados en Alberti, que circulaban en sentido contrario.<\/p>\n\n\n\n<p>Luego de la triple colisi\u00f3n, el cami\u00f3n Mercedes Benz Axor con semiremolque, cargado con bolsones de poliacrilamida anionica con destino a pozos petroleros en el sur del pa\u00eds, comprob\u00f3 que obtuvo serios da\u00f1os en su lateral y se mantuvo detenido sobre la banquina. El cami\u00f3n embistente se cruz\u00f3 de mano, quedando cruzado entre la banquina y el sector que se est\u00e1 preparando para la futura autov\u00eda, en cuanto al Ford Territory finaliza tambi\u00e9n sobre el mismo trazado.<\/p>\n\n\n\n<figure class=\"wp-block-image size-large\"><img loading=\"lazy\" decoding=\"async\" width=\"1024\" height=\"1024\" data-attachment-id=\"182723\" data-permalink=\"https:\/\/www.hoymercedes.com.ar\/principal\/2025\/02\/22\/choque-multiple-en-ruta-5-km113\/fb_img_1740224937122\/#main\" data-orig-file=\"https:\/\/www.hoymercedes.com.ar\/principal\/wp-content\/uploads\/2025\/02\/FB_IMG_1740224937122.jpg\" data-orig-size=\"1080,1080\" data-comments-opened=\"0\" data-image-meta=\"{&quot;aperture&quot;:&quot;0&quot;,&quot;credit&quot;:&quot;&quot;,&quot;camera&quot;:&quot;&quot;,&quot;caption&quot;:&quot;&quot;,&quot;created_timestamp&quot;:&quot;0&quot;,&quot;copyright&quot;:&quot;&quot;,&quot;focal_length&quot;:&quot;0&quot;,&quot;iso&quot;:&quot;0&quot;,&quot;shutter_speed&quot;:&quot;0&quot;,&quot;title&quot;:&quot;&quot;,&quot;orientation&quot;:&quot;0&quot;}\" data-image-title=\"FB_IMG_1740224937122\" data-image-description=\"\" data-image-caption=\"\" data-large-file=\"https:\/\/www.hoymercedes.com.ar\/principal\/wp-content\/uploads\/2025\/02\/FB_IMG_1740224937122-1024x1024.jpg\" src=\"https:\/\/www.hoymercedes.com.ar\/principal\/wp-content\/uploads\/2025\/02\/FB_IMG_1740224937122-1024x1024.jpg\" alt=\"\" class=\"wp-image-182723\" srcset=\"https:\/\/www.hoymercedes.com.ar\/principal\/wp-content\/uploads\/2025\/02\/FB_IMG_1740224937122-1024x1024.jpg 1024w, https:\/\/www.hoymercedes.com.ar\/principal\/wp-content\/uploads\/2025\/02\/FB_IMG_1740224937122-620x620.jpg 620w, https:\/\/www.hoymercedes.com.ar\/principal\/wp-content\/uploads\/2025\/02\/FB_IMG_1740224937122-150x150.jpg 150w, https:\/\/www.hoymercedes.com.ar\/principal\/wp-content\/uploads\/2025\/02\/FB_IMG_1740224937122.jpg 1080w\" sizes=\"auto, (max-width: 1024px) 100vw, 1024px\" \/><\/figure>\n\n\n\n<p>Seg\u00fan trascendidos inmediatamente producido el siniestro se generaron discusiones entre los involucrados debido a la mala maniobra del ch\u00f3fer misionero que presentar\u00eda aliento et\u00edlico.<\/p>\n\n\n\n<p>Ambulancia del SAME de Mercedes traslad\u00f3 a la pareja del ch\u00f3fer misionero y a sus hijos al hospital Blas Dubarry de Mercedes, con heridas de car\u00e1cter leve, en tanto el resto de los involucrados resulto ileso. Asimismo los conductores fueron derivados a realizar extracci\u00f3n de muestras sangre.<\/p>\n\n\n\n<p>Intervinieron Bomberos Voluntarios, personal del SAME, Polic\u00eda Comunal de Mercedes y Bomberos Voluntarios y Polic\u00eda Comunal de Suipacha en apoyo.<\/p>\n\n\n\n<p>Colaboraci\u00f3n Jorge Lasala de Suipacha <\/p>\n","protected":false},"excerpt":{"rendered":"<p>En la noche del viernes se produjo un nuevo siniestro vial sobre el trazado de la ruta nacional 5 , &#8230; <a title=\"Choque multiple en ruta 5 km113\" class=\"read-more\" href=\"https:\/\/www.hoymercedes.com.ar\/principal\/2025\/02\/22\/choque-multiple-en-ruta-5-km113\/\" aria-label=\"Leer m\u00e1s sobre Choque multiple en ruta 5 km113\">Leer m\u00e1s<\/a><\/p>\n","protected":false},"author":1,"featured_media":182724,"comment_status":"closed","ping_status":"open","sticky":false,"template":"","format":"standard","meta":{"_monsterinsights_skip_tracking":false,"_monsterinsights_sitenote_active":false,"_monsterinsights_sitenote_note":"","_monsterinsights_sitenote_category":0,"jetpack_post_was_ever_published":false,"_jetpack_newsletter_access":"","_jetpack_dont_email_post_to_subs":false,"_jetpack_newsletter_tier_id":0,"_jetpack_memberships_contains_paywalled_content":false,"_jetpack_memberships_contains_paid_content":false,"footnotes":"","jetpack_publicize_message":"","jetpack_publicize_feature_enabled":true,"jetpack_social_post_already_shared":true,"jetpack_social_options":{"image_generator_settings":{"template":"highway","default_image_id":0,"font":"","enabled":false},"version":2},"_wpas_customize_per_network":false},"categories":[8],"tags":[],"class_list":["post-182722","post","type-post","status-publish","format-standard","has-post-thumbnail","hentry","category-sociedad","generate-columns","tablet-grid-50","mobile-grid-100","grid-parent","grid-50"],"jetpack_publicize_connections":[],"jetpack_featured_media_url":"https:\/\/www.hoymercedes.com.ar\/principal\/wp-content\/uploads\/2025\/02\/FB_IMG_1740224907996.jpg","wps_subtitle":"","jetpack_sharing_enabled":true,"_links":{"self":[{"href":"https:\/\/www.hoymercedes.com.ar\/principal\/wp-json\/wp\/v2\/posts\/182722","targetHints":{"allow":["GET"]}}],"collection":[{"href":"https:\/\/www.hoymercedes.com.ar\/principal\/wp-json\/wp\/v2\/posts"}],"about":[{"href":"https:\/\/www.hoymercedes.com.ar\/principal\/wp-json\/wp\/v2\/types\/post"}],"author":[{"embeddable":true,"href":"https:\/\/www.hoymercedes.com.ar\/principal\/wp-json\/wp\/v2\/users\/1"}],"replies":[{"embeddable":true,"href":"https:\/\/www.hoymercedes.com.ar\/principal\/wp-json\/wp\/v2\/comments?post=182722"}],"version-history":[{"count":1,"href":"https:\/\/www.hoymercedes.com.ar\/principal\/wp-json\/wp\/v2\/posts\/182722\/revisions"}],"predecessor-version":[{"id":182725,"href":"https:\/\/www.hoymercedes.com.ar\/principal\/wp-json\/wp\/v2\/posts\/182722\/revisions\/182725"}],"wp:featuredmedia":[{"embeddable":true,"href":"https:\/\/www.hoymercedes.com.ar\/principal\/wp-json\/wp\/v2\/media\/182724"}],"wp:attachment":[{"href":"https:\/\/www.hoymercedes.com.ar\/principal\/wp-json\/wp\/v2\/media?parent=182722"}],"wp:term":[{"taxonomy":"category","embeddable":true,"href":"https:\/\/www.hoymercedes.com.ar\/principal\/wp-json\/wp\/v2\/categories?post=182722"},{"taxonomy":"post_tag","embeddable":true,"href":"https:\/\/www.hoymercedes.com.ar\/principal\/wp-json\/wp\/v2\/tags?post=182722"}],"curies":[{"name":"wp","href":"https:\/\/api.w.org\/{rel}","templated":true}]}}