{"id":182760,"date":"2025-02-23T23:50:02","date_gmt":"2025-02-24T02:50:02","guid":{"rendered":"https:\/\/www.hoymercedes.com.ar\/principal\/?p=182760"},"modified":"2025-02-23T23:50:04","modified_gmt":"2025-02-24T02:50:04","slug":"confirman-que-el-camionero-del-siniestro-vial-del-viernes-estaba-alcoholizado","status":"publish","type":"post","link":"https:\/\/www.hoymercedes.com.ar\/principal\/2025\/02\/23\/confirman-que-el-camionero-del-siniestro-vial-del-viernes-estaba-alcoholizado\/","title":{"rendered":"Confirman que el camionero del siniestro vial del viernes estaba alcoholizado"},"content":{"rendered":"\n<p>Por Jorge Lasala &#8211; Este domingo se confirm\u00f3 que 1.97 g\/l de alcohol en sangre fue lo que registro el test realizado por las autoridades al ch\u00f3fer misionero causante del siniestro vial en el kil\u00f3metro 113 de la ruta 5, el pasado viernes 21 de febrero.<\/p>\n\n\n\n<figure class=\"wp-block-image size-large\"><img loading=\"lazy\" decoding=\"async\" width=\"1024\" height=\"1024\" data-attachment-id=\"182761\" data-permalink=\"https:\/\/www.hoymercedes.com.ar\/principal\/2025\/02\/23\/confirman-que-el-camionero-del-siniestro-vial-del-viernes-estaba-alcoholizado\/fb_img_1740365178362\/#main\" data-orig-file=\"https:\/\/www.hoymercedes.com.ar\/principal\/wp-content\/uploads\/2025\/02\/FB_IMG_1740365178362.jpg\" data-orig-size=\"1080,1080\" data-comments-opened=\"0\" data-image-meta=\"{&quot;aperture&quot;:&quot;0&quot;,&quot;credit&quot;:&quot;&quot;,&quot;camera&quot;:&quot;&quot;,&quot;caption&quot;:&quot;&quot;,&quot;created_timestamp&quot;:&quot;0&quot;,&quot;copyright&quot;:&quot;&quot;,&quot;focal_length&quot;:&quot;0&quot;,&quot;iso&quot;:&quot;0&quot;,&quot;shutter_speed&quot;:&quot;0&quot;,&quot;title&quot;:&quot;&quot;,&quot;orientation&quot;:&quot;0&quot;}\" data-image-title=\"FB_IMG_1740365178362\" data-image-description=\"\" data-image-caption=\"\" data-large-file=\"https:\/\/www.hoymercedes.com.ar\/principal\/wp-content\/uploads\/2025\/02\/FB_IMG_1740365178362-1024x1024.jpg\" src=\"https:\/\/www.hoymercedes.com.ar\/principal\/wp-content\/uploads\/2025\/02\/FB_IMG_1740365178362-1024x1024.jpg\" alt=\"\" class=\"wp-image-182761\" srcset=\"https:\/\/www.hoymercedes.com.ar\/principal\/wp-content\/uploads\/2025\/02\/FB_IMG_1740365178362-1024x1024.jpg 1024w, https:\/\/www.hoymercedes.com.ar\/principal\/wp-content\/uploads\/2025\/02\/FB_IMG_1740365178362-620x620.jpg 620w, https:\/\/www.hoymercedes.com.ar\/principal\/wp-content\/uploads\/2025\/02\/FB_IMG_1740365178362-150x150.jpg 150w, https:\/\/www.hoymercedes.com.ar\/principal\/wp-content\/uploads\/2025\/02\/FB_IMG_1740365178362.jpg 1080w\" sizes=\"auto, (max-width: 1024px) 100vw, 1024px\" \/><\/figure>\n\n\n\n<p>N\u00e9stor Etelvino Schulz, de 43 a\u00f1os , quien viajaba acompa\u00f1ado por su pareja y dos peque\u00f1os ni\u00f1os, conduci\u00eda el cami\u00f3n Iveco 440 con semiremolque que generar\u00e1 el siniestro vial con otro cami\u00f3n y un autom\u00f3vil que circulaban en sentido contrario, fue quien tras el test realizado por autoridades intervinientes resultar\u00e1 positivo al consumo de alcohol.<\/p>\n\n\n\n<p>El d\u00eda del evento al llegar al lugar los medios de emergencia se encontraron con una acalorada discusi\u00f3n que manten\u00edan algunos conductores con el mencionado ch\u00f3fer , quien seg\u00fan refer\u00edan ten\u00eda aliento et\u00edlico y ven\u00eda realizando malas maniobras en la conducci\u00f3n antes de la colisi\u00f3n, refirieron tambi\u00e9n que el mismo habr\u00eda reconocido que hab\u00eda cenado en una parrilla y consumido alcohol junto a su pareja.<\/p>\n\n\n\n<p>M\u00e1s all\u00e1 de la gravedad de la situaci\u00f3n, que por fortuna, no caus\u00f3 p\u00e9rdidas humanas, abre una vez m\u00e1s el debate sobre el flagelo del consumo de alcohol al volante que genera , en este caso cuantiosos gastos a la empresa propietaria del transporte , tales como destrucci\u00f3n total del cami\u00f3n, lucro cesante , reclamo judicial por los da\u00f1os provocados no cubiertos por el seguro, que ante el caso de alcoholemia positiva es probable que quede sin cobertura.<\/p>\n\n\n\n<p>El alcohol y la falta y\/o no respeto del horario de descanso son los enemigos m\u00e1s frecuentes de las empresas de transporte, ya que son eventos que generan cuantiosas perdidas.<\/p>\n\n\n\n<p>Por Jorge Lasala de Suipacha <\/p>\n","protected":false},"excerpt":{"rendered":"<p>Por Jorge Lasala &#8211; Este domingo se confirm\u00f3 que 1.97 g\/l de alcohol en sangre fue lo que registro el &#8230; <a title=\"Confirman que el camionero del siniestro vial del viernes estaba alcoholizado\" class=\"read-more\" href=\"https:\/\/www.hoymercedes.com.ar\/principal\/2025\/02\/23\/confirman-que-el-camionero-del-siniestro-vial-del-viernes-estaba-alcoholizado\/\" aria-label=\"Leer m\u00e1s sobre Confirman que el camionero del siniestro vial del viernes estaba alcoholizado\">Leer m\u00e1s<\/a><\/p>\n","protected":false},"author":1,"featured_media":182761,"comment_status":"closed","ping_status":"open","sticky":false,"template":"","format":"standard","meta":{"_monsterinsights_skip_tracking":false,"_monsterinsights_sitenote_active":false,"_monsterinsights_sitenote_note":"","_monsterinsights_sitenote_category":0,"jetpack_post_was_ever_published":false,"_jetpack_newsletter_access":"","_jetpack_dont_email_post_to_subs":false,"_jetpack_newsletter_tier_id":0,"_jetpack_memberships_contains_paywalled_content":false,"_jetpack_memberships_contains_paid_content":false,"footnotes":"","jetpack_publicize_message":"","jetpack_publicize_feature_enabled":true,"jetpack_social_post_already_shared":true,"jetpack_social_options":{"image_generator_settings":{"template":"highway","default_image_id":0,"font":"","enabled":false},"version":2},"_wpas_customize_per_network":false},"categories":[8],"tags":[],"class_list":["post-182760","post","type-post","status-publish","format-standard","has-post-thumbnail","hentry","category-sociedad","generate-columns","tablet-grid-50","mobile-grid-100","grid-parent","grid-50"],"jetpack_publicize_connections":[],"jetpack_featured_media_url":"https:\/\/www.hoymercedes.com.ar\/principal\/wp-content\/uploads\/2025\/02\/FB_IMG_1740365178362.jpg","wps_subtitle":"","jetpack_sharing_enabled":true,"_links":{"self":[{"href":"https:\/\/www.hoymercedes.com.ar\/principal\/wp-json\/wp\/v2\/posts\/182760","targetHints":{"allow":["GET"]}}],"collection":[{"href":"https:\/\/www.hoymercedes.com.ar\/principal\/wp-json\/wp\/v2\/posts"}],"about":[{"href":"https:\/\/www.hoymercedes.com.ar\/principal\/wp-json\/wp\/v2\/types\/post"}],"author":[{"embeddable":true,"href":"https:\/\/www.hoymercedes.com.ar\/principal\/wp-json\/wp\/v2\/users\/1"}],"replies":[{"embeddable":true,"href":"https:\/\/www.hoymercedes.com.ar\/principal\/wp-json\/wp\/v2\/comments?post=182760"}],"version-history":[{"count":1,"href":"https:\/\/www.hoymercedes.com.ar\/principal\/wp-json\/wp\/v2\/posts\/182760\/revisions"}],"predecessor-version":[{"id":182762,"href":"https:\/\/www.hoymercedes.com.ar\/principal\/wp-json\/wp\/v2\/posts\/182760\/revisions\/182762"}],"wp:featuredmedia":[{"embeddable":true,"href":"https:\/\/www.hoymercedes.com.ar\/principal\/wp-json\/wp\/v2\/media\/182761"}],"wp:attachment":[{"href":"https:\/\/www.hoymercedes.com.ar\/principal\/wp-json\/wp\/v2\/media?parent=182760"}],"wp:term":[{"taxonomy":"category","embeddable":true,"href":"https:\/\/www.hoymercedes.com.ar\/principal\/wp-json\/wp\/v2\/categories?post=182760"},{"taxonomy":"post_tag","embeddable":true,"href":"https:\/\/www.hoymercedes.com.ar\/principal\/wp-json\/wp\/v2\/tags?post=182760"}],"curies":[{"name":"wp","href":"https:\/\/api.w.org\/{rel}","templated":true}]}}