{"id":182765,"date":"2025-02-24T11:18:52","date_gmt":"2025-02-24T14:18:52","guid":{"rendered":"https:\/\/www.hoymercedes.com.ar\/principal\/?p=182765"},"modified":"2025-02-24T11:19:08","modified_gmt":"2025-02-24T14:19:08","slug":"cortes-de-luz-por-las-lluvias","status":"publish","type":"post","link":"https:\/\/www.hoymercedes.com.ar\/principal\/2025\/02\/24\/cortes-de-luz-por-las-lluvias\/","title":{"rendered":"Cortes de luz por las lluvias"},"content":{"rendered":"\n<p>Desde la empresa EDEN informaron que \u00abdebido a la tormenta de grandes precipitaciones y descargas atmosf\u00e9ricas se vio afectado el suministro el\u00e9ctrico en algunas zonas de Mercedes\u00bb<\/p>\n\n\n\n<p>De acuerdo a la n\u00f3mina de zonas enviadas, se ve afectada la calle 26 y prolongaci\u00f3n, la zona de calles 32 y 51, calle 11 y su prolongaci\u00f3n, zona del Campo de Polo y la zona aleda\u00f1a a la intersecci\u00f3n de calles 48 y 17<\/p>\n\n\n\n<p>\u00abEn este momento nos encontramos trabajando para restablecer el servicio en la medida en las condiciones clim\u00e1ticas lo permitan. Se solicita a los vecinos mantenerse a resguardo, no circular por calles anegadas y no tocar cables cortados ni retirar ramas de los tendidos de electricidad\u00bb destacan desde la empresa.<\/p>\n\n\n\n<p>Los vecinos pueden comunicarse con EDEN enviando un mensaje por WhatsApp al +54 9 336 4526944 o llamar al 0800 999 3336.<\/p>\n","protected":false},"excerpt":{"rendered":"<p>Desde la empresa EDEN informaron que \u00abdebido a la tormenta de grandes precipitaciones y descargas atmosf\u00e9ricas se vio afectado el &#8230; <a title=\"Cortes de luz por las lluvias\" class=\"read-more\" href=\"https:\/\/www.hoymercedes.com.ar\/principal\/2025\/02\/24\/cortes-de-luz-por-las-lluvias\/\" aria-label=\"Leer m\u00e1s sobre Cortes de luz por las lluvias\">Leer m\u00e1s<\/a><\/p>\n","protected":false},"author":1,"featured_media":135770,"comment_status":"closed","ping_status":"open","sticky":false,"template":"","format":"standard","meta":{"_monsterinsights_skip_tracking":false,"_monsterinsights_sitenote_active":false,"_monsterinsights_sitenote_note":"","_monsterinsights_sitenote_category":0,"jetpack_post_was_ever_published":false,"_jetpack_newsletter_access":"","_jetpack_dont_email_post_to_subs":false,"_jetpack_newsletter_tier_id":0,"_jetpack_memberships_contains_paywalled_content":false,"_jetpack_memberships_contains_paid_content":false,"footnotes":"","jetpack_publicize_message":"","jetpack_publicize_feature_enabled":true,"jetpack_social_post_already_shared":true,"jetpack_social_options":{"image_generator_settings":{"template":"highway","default_image_id":0,"font":"","enabled":false},"version":2},"_wpas_customize_per_network":false},"categories":[8],"tags":[],"class_list":["post-182765","post","type-post","status-publish","format-standard","has-post-thumbnail","hentry","category-sociedad","generate-columns","tablet-grid-50","mobile-grid-100","grid-parent","grid-50"],"jetpack_publicize_connections":[],"jetpack_featured_media_url":"https:\/\/www.hoymercedes.com.ar\/principal\/wp-content\/uploads\/2021\/08\/EDEN-logoconclaim.jpg","wps_subtitle":"","jetpack_sharing_enabled":true,"_links":{"self":[{"href":"https:\/\/www.hoymercedes.com.ar\/principal\/wp-json\/wp\/v2\/posts\/182765","targetHints":{"allow":["GET"]}}],"collection":[{"href":"https:\/\/www.hoymercedes.com.ar\/principal\/wp-json\/wp\/v2\/posts"}],"about":[{"href":"https:\/\/www.hoymercedes.com.ar\/principal\/wp-json\/wp\/v2\/types\/post"}],"author":[{"embeddable":true,"href":"https:\/\/www.hoymercedes.com.ar\/principal\/wp-json\/wp\/v2\/users\/1"}],"replies":[{"embeddable":true,"href":"https:\/\/www.hoymercedes.com.ar\/principal\/wp-json\/wp\/v2\/comments?post=182765"}],"version-history":[{"count":1,"href":"https:\/\/www.hoymercedes.com.ar\/principal\/wp-json\/wp\/v2\/posts\/182765\/revisions"}],"predecessor-version":[{"id":182766,"href":"https:\/\/www.hoymercedes.com.ar\/principal\/wp-json\/wp\/v2\/posts\/182765\/revisions\/182766"}],"wp:featuredmedia":[{"embeddable":true,"href":"https:\/\/www.hoymercedes.com.ar\/principal\/wp-json\/wp\/v2\/media\/135770"}],"wp:attachment":[{"href":"https:\/\/www.hoymercedes.com.ar\/principal\/wp-json\/wp\/v2\/media?parent=182765"}],"wp:term":[{"taxonomy":"category","embeddable":true,"href":"https:\/\/www.hoymercedes.com.ar\/principal\/wp-json\/wp\/v2\/categories?post=182765"},{"taxonomy":"post_tag","embeddable":true,"href":"https:\/\/www.hoymercedes.com.ar\/principal\/wp-json\/wp\/v2\/tags?post=182765"}],"curies":[{"name":"wp","href":"https:\/\/api.w.org\/{rel}","templated":true}]}}