{"id":182767,"date":"2025-02-24T15:19:59","date_gmt":"2025-02-24T18:19:59","guid":{"rendered":"https:\/\/www.hoymercedes.com.ar\/principal\/?p=182767"},"modified":"2025-02-24T15:20:01","modified_gmt":"2025-02-24T18:20:01","slug":"en-pocas-horas-llovio-lo-que-seria-para-todo-febrero","status":"publish","type":"post","link":"https:\/\/www.hoymercedes.com.ar\/principal\/2025\/02\/24\/en-pocas-horas-llovio-lo-que-seria-para-todo-febrero\/","title":{"rendered":"En pocas horas llovi\u00f3 lo que ser\u00eda para todo febrero"},"content":{"rendered":"\n<figure class=\"wp-block-image size-large\"><img loading=\"lazy\" decoding=\"async\" width=\"1024\" height=\"682\" data-attachment-id=\"182768\" data-permalink=\"https:\/\/www.hoymercedes.com.ar\/principal\/2025\/02\/24\/en-pocas-horas-llovio-lo-que-seria-para-todo-febrero\/agua-escurrida\/#main\" data-orig-file=\"https:\/\/www.hoymercedes.com.ar\/principal\/wp-content\/uploads\/2025\/02\/Agua-Escurrida.jpg\" data-orig-size=\"1319,879\" data-comments-opened=\"0\" data-image-meta=\"{&quot;aperture&quot;:&quot;0&quot;,&quot;credit&quot;:&quot;&quot;,&quot;camera&quot;:&quot;&quot;,&quot;caption&quot;:&quot;&quot;,&quot;created_timestamp&quot;:&quot;0&quot;,&quot;copyright&quot;:&quot;&quot;,&quot;focal_length&quot;:&quot;0&quot;,&quot;iso&quot;:&quot;0&quot;,&quot;shutter_speed&quot;:&quot;0&quot;,&quot;title&quot;:&quot;&quot;,&quot;orientation&quot;:&quot;0&quot;}\" data-image-title=\"En pocas horas llovi\u00f3 lo que ser\u00eda para todo febrero\" data-image-description=\"&lt;p&gt;En pocas horas llovi\u00f3 lo que ser\u00eda para todo febrero&lt;\/p&gt;\n\" data-image-caption=\"&lt;p&gt;En pocas horas llovi\u00f3 lo que ser\u00eda para todo febrero&lt;\/p&gt;\n\" data-large-file=\"https:\/\/www.hoymercedes.com.ar\/principal\/wp-content\/uploads\/2025\/02\/Agua-Escurrida-1024x682.jpg\" src=\"https:\/\/www.hoymercedes.com.ar\/principal\/wp-content\/uploads\/2025\/02\/Agua-Escurrida-1024x682.jpg\" alt=\"\" class=\"wp-image-182768\" srcset=\"https:\/\/www.hoymercedes.com.ar\/principal\/wp-content\/uploads\/2025\/02\/Agua-Escurrida-1024x682.jpg 1024w, https:\/\/www.hoymercedes.com.ar\/principal\/wp-content\/uploads\/2025\/02\/Agua-Escurrida-630x420.jpg 630w, https:\/\/www.hoymercedes.com.ar\/principal\/wp-content\/uploads\/2025\/02\/Agua-Escurrida-150x100.jpg 150w, https:\/\/www.hoymercedes.com.ar\/principal\/wp-content\/uploads\/2025\/02\/Agua-Escurrida-700x465.jpg 700w, https:\/\/www.hoymercedes.com.ar\/principal\/wp-content\/uploads\/2025\/02\/Agua-Escurrida.jpg 1319w\" sizes=\"auto, (max-width: 1024px) 100vw, 1024px\" \/><\/figure>\n\n\n\n<p>En nuestra ciudad tambi\u00e9n impact\u00f3 el <strong>fen\u00f3meno clim\u00e1tico <\/strong>que vive toda la regi\u00f3n. En pocas horas este lunes cayeron <strong>150 mil\u00edmetros<\/strong> de agua y contin\u00faa. Es el mismo registro que equivale a lo proyectado para todo el mes de febrero.<\/p>\n\n\n\n<p>Esta enorme ca\u00edda de agua genera m\u00faltiples inconvenientes. El drenaje si bien es acorde claramente se ve superado por la cantidad de agua en tan poco tiempo.<\/p>\n\n\n\n<p>En <strong>Suipacha<\/strong>, por ejemplo, ya registraron 100 mil\u00edmetros y techos volados. En <strong>Luj\u00e1n <\/strong>otros 120 mil\u00edmetros.<\/p>\n\n\n\n<p><strong>Precauci\u00f3n<\/strong><\/p>\n\n\n\n<ul class=\"wp-block-list\">\n<li>Se recomienda no salir de las viviendas si no es necesario.<\/li>\n\n\n\n<li>Evitar toca postes, cajas o cables de energ\u00eda.<\/li>\n\n\n\n<li>No sacar los residuos o elementos que obstaculicen el drenaje de agua.<\/li>\n<\/ul>\n\n\n\n<p><\/p>\n","protected":false},"excerpt":{"rendered":"<p>En nuestra ciudad tambi\u00e9n impact\u00f3 el fen\u00f3meno clim\u00e1tico que vive toda la regi\u00f3n. En pocas horas este lunes cayeron 150 &#8230; <a title=\"En pocas horas llovi\u00f3 lo que ser\u00eda para todo febrero\" class=\"read-more\" href=\"https:\/\/www.hoymercedes.com.ar\/principal\/2025\/02\/24\/en-pocas-horas-llovio-lo-que-seria-para-todo-febrero\/\" aria-label=\"Leer m\u00e1s sobre En pocas horas llovi\u00f3 lo que ser\u00eda para todo febrero\">Leer m\u00e1s<\/a><\/p>\n","protected":false},"author":1,"featured_media":182768,"comment_status":"closed","ping_status":"open","sticky":false,"template":"","format":"standard","meta":{"_monsterinsights_skip_tracking":false,"_monsterinsights_sitenote_active":false,"_monsterinsights_sitenote_note":"","_monsterinsights_sitenote_category":0,"jetpack_post_was_ever_published":false,"_jetpack_newsletter_access":"","_jetpack_dont_email_post_to_subs":false,"_jetpack_newsletter_tier_id":0,"_jetpack_memberships_contains_paywalled_content":false,"_jetpack_memberships_contains_paid_content":false,"footnotes":"","jetpack_publicize_message":"","jetpack_publicize_feature_enabled":true,"jetpack_social_post_already_shared":true,"jetpack_social_options":{"image_generator_settings":{"template":"highway","default_image_id":0,"font":"","enabled":false},"version":2},"_wpas_customize_per_network":false},"categories":[8],"tags":[13126,3049],"class_list":["post-182767","post","type-post","status-publish","format-standard","has-post-thumbnail","hentry","category-sociedad","tag-fenomeno-climatico","tag-lluvia-mercedes","generate-columns","tablet-grid-50","mobile-grid-100","grid-parent","grid-50"],"jetpack_publicize_connections":[],"jetpack_featured_media_url":"https:\/\/www.hoymercedes.com.ar\/principal\/wp-content\/uploads\/2025\/02\/Agua-Escurrida.jpg","wps_subtitle":"Fen\u00f3meno clim\u00e1tico","jetpack_sharing_enabled":true,"_links":{"self":[{"href":"https:\/\/www.hoymercedes.com.ar\/principal\/wp-json\/wp\/v2\/posts\/182767","targetHints":{"allow":["GET"]}}],"collection":[{"href":"https:\/\/www.hoymercedes.com.ar\/principal\/wp-json\/wp\/v2\/posts"}],"about":[{"href":"https:\/\/www.hoymercedes.com.ar\/principal\/wp-json\/wp\/v2\/types\/post"}],"author":[{"embeddable":true,"href":"https:\/\/www.hoymercedes.com.ar\/principal\/wp-json\/wp\/v2\/users\/1"}],"replies":[{"embeddable":true,"href":"https:\/\/www.hoymercedes.com.ar\/principal\/wp-json\/wp\/v2\/comments?post=182767"}],"version-history":[{"count":2,"href":"https:\/\/www.hoymercedes.com.ar\/principal\/wp-json\/wp\/v2\/posts\/182767\/revisions"}],"predecessor-version":[{"id":182770,"href":"https:\/\/www.hoymercedes.com.ar\/principal\/wp-json\/wp\/v2\/posts\/182767\/revisions\/182770"}],"wp:featuredmedia":[{"embeddable":true,"href":"https:\/\/www.hoymercedes.com.ar\/principal\/wp-json\/wp\/v2\/media\/182768"}],"wp:attachment":[{"href":"https:\/\/www.hoymercedes.com.ar\/principal\/wp-json\/wp\/v2\/media?parent=182767"}],"wp:term":[{"taxonomy":"category","embeddable":true,"href":"https:\/\/www.hoymercedes.com.ar\/principal\/wp-json\/wp\/v2\/categories?post=182767"},{"taxonomy":"post_tag","embeddable":true,"href":"https:\/\/www.hoymercedes.com.ar\/principal\/wp-json\/wp\/v2\/tags?post=182767"}],"curies":[{"name":"wp","href":"https:\/\/api.w.org\/{rel}","templated":true}]}}