{"id":182771,"date":"2025-02-24T19:19:46","date_gmt":"2025-02-24T22:19:46","guid":{"rendered":"https:\/\/www.hoymercedes.com.ar\/principal\/?p=182771"},"modified":"2025-02-24T19:19:47","modified_gmt":"2025-02-24T22:19:47","slug":"tormenta-brutal-asistencia-municipal-trabajos-y-lluvia-record-en-poco-tiempo","status":"publish","type":"post","link":"https:\/\/www.hoymercedes.com.ar\/principal\/2025\/02\/24\/tormenta-brutal-asistencia-municipal-trabajos-y-lluvia-record-en-poco-tiempo\/","title":{"rendered":"Tormenta brutal: Asistencia municipal, trabajos y lluvia r\u00e9cord en poco tiempo"},"content":{"rendered":"\n<figure class=\"wp-block-gallery has-nested-images columns-default is-cropped wp-block-gallery-1 is-layout-flex wp-block-gallery-is-layout-flex\">\n<figure class=\"wp-block-image size-large\"><img loading=\"lazy\" decoding=\"async\" width=\"1024\" height=\"768\" data-attachment-id=\"182772\" data-permalink=\"https:\/\/www.hoymercedes.com.ar\/principal\/2025\/02\/24\/tormenta-brutal-asistencia-municipal-trabajos-y-lluvia-record-en-poco-tiempo\/coe-rio\/#main\" data-orig-file=\"https:\/\/www.hoymercedes.com.ar\/principal\/wp-content\/uploads\/2025\/02\/COE-RIo.jpg\" data-orig-size=\"1280,960\" data-comments-opened=\"0\" data-image-meta=\"{&quot;aperture&quot;:&quot;0&quot;,&quot;credit&quot;:&quot;&quot;,&quot;camera&quot;:&quot;&quot;,&quot;caption&quot;:&quot;&quot;,&quot;created_timestamp&quot;:&quot;0&quot;,&quot;copyright&quot;:&quot;&quot;,&quot;focal_length&quot;:&quot;0&quot;,&quot;iso&quot;:&quot;0&quot;,&quot;shutter_speed&quot;:&quot;0&quot;,&quot;title&quot;:&quot;&quot;,&quot;orientation&quot;:&quot;0&quot;}\" data-image-title=\"COETormenta feroz: Asistencia municipal, trabajos y lluvia r\u00e9cord en poco tiempo\" data-image-description=\"&lt;p&gt;Tormenta feroz: Asistencia municipal, trabajos y lluvia r\u00e9cord en poco tiempo&lt;\/p&gt;\n\" data-image-caption=\"&lt;p&gt;Tormenta feroz: Asistencia municipal, trabajos y lluvia r\u00e9cord en poco tiempo&lt;\/p&gt;\n\" data-large-file=\"https:\/\/www.hoymercedes.com.ar\/principal\/wp-content\/uploads\/2025\/02\/COE-RIo-1024x768.jpg\" data-id=\"182772\" src=\"https:\/\/www.hoymercedes.com.ar\/principal\/wp-content\/uploads\/2025\/02\/COE-RIo-1024x768.jpg\" alt=\"\" class=\"wp-image-182772\" srcset=\"https:\/\/www.hoymercedes.com.ar\/principal\/wp-content\/uploads\/2025\/02\/COE-RIo-1024x768.jpg 1024w, https:\/\/www.hoymercedes.com.ar\/principal\/wp-content\/uploads\/2025\/02\/COE-RIo-630x473.jpg 630w, https:\/\/www.hoymercedes.com.ar\/principal\/wp-content\/uploads\/2025\/02\/COE-RIo-150x113.jpg 150w, https:\/\/www.hoymercedes.com.ar\/principal\/wp-content\/uploads\/2025\/02\/COE-RIo.jpg 1280w\" sizes=\"auto, (max-width: 1024px) 100vw, 1024px\" \/><\/figure>\n<\/figure>\n\n\n\n<p>La feroz tormenta desatada esta madrugada en nuestra ciudad super\u00f3 todas las previsiones meteorol\u00f3gicas: en poco m\u00e1s de dos horas cayeron 150 mil\u00edmetros de lluvia, una cantidad superior a la que suele registrarse a lo largo de todo febrero, lo que oblig\u00f3 al municipio a activar r\u00e1pidamente el Comando Operativo de Emergencias.<\/p>\n\n\n\n<p>Aunque las estimaciones marcaban una ca\u00edda de entre 20 y 60 mil\u00edmetros de agua a lo largo de todo el d\u00eda, la tormenta se desat\u00f3 con furia sobre Mercedes y zonas cercanas: 160 mil\u00edmetros en poco m\u00e1s de dos horas sobre nuestra ciudad, con el agravante de que las lluvias ocurridas d\u00edas pasados le rest\u00f3 al suelo capacidad de absorci\u00f3n.<\/p>\n\n\n\n<p>\u201cLa tormenta fue m\u00e1s feroz de lo previsto: estos fen\u00f3menos clim\u00e1ticos son cada vez m\u00e1s recurrentes y muy dif\u00edciles de predecir con exactitud. Pero tuvimos una r\u00e1pida reacci\u00f3n desde el municipio y tambi\u00e9n ayudaron much\u00edsimo las obras que se vienen realizando como el puente de Goldney, que ya est\u00e1 terminado, el avance del canal Santa Mar\u00eda o el zanj\u00f3n de la 16. Esta misma lluvia, a\u00f1os atr\u00e1s, hubiera provocado consecuencias mucho m\u00e1s serias\u201d, informaron desde Protecci\u00f3n Civil.<\/p>\n\n\n\n<p>As\u00ed, y cuando se empezaba a advertir que la tormenta pod\u00eda superar los pron\u00f3sticos, el municipio activ\u00f3 el COE, con lo que habilit\u00f3 el Centro de Evacuados en el instituto ex Mart\u00edn Rodr\u00edguez y elabor\u00f3 un esquema de recorridas cada dos horas por los barrios m\u00e1s expuestos a las posibles inundaciones, sobre todo los m\u00e1s cercanos al r\u00edo Luj\u00e1n.<\/p>\n\n\n\n<p>Tambi\u00e9n, y ante las eventuales necesidades (el pron\u00f3stico del clima es desfavorable), el COE puso en marcha la cocina comunitaria para la entrega de viandas, abri\u00f3 el registro de autoevacuados para la asistencia y articul\u00f3 con los dispositivos de la Provincia.<\/p>\n\n\n\n<p>Al mismo tiempo, el municipio inform\u00f3 que ya se reciben donaciones para los eventuales afectados en el Mart\u00edn Rodr\u00edguez (ingreso de 6 y 9) y en el ex Unzu\u00e9 (26 y 47). Se reciben alimentos no perecederos, art\u00edculos de limpieza, velas, ropa y calzado.<\/p>\n\n\n\n<p>Los restantes Centros de Atenci\u00f3n habilitados son: CIC (10 y 65, hasta las 19), CAPS Marchetti (28 entre 63 y 65, hasta las 17), CAPS G\u00fcemes (45 y 38, hasta las 17), CAPS San Jos\u00e9 (50 y 19, hasta las 17) y CAPS Robles (7 y 52, hasta las 17). Tambi\u00e9n est\u00e1n habilitadas las l\u00edneas 107, 147 y 911 con atenci\u00f3n las 24 horas.<\/p>\n\n\n\n<p>El COE, que encabeza el intendente Juani Ustarroz y en el que intervienen distintas \u00e1reas del gobierno municipal como Desarrollo de la Comunidad, Servicios P\u00fablicos y Protecci\u00f3n Civil, entre otras, se extiende y recorre todas las zonas del Partido para brindar atenci\u00f3n y asistencia.<\/p>\n","protected":false},"excerpt":{"rendered":"<p>La feroz tormenta desatada esta madrugada en nuestra ciudad super\u00f3 todas las previsiones meteorol\u00f3gicas: en poco m\u00e1s de dos horas &#8230; <a title=\"Tormenta brutal: Asistencia municipal, trabajos y lluvia r\u00e9cord en poco tiempo\" class=\"read-more\" href=\"https:\/\/www.hoymercedes.com.ar\/principal\/2025\/02\/24\/tormenta-brutal-asistencia-municipal-trabajos-y-lluvia-record-en-poco-tiempo\/\" aria-label=\"Leer m\u00e1s sobre Tormenta brutal: Asistencia municipal, trabajos y lluvia r\u00e9cord en poco tiempo\">Leer m\u00e1s<\/a><\/p>\n","protected":false},"author":1,"featured_media":182772,"comment_status":"closed","ping_status":"open","sticky":false,"template":"","format":"standard","meta":{"_monsterinsights_skip_tracking":false,"_monsterinsights_sitenote_active":false,"_monsterinsights_sitenote_note":"","_monsterinsights_sitenote_category":0,"jetpack_post_was_ever_published":false,"_jetpack_newsletter_access":"","_jetpack_dont_email_post_to_subs":false,"_jetpack_newsletter_tier_id":0,"_jetpack_memberships_contains_paywalled_content":false,"_jetpack_memberships_contains_paid_content":false,"footnotes":"","jetpack_publicize_message":"","jetpack_publicize_feature_enabled":true,"jetpack_social_post_already_shared":true,"jetpack_social_options":{"image_generator_settings":{"template":"highway","default_image_id":0,"font":"","enabled":false},"version":2},"_wpas_customize_per_network":false},"categories":[8],"tags":[20281,20282],"class_list":["post-182771","post","type-post","status-publish","format-standard","has-post-thumbnail","hentry","category-sociedad","tag-tormenta-brutal-asistencia-municipal","tag-trabajos-y-lluvia-record-en-poco-tiempo","generate-columns","tablet-grid-50","mobile-grid-100","grid-parent","grid-50"],"jetpack_publicize_connections":[],"jetpack_featured_media_url":"https:\/\/www.hoymercedes.com.ar\/principal\/wp-content\/uploads\/2025\/02\/COE-RIo.jpg","wps_subtitle":"Sociedad","jetpack_sharing_enabled":true,"_links":{"self":[{"href":"https:\/\/www.hoymercedes.com.ar\/principal\/wp-json\/wp\/v2\/posts\/182771","targetHints":{"allow":["GET"]}}],"collection":[{"href":"https:\/\/www.hoymercedes.com.ar\/principal\/wp-json\/wp\/v2\/posts"}],"about":[{"href":"https:\/\/www.hoymercedes.com.ar\/principal\/wp-json\/wp\/v2\/types\/post"}],"author":[{"embeddable":true,"href":"https:\/\/www.hoymercedes.com.ar\/principal\/wp-json\/wp\/v2\/users\/1"}],"replies":[{"embeddable":true,"href":"https:\/\/www.hoymercedes.com.ar\/principal\/wp-json\/wp\/v2\/comments?post=182771"}],"version-history":[{"count":2,"href":"https:\/\/www.hoymercedes.com.ar\/principal\/wp-json\/wp\/v2\/posts\/182771\/revisions"}],"predecessor-version":[{"id":182774,"href":"https:\/\/www.hoymercedes.com.ar\/principal\/wp-json\/wp\/v2\/posts\/182771\/revisions\/182774"}],"wp:featuredmedia":[{"embeddable":true,"href":"https:\/\/www.hoymercedes.com.ar\/principal\/wp-json\/wp\/v2\/media\/182772"}],"wp:attachment":[{"href":"https:\/\/www.hoymercedes.com.ar\/principal\/wp-json\/wp\/v2\/media?parent=182771"}],"wp:term":[{"taxonomy":"category","embeddable":true,"href":"https:\/\/www.hoymercedes.com.ar\/principal\/wp-json\/wp\/v2\/categories?post=182771"},{"taxonomy":"post_tag","embeddable":true,"href":"https:\/\/www.hoymercedes.com.ar\/principal\/wp-json\/wp\/v2\/tags?post=182771"}],"curies":[{"name":"wp","href":"https:\/\/api.w.org\/{rel}","templated":true}]}}