{"id":182790,"date":"2025-02-25T19:51:00","date_gmt":"2025-02-25T22:51:00","guid":{"rendered":"https:\/\/www.hoymercedes.com.ar\/principal\/?p=182790"},"modified":"2025-02-25T19:51:02","modified_gmt":"2025-02-25T22:51:02","slug":"exitosa-recorrida-nocturna-en-la-reserva-del-arroyo-balta","status":"publish","type":"post","link":"https:\/\/www.hoymercedes.com.ar\/principal\/2025\/02\/25\/exitosa-recorrida-nocturna-en-la-reserva-del-arroyo-balta\/","title":{"rendered":"Exitosa recorrida nocturna en la Reserva del Arroyo Balta"},"content":{"rendered":"\n<figure class=\"wp-block-gallery has-nested-images columns-default is-cropped wp-block-gallery-1 is-layout-flex wp-block-gallery-is-layout-flex\">\n<figure class=\"wp-block-image size-large\"><img loading=\"lazy\" decoding=\"async\" width=\"1024\" height=\"768\" data-attachment-id=\"182791\" data-permalink=\"https:\/\/www.hoymercedes.com.ar\/principal\/2025\/02\/25\/exitosa-recorrida-nocturna-en-la-reserva-del-arroyo-balta\/b-13\/#main\" data-orig-file=\"https:\/\/www.hoymercedes.com.ar\/principal\/wp-content\/uploads\/2025\/02\/B.jpg\" data-orig-size=\"1440,1080\" data-comments-opened=\"0\" data-image-meta=\"{&quot;aperture&quot;:&quot;0&quot;,&quot;credit&quot;:&quot;&quot;,&quot;camera&quot;:&quot;&quot;,&quot;caption&quot;:&quot;&quot;,&quot;created_timestamp&quot;:&quot;0&quot;,&quot;copyright&quot;:&quot;&quot;,&quot;focal_length&quot;:&quot;0&quot;,&quot;iso&quot;:&quot;0&quot;,&quot;shutter_speed&quot;:&quot;0&quot;,&quot;title&quot;:&quot;&quot;,&quot;orientation&quot;:&quot;0&quot;}\" data-image-title=\"Exitosa recorrida nocturna en la Reserva del Arroyo Balta\" data-image-description=\"&lt;p&gt;Exitosa recorrida nocturna en la Reserva del Arroyo Balta&lt;\/p&gt;\n\" data-image-caption=\"&lt;p&gt;Exitosa recorrida nocturna en la Reserva del Arroyo Balta&lt;\/p&gt;\n\" data-large-file=\"https:\/\/www.hoymercedes.com.ar\/principal\/wp-content\/uploads\/2025\/02\/B-1024x768.jpg\" data-id=\"182791\" src=\"https:\/\/www.hoymercedes.com.ar\/principal\/wp-content\/uploads\/2025\/02\/B-1024x768.jpg\" alt=\"\" class=\"wp-image-182791\" srcset=\"https:\/\/www.hoymercedes.com.ar\/principal\/wp-content\/uploads\/2025\/02\/B-1024x768.jpg 1024w, https:\/\/www.hoymercedes.com.ar\/principal\/wp-content\/uploads\/2025\/02\/B-630x473.jpg 630w, https:\/\/www.hoymercedes.com.ar\/principal\/wp-content\/uploads\/2025\/02\/B-150x113.jpg 150w, https:\/\/www.hoymercedes.com.ar\/principal\/wp-content\/uploads\/2025\/02\/B.jpg 1440w\" sizes=\"auto, (max-width: 1024px) 100vw, 1024px\" \/><\/figure>\n<\/figure>\n\n\n\n<p>El pasado s\u00e1bado por la noche casi un centenar de personas disfrutaron de una recorrida nocturna por la Reserva Arroyo Balta. La propuesta de la Municipalidad expuso una vez m\u00e1s importancia de encontrarse y vincularse con la naturaleza.&nbsp;<\/p>\n\n\n\n<p>Los integrantes de la oficina de Ambiente de la Municipalidad de Mercedes, junto con la guardaparque del Balta, recibieron a casi 100 ni\u00f1os, ni\u00f1as y personas de todas las edades para disfrutar de una actividad diferente en la reserva.<\/p>\n\n\n\n<figure class=\"wp-block-gallery has-nested-images columns-default is-cropped wp-block-gallery-2 is-layout-flex wp-block-gallery-is-layout-flex\">\n<figure class=\"wp-block-image size-large\"><img loading=\"lazy\" decoding=\"async\" width=\"1024\" height=\"768\" data-attachment-id=\"182792\" data-permalink=\"https:\/\/www.hoymercedes.com.ar\/principal\/2025\/02\/25\/exitosa-recorrida-nocturna-en-la-reserva-del-arroyo-balta\/c-5\/#main\" data-orig-file=\"https:\/\/www.hoymercedes.com.ar\/principal\/wp-content\/uploads\/2025\/02\/C.jpg\" data-orig-size=\"1440,1080\" data-comments-opened=\"0\" data-image-meta=\"{&quot;aperture&quot;:&quot;0&quot;,&quot;credit&quot;:&quot;&quot;,&quot;camera&quot;:&quot;&quot;,&quot;caption&quot;:&quot;&quot;,&quot;created_timestamp&quot;:&quot;0&quot;,&quot;copyright&quot;:&quot;&quot;,&quot;focal_length&quot;:&quot;0&quot;,&quot;iso&quot;:&quot;0&quot;,&quot;shutter_speed&quot;:&quot;0&quot;,&quot;title&quot;:&quot;&quot;,&quot;orientation&quot;:&quot;0&quot;}\" data-image-title=\"Exitosa recorrida nocturna en la Reserva del Arroyo Balta\" data-image-description=\"&lt;p&gt;Exitosa recorrida nocturna en la Reserva del Arroyo Balta&lt;\/p&gt;\n\" data-image-caption=\"&lt;p&gt;Exitosa recorrida nocturna en la Reserva del Arroyo Balta&lt;\/p&gt;\n\" data-large-file=\"https:\/\/www.hoymercedes.com.ar\/principal\/wp-content\/uploads\/2025\/02\/C-1024x768.jpg\" data-id=\"182792\" src=\"https:\/\/www.hoymercedes.com.ar\/principal\/wp-content\/uploads\/2025\/02\/C-1024x768.jpg\" alt=\"\" class=\"wp-image-182792\" srcset=\"https:\/\/www.hoymercedes.com.ar\/principal\/wp-content\/uploads\/2025\/02\/C-1024x768.jpg 1024w, https:\/\/www.hoymercedes.com.ar\/principal\/wp-content\/uploads\/2025\/02\/C-630x473.jpg 630w, https:\/\/www.hoymercedes.com.ar\/principal\/wp-content\/uploads\/2025\/02\/C-150x113.jpg 150w, https:\/\/www.hoymercedes.com.ar\/principal\/wp-content\/uploads\/2025\/02\/C.jpg 1440w\" sizes=\"auto, (max-width: 1024px) 100vw, 1024px\" \/><\/figure>\n<\/figure>\n\n\n\n<p>La recorrida fue por los distintos senderos de la reserva y en cada sector hab\u00eda explicaciones e intercambios con los visitantes. Se pudo ver que no s\u00f3lo hab\u00eda gente de la zona o de Mercedes, sino que tambi\u00e9n se acercaron visitantes de Luj\u00e1n, Chivilcoy y municipios de la zona Oeste del conurbano.<\/p>\n","protected":false},"excerpt":{"rendered":"<p>El pasado s\u00e1bado por la noche casi un centenar de personas disfrutaron de una recorrida nocturna por la Reserva Arroyo &#8230; <a title=\"Exitosa recorrida nocturna en la Reserva del Arroyo Balta\" class=\"read-more\" href=\"https:\/\/www.hoymercedes.com.ar\/principal\/2025\/02\/25\/exitosa-recorrida-nocturna-en-la-reserva-del-arroyo-balta\/\" aria-label=\"Leer m\u00e1s sobre Exitosa recorrida nocturna en la Reserva del Arroyo Balta\">Leer m\u00e1s<\/a><\/p>\n","protected":false},"author":1,"featured_media":182792,"comment_status":"closed","ping_status":"open","sticky":false,"template":"","format":"standard","meta":{"_monsterinsights_skip_tracking":false,"_monsterinsights_sitenote_active":false,"_monsterinsights_sitenote_note":"","_monsterinsights_sitenote_category":0,"jetpack_post_was_ever_published":false,"_jetpack_newsletter_access":"","_jetpack_dont_email_post_to_subs":false,"_jetpack_newsletter_tier_id":0,"_jetpack_memberships_contains_paywalled_content":false,"_jetpack_memberships_contains_paid_content":false,"footnotes":"","jetpack_publicize_message":"","jetpack_publicize_feature_enabled":true,"jetpack_social_post_already_shared":true,"jetpack_social_options":{"image_generator_settings":{"template":"highway","default_image_id":0,"font":"","enabled":false},"version":2},"_wpas_customize_per_network":false},"categories":[8],"tags":[43,618],"class_list":["post-182790","post","type-post","status-publish","format-standard","has-post-thumbnail","hentry","category-sociedad","tag-medio-ambiente","tag-reserva-balta","generate-columns","tablet-grid-50","mobile-grid-100","grid-parent","grid-50"],"jetpack_publicize_connections":[],"jetpack_featured_media_url":"https:\/\/www.hoymercedes.com.ar\/principal\/wp-content\/uploads\/2025\/02\/C.jpg","wps_subtitle":"Naturaleza","jetpack_sharing_enabled":true,"_links":{"self":[{"href":"https:\/\/www.hoymercedes.com.ar\/principal\/wp-json\/wp\/v2\/posts\/182790","targetHints":{"allow":["GET"]}}],"collection":[{"href":"https:\/\/www.hoymercedes.com.ar\/principal\/wp-json\/wp\/v2\/posts"}],"about":[{"href":"https:\/\/www.hoymercedes.com.ar\/principal\/wp-json\/wp\/v2\/types\/post"}],"author":[{"embeddable":true,"href":"https:\/\/www.hoymercedes.com.ar\/principal\/wp-json\/wp\/v2\/users\/1"}],"replies":[{"embeddable":true,"href":"https:\/\/www.hoymercedes.com.ar\/principal\/wp-json\/wp\/v2\/comments?post=182790"}],"version-history":[{"count":2,"href":"https:\/\/www.hoymercedes.com.ar\/principal\/wp-json\/wp\/v2\/posts\/182790\/revisions"}],"predecessor-version":[{"id":182795,"href":"https:\/\/www.hoymercedes.com.ar\/principal\/wp-json\/wp\/v2\/posts\/182790\/revisions\/182795"}],"wp:featuredmedia":[{"embeddable":true,"href":"https:\/\/www.hoymercedes.com.ar\/principal\/wp-json\/wp\/v2\/media\/182792"}],"wp:attachment":[{"href":"https:\/\/www.hoymercedes.com.ar\/principal\/wp-json\/wp\/v2\/media?parent=182790"}],"wp:term":[{"taxonomy":"category","embeddable":true,"href":"https:\/\/www.hoymercedes.com.ar\/principal\/wp-json\/wp\/v2\/categories?post=182790"},{"taxonomy":"post_tag","embeddable":true,"href":"https:\/\/www.hoymercedes.com.ar\/principal\/wp-json\/wp\/v2\/tags?post=182790"}],"curies":[{"name":"wp","href":"https:\/\/api.w.org\/{rel}","templated":true}]}}