{"id":182815,"date":"2025-02-26T18:41:20","date_gmt":"2025-02-26T21:41:20","guid":{"rendered":"https:\/\/www.hoymercedes.com.ar\/principal\/?p=182815"},"modified":"2025-02-26T18:42:00","modified_gmt":"2025-02-26T21:42:00","slug":"comenzaron-las-inscripciones-para-los-cursos-del-cfl-402","status":"publish","type":"post","link":"https:\/\/www.hoymercedes.com.ar\/principal\/2025\/02\/26\/comenzaron-las-inscripciones-para-los-cursos-del-cfl-402\/","title":{"rendered":"Comenzaron las inscripciones para los cursos del CFL 402"},"content":{"rendered":"\n<p>Tras un 2024, donde m\u00e1s de 300 cursantes recibieron sus diplomas, desde el Centro de Formaci\u00f3n Laboral 402 de la CGT, anunciaron que comenzaron con las inscripciones a los cursos formativos que se dictar\u00e1n durante el ciclo lectivo 2025. Los mismos cuentan con certificaci\u00f3n oficial y son totalmente gratuitos.<\/p>\n\n\n\n<p>Asimismo destacan que, las clases ser\u00e1n presenciales en distintos puntos estrat\u00e9gicos de la ciudad y la oferta educativa cuenta con diversas \u00e1reas formativas.<\/p>\n\n\n\n<p>El Delegado Regional, de la CGT Mercedes\/Navarro\/S.A de Giles, Juan Mart\u00edn Andr\u00e9s indic\u00f3 que \u201cpara nosotros es primordial continuar y ampliar las propuestas formativas, que claramente es una herramienta para y de los trabajadores\u201d y en esta misma l\u00ednea afirm\u00f3 que \u201cse contin\u00faa trabajando para poder poner en funciones la pr\u00f3xima sede de la CGT Regional y del CFL\u201d.<\/p>\n\n\n\n<p>Tambi\u00e9n, el Director del Centro, Jorge Pirotta, resalt\u00f3 que \u201cel compromiso del cuerpo directivo y de todos los instructores del CFL 402 de la CGT, es con el movimiento obrero, con los trabajadores y con la comunidad mercedina en su conjunto\u201d.<\/p>\n\n\n\n<p>Los cursos disponibles son:<\/p>\n\n\n\n<p>\u00b7&nbsp;&nbsp;&nbsp;&nbsp;&nbsp;&nbsp;&nbsp;&nbsp;&nbsp;Operador de inform\u00e1tica para la administraci\u00f3n y gesti\u00f3n: Martes y jueves a las 18:00 en el Instituto Unzu\u00e9 (calle 47 y 28).<\/p>\n\n\n\n<p>\u00b7&nbsp;&nbsp;&nbsp;&nbsp;&nbsp;&nbsp;&nbsp;&nbsp;&nbsp;Cocinero para comedor escolar: Lunes y mi\u00e9rcoles a las 18:00 en AEFI (calle 28 N\u00b0 795).<\/p>\n\n\n\n<p>\u00b7&nbsp;&nbsp;&nbsp;&nbsp;&nbsp;&nbsp;&nbsp;&nbsp;&nbsp;Pastelero: Lunes y martes a las 14:30 en ATE (calle 17 N\u00b0 690).<\/p>\n\n\n\n<p>\u00b7&nbsp;&nbsp;&nbsp;&nbsp;&nbsp;&nbsp;&nbsp;&nbsp;&nbsp;Chacinados: Martes y jueves a las 16:00 en Campo Don Nito, Cuartel VIII.<\/p>\n\n\n\n<p>\u00b7&nbsp;&nbsp;&nbsp;&nbsp;&nbsp;&nbsp;&nbsp;&nbsp;&nbsp;Elaboraci\u00f3n de cerveza artesanal: Mi\u00e9rcoles y viernes a las 17:00 en el Instituto Unzu\u00e9 (calle 47 y 28).<\/p>\n\n\n\n<p>\u00b7&nbsp;&nbsp;&nbsp;&nbsp;&nbsp;&nbsp;&nbsp;&nbsp;&nbsp;Modelado e impresi\u00f3n 3D: Martes y jueves a las 18:00 en el Centro Regional Universitario (calle 47 y 28).<\/p>\n\n\n\n<p>\u00b7&nbsp;&nbsp;&nbsp;&nbsp;&nbsp;&nbsp;&nbsp;&nbsp;&nbsp;Petisero: Martes y jueves a las 16:30 en el Centro de Actividades Ecuestres Integradas PICASA (calle 10 y 91).<\/p>\n\n\n\n<p>\u00b7&nbsp;&nbsp;&nbsp;&nbsp;&nbsp;&nbsp;&nbsp;&nbsp;&nbsp;Elaboraci\u00f3n de quesos: Martes y jueves a las 16:00 en La Chacrita (ruta 41 y 122).<\/p>\n\n\n\n<p>\u00b7&nbsp;&nbsp;&nbsp;&nbsp;&nbsp;&nbsp;&nbsp;&nbsp;&nbsp;Auxiliar de Seguridad e Higiene en establecimientos de salud: Lunes a las 17:00 en avenida 29 N\u00b0 638.<\/p>\n\n\n\n<p>Para poder inscribirse, informaron que las mismas son de car\u00e1cter presencial, por lo que se realizar\u00e1n de lunes a viernes de 10:00 a 12:00 y de 18:00 a 20:00 en la Seccional Luz y Fuerza (calle 28 entre 27 y 29). Recuerdan que se debe concurrir con, fotocopia de DNI y una foto carnet por cada curso en el que deseen inscribirse.<\/p>\n\n\n\n<p>Para m\u00e1s informaci\u00f3n se podr\u00e1n comunicar por whatsapp al 2324 509577.<\/p>\n\n\n\n<figure class=\"wp-block-image size-large\"><img loading=\"lazy\" decoding=\"async\" width=\"1024\" height=\"682\" data-attachment-id=\"182817\" data-permalink=\"https:\/\/www.hoymercedes.com.ar\/principal\/2025\/02\/26\/comenzaron-las-inscripciones-para-los-cursos-del-cfl-402\/mas-de-300-cursantes-egresaron-el-2024\/#main\" data-orig-file=\"https:\/\/www.hoymercedes.com.ar\/principal\/wp-content\/uploads\/2025\/02\/Mas-de-300-cursantes-egresaron-el-2024.jpeg\" data-orig-size=\"1600,1066\" data-comments-opened=\"0\" data-image-meta=\"{&quot;aperture&quot;:&quot;0&quot;,&quot;credit&quot;:&quot;&quot;,&quot;camera&quot;:&quot;&quot;,&quot;caption&quot;:&quot;&quot;,&quot;created_timestamp&quot;:&quot;0&quot;,&quot;copyright&quot;:&quot;&quot;,&quot;focal_length&quot;:&quot;0&quot;,&quot;iso&quot;:&quot;0&quot;,&quot;shutter_speed&quot;:&quot;0&quot;,&quot;title&quot;:&quot;&quot;,&quot;orientation&quot;:&quot;0&quot;}\" data-image-title=\"M\u00e1s de 300 cursantes egresaron el 2024\" data-image-description=\"\" data-image-caption=\"\" data-large-file=\"https:\/\/www.hoymercedes.com.ar\/principal\/wp-content\/uploads\/2025\/02\/Mas-de-300-cursantes-egresaron-el-2024-1024x682.jpeg\" src=\"https:\/\/www.hoymercedes.com.ar\/principal\/wp-content\/uploads\/2025\/02\/Mas-de-300-cursantes-egresaron-el-2024-1024x682.jpeg\" alt=\"\" class=\"wp-image-182817\" srcset=\"https:\/\/www.hoymercedes.com.ar\/principal\/wp-content\/uploads\/2025\/02\/Mas-de-300-cursantes-egresaron-el-2024-1024x682.jpeg 1024w, https:\/\/www.hoymercedes.com.ar\/principal\/wp-content\/uploads\/2025\/02\/Mas-de-300-cursantes-egresaron-el-2024-630x420.jpeg 630w, https:\/\/www.hoymercedes.com.ar\/principal\/wp-content\/uploads\/2025\/02\/Mas-de-300-cursantes-egresaron-el-2024-150x100.jpeg 150w, https:\/\/www.hoymercedes.com.ar\/principal\/wp-content\/uploads\/2025\/02\/Mas-de-300-cursantes-egresaron-el-2024-1536x1023.jpeg 1536w, https:\/\/www.hoymercedes.com.ar\/principal\/wp-content\/uploads\/2025\/02\/Mas-de-300-cursantes-egresaron-el-2024-700x465.jpeg 700w, https:\/\/www.hoymercedes.com.ar\/principal\/wp-content\/uploads\/2025\/02\/Mas-de-300-cursantes-egresaron-el-2024.jpeg 1600w\" sizes=\"auto, (max-width: 1024px) 100vw, 1024px\" \/><\/figure>\n","protected":false},"excerpt":{"rendered":"<p>Tras un 2024, donde m\u00e1s de 300 cursantes recibieron sus diplomas, desde el Centro de Formaci\u00f3n Laboral 402 de la &#8230; <a title=\"Comenzaron las inscripciones para los cursos del CFL 402\" class=\"read-more\" href=\"https:\/\/www.hoymercedes.com.ar\/principal\/2025\/02\/26\/comenzaron-las-inscripciones-para-los-cursos-del-cfl-402\/\" aria-label=\"Leer m\u00e1s sobre Comenzaron las inscripciones para los cursos del CFL 402\">Leer m\u00e1s<\/a><\/p>\n","protected":false},"author":1,"featured_media":182817,"comment_status":"closed","ping_status":"open","sticky":false,"template":"","format":"standard","meta":{"_monsterinsights_skip_tracking":false,"_monsterinsights_sitenote_active":false,"_monsterinsights_sitenote_note":"","_monsterinsights_sitenote_category":0,"jetpack_post_was_ever_published":false,"_jetpack_newsletter_access":"","_jetpack_dont_email_post_to_subs":false,"_jetpack_newsletter_tier_id":0,"_jetpack_memberships_contains_paywalled_content":false,"_jetpack_memberships_contains_paid_content":false,"footnotes":"","jetpack_publicize_message":"","jetpack_publicize_feature_enabled":true,"jetpack_social_post_already_shared":true,"jetpack_social_options":{"image_generator_settings":{"template":"highway","default_image_id":0,"font":"","enabled":false},"version":2},"_wpas_customize_per_network":false},"categories":[10563],"tags":[],"class_list":["post-182815","post","type-post","status-publish","format-standard","has-post-thumbnail","hentry","category-gremios-sindicatos","generate-columns","tablet-grid-50","mobile-grid-100","grid-parent","grid-50"],"jetpack_publicize_connections":[],"jetpack_featured_media_url":"https:\/\/www.hoymercedes.com.ar\/principal\/wp-content\/uploads\/2025\/02\/Mas-de-300-cursantes-egresaron-el-2024.jpeg","wps_subtitle":"","jetpack_sharing_enabled":true,"_links":{"self":[{"href":"https:\/\/www.hoymercedes.com.ar\/principal\/wp-json\/wp\/v2\/posts\/182815","targetHints":{"allow":["GET"]}}],"collection":[{"href":"https:\/\/www.hoymercedes.com.ar\/principal\/wp-json\/wp\/v2\/posts"}],"about":[{"href":"https:\/\/www.hoymercedes.com.ar\/principal\/wp-json\/wp\/v2\/types\/post"}],"author":[{"embeddable":true,"href":"https:\/\/www.hoymercedes.com.ar\/principal\/wp-json\/wp\/v2\/users\/1"}],"replies":[{"embeddable":true,"href":"https:\/\/www.hoymercedes.com.ar\/principal\/wp-json\/wp\/v2\/comments?post=182815"}],"version-history":[{"count":2,"href":"https:\/\/www.hoymercedes.com.ar\/principal\/wp-json\/wp\/v2\/posts\/182815\/revisions"}],"predecessor-version":[{"id":182818,"href":"https:\/\/www.hoymercedes.com.ar\/principal\/wp-json\/wp\/v2\/posts\/182815\/revisions\/182818"}],"wp:featuredmedia":[{"embeddable":true,"href":"https:\/\/www.hoymercedes.com.ar\/principal\/wp-json\/wp\/v2\/media\/182817"}],"wp:attachment":[{"href":"https:\/\/www.hoymercedes.com.ar\/principal\/wp-json\/wp\/v2\/media?parent=182815"}],"wp:term":[{"taxonomy":"category","embeddable":true,"href":"https:\/\/www.hoymercedes.com.ar\/principal\/wp-json\/wp\/v2\/categories?post=182815"},{"taxonomy":"post_tag","embeddable":true,"href":"https:\/\/www.hoymercedes.com.ar\/principal\/wp-json\/wp\/v2\/tags?post=182815"}],"curies":[{"name":"wp","href":"https:\/\/api.w.org\/{rel}","templated":true}]}}