{"id":182844,"date":"2025-02-27T17:52:03","date_gmt":"2025-02-27T20:52:03","guid":{"rendered":"https:\/\/www.hoymercedes.com.ar\/principal\/?p=182844"},"modified":"2025-02-27T17:52:26","modified_gmt":"2025-02-27T20:52:26","slug":"chivilcoy-violenta-colision-vehicular-sobre-ruta-5","status":"publish","type":"post","link":"https:\/\/www.hoymercedes.com.ar\/principal\/2025\/02\/27\/chivilcoy-violenta-colision-vehicular-sobre-ruta-5\/","title":{"rendered":"Chivilcoy: violenta colisi\u00f3n vehicular sobre Ruta 5"},"content":{"rendered":"\n<p>En la ma\u00f1ana de este jueves, se produc\u00eda un violento choque entre un cami\u00f3n y un autom\u00f3vil, sobre el trazado de la ruta 5 , en jurisdicci\u00f3n del partido de Chivilcoy. El siniestro ocurri\u00f3 a la altura del kil\u00f3metro 146,200. <\/p>\n\n\n\n<figure class=\"wp-block-image size-large\"><img loading=\"lazy\" decoding=\"async\" width=\"1024\" height=\"768\" data-attachment-id=\"182847\" data-permalink=\"https:\/\/www.hoymercedes.com.ar\/principal\/2025\/02\/27\/chivilcoy-violenta-colision-vehicular-sobre-ruta-5\/fb_img_1740689365844\/#main\" data-orig-file=\"https:\/\/www.hoymercedes.com.ar\/principal\/wp-content\/uploads\/2025\/02\/FB_IMG_1740689365844.jpg\" data-orig-size=\"1080,810\" data-comments-opened=\"0\" data-image-meta=\"{&quot;aperture&quot;:&quot;0&quot;,&quot;credit&quot;:&quot;&quot;,&quot;camera&quot;:&quot;&quot;,&quot;caption&quot;:&quot;&quot;,&quot;created_timestamp&quot;:&quot;0&quot;,&quot;copyright&quot;:&quot;&quot;,&quot;focal_length&quot;:&quot;0&quot;,&quot;iso&quot;:&quot;0&quot;,&quot;shutter_speed&quot;:&quot;0&quot;,&quot;title&quot;:&quot;&quot;,&quot;orientation&quot;:&quot;0&quot;}\" data-image-title=\"FB_IMG_1740689365844\" data-image-description=\"\" data-image-caption=\"\" data-large-file=\"https:\/\/www.hoymercedes.com.ar\/principal\/wp-content\/uploads\/2025\/02\/FB_IMG_1740689365844-1024x768.jpg\" src=\"https:\/\/www.hoymercedes.com.ar\/principal\/wp-content\/uploads\/2025\/02\/FB_IMG_1740689365844-1024x768.jpg\" alt=\"\" class=\"wp-image-182847\" srcset=\"https:\/\/www.hoymercedes.com.ar\/principal\/wp-content\/uploads\/2025\/02\/FB_IMG_1740689365844-1024x768.jpg 1024w, https:\/\/www.hoymercedes.com.ar\/principal\/wp-content\/uploads\/2025\/02\/FB_IMG_1740689365844-630x473.jpg 630w, https:\/\/www.hoymercedes.com.ar\/principal\/wp-content\/uploads\/2025\/02\/FB_IMG_1740689365844-150x113.jpg 150w, https:\/\/www.hoymercedes.com.ar\/principal\/wp-content\/uploads\/2025\/02\/FB_IMG_1740689365844.jpg 1080w\" sizes=\"auto, (max-width: 1024px) 100vw, 1024px\" \/><\/figure>\n\n\n\n<p>En el lugar donde cruzaban las v\u00edas del ferrocarril, cuando un autom\u00f3vil Volkswagen Up , color blanco, dominio OTJ793, que circulaba en sentido Suipacha-Chivilcoy, conducido por Daiana Blanco , de 44 a\u00f1os ,a ra\u00edz de una descompensaci\u00f3n de salud ,pierde el control del veh\u00edculo invadiendo la mano contraria por d\u00f3nde circulaba un cami\u00f3n Mercedes Benz, color blanco , dominio IHS7C86 , con semiremolque, que era conducido por Bruno Moreira Rabelo, de 33 a\u00f1os de nacionalidad brasile\u00f1a.<\/p>\n\n\n\n<p>Producto del impacto entre ambos veh\u00edculos, el cami\u00f3n termina cruzado sobre la ruta en tanto el Volkswagen Up que sobre la banquina de la mano de circulaci\u00f3n Suipacha-Chivilcoy, con la conductora atrapada en el Interior del habitaculo de d\u00f3nde fue rescatada por personal de Bomberos Voluntarios y trasladada a trav\u00e9s de una ambulancia del Same al hospital de Chivilcoy, donde m\u00e1s tarde se pudo conocer que presenta rotura de rodilla , luxaci\u00f3n de cadera.<br>Seg\u00fan testimonios del ch\u00f3fer brasilero y de testigos el autom\u00f3vil se cruz\u00f3 espont\u00e1neamente de carril.<\/p>\n\n\n\n<figure class=\"wp-block-image size-large\"><img loading=\"lazy\" decoding=\"async\" width=\"1024\" height=\"768\" data-attachment-id=\"182846\" data-permalink=\"https:\/\/www.hoymercedes.com.ar\/principal\/2025\/02\/27\/chivilcoy-violenta-colision-vehicular-sobre-ruta-5\/fb_img_1740689377650\/#main\" data-orig-file=\"https:\/\/www.hoymercedes.com.ar\/principal\/wp-content\/uploads\/2025\/02\/FB_IMG_1740689377650.jpg\" data-orig-size=\"1080,810\" data-comments-opened=\"0\" data-image-meta=\"{&quot;aperture&quot;:&quot;0&quot;,&quot;credit&quot;:&quot;&quot;,&quot;camera&quot;:&quot;&quot;,&quot;caption&quot;:&quot;&quot;,&quot;created_timestamp&quot;:&quot;0&quot;,&quot;copyright&quot;:&quot;&quot;,&quot;focal_length&quot;:&quot;0&quot;,&quot;iso&quot;:&quot;0&quot;,&quot;shutter_speed&quot;:&quot;0&quot;,&quot;title&quot;:&quot;&quot;,&quot;orientation&quot;:&quot;0&quot;}\" data-image-title=\"FB_IMG_1740689377650\" data-image-description=\"\" data-image-caption=\"\" data-large-file=\"https:\/\/www.hoymercedes.com.ar\/principal\/wp-content\/uploads\/2025\/02\/FB_IMG_1740689377650-1024x768.jpg\" src=\"https:\/\/www.hoymercedes.com.ar\/principal\/wp-content\/uploads\/2025\/02\/FB_IMG_1740689377650-1024x768.jpg\" alt=\"\" class=\"wp-image-182846\" srcset=\"https:\/\/www.hoymercedes.com.ar\/principal\/wp-content\/uploads\/2025\/02\/FB_IMG_1740689377650-1024x768.jpg 1024w, https:\/\/www.hoymercedes.com.ar\/principal\/wp-content\/uploads\/2025\/02\/FB_IMG_1740689377650-630x473.jpg 630w, https:\/\/www.hoymercedes.com.ar\/principal\/wp-content\/uploads\/2025\/02\/FB_IMG_1740689377650-150x113.jpg 150w, https:\/\/www.hoymercedes.com.ar\/principal\/wp-content\/uploads\/2025\/02\/FB_IMG_1740689377650.jpg 1080w\" sizes=\"auto, (max-width: 1024px) 100vw, 1024px\" \/><\/figure>\n\n\n\n<p>El tr\u00e1nsito de la arteria nacional estuvo interrumpido durante las tareas de rescate y posteriores pericias.<\/p>\n\n\n\n<p>Un agradecimiento especial para los conductores que pasaban por el lugar y contuvieron a la v\u00edctima, entre ellos Ram\u00f3n Carrizo de Suipacha y al ch\u00f3fer de un cami\u00f3n de gran por de Trenque Lauquen que se prest\u00f3 a colaborar en el retiro del cami\u00f3n siniestrado hacia la banquina.<\/p>\n\n\n\n<p>Intervinieron Bomberos Voluntarios, Personal de la Sub Comisar\u00eda OI Dardo Garelli, Polic\u00eda Vial, ambulancia del Same de Chivilcoy y Polic\u00eda Cient\u00edfica y personal del Corredores viales.<\/p>\n\n\n\n<p>Colaboracion Jorge Lasala de Suipacha <\/p>\n","protected":false},"excerpt":{"rendered":"<p>En la ma\u00f1ana de este jueves, se produc\u00eda un violento choque entre un cami\u00f3n y un autom\u00f3vil, sobre el trazado &#8230; <a title=\"Chivilcoy: violenta colisi\u00f3n vehicular sobre Ruta 5\" class=\"read-more\" href=\"https:\/\/www.hoymercedes.com.ar\/principal\/2025\/02\/27\/chivilcoy-violenta-colision-vehicular-sobre-ruta-5\/\" aria-label=\"Leer m\u00e1s sobre Chivilcoy: violenta colisi\u00f3n vehicular sobre Ruta 5\">Leer m\u00e1s<\/a><\/p>\n","protected":false},"author":1,"featured_media":182846,"comment_status":"closed","ping_status":"open","sticky":false,"template":"","format":"standard","meta":{"_monsterinsights_skip_tracking":false,"_monsterinsights_sitenote_active":false,"_monsterinsights_sitenote_note":"","_monsterinsights_sitenote_category":0,"jetpack_post_was_ever_published":false,"_jetpack_newsletter_access":"","_jetpack_dont_email_post_to_subs":false,"_jetpack_newsletter_tier_id":0,"_jetpack_memberships_contains_paywalled_content":false,"_jetpack_memberships_contains_paid_content":false,"footnotes":"","jetpack_publicize_message":"","jetpack_publicize_feature_enabled":true,"jetpack_social_post_already_shared":true,"jetpack_social_options":{"image_generator_settings":{"template":"highway","default_image_id":0,"font":"","enabled":false},"version":2},"_wpas_customize_per_network":false},"categories":[8],"tags":[],"class_list":["post-182844","post","type-post","status-publish","format-standard","has-post-thumbnail","hentry","category-sociedad","generate-columns","tablet-grid-50","mobile-grid-100","grid-parent","grid-50"],"jetpack_publicize_connections":[],"jetpack_featured_media_url":"https:\/\/www.hoymercedes.com.ar\/principal\/wp-content\/uploads\/2025\/02\/FB_IMG_1740689377650.jpg","wps_subtitle":"","jetpack_sharing_enabled":true,"_links":{"self":[{"href":"https:\/\/www.hoymercedes.com.ar\/principal\/wp-json\/wp\/v2\/posts\/182844","targetHints":{"allow":["GET"]}}],"collection":[{"href":"https:\/\/www.hoymercedes.com.ar\/principal\/wp-json\/wp\/v2\/posts"}],"about":[{"href":"https:\/\/www.hoymercedes.com.ar\/principal\/wp-json\/wp\/v2\/types\/post"}],"author":[{"embeddable":true,"href":"https:\/\/www.hoymercedes.com.ar\/principal\/wp-json\/wp\/v2\/users\/1"}],"replies":[{"embeddable":true,"href":"https:\/\/www.hoymercedes.com.ar\/principal\/wp-json\/wp\/v2\/comments?post=182844"}],"version-history":[{"count":2,"href":"https:\/\/www.hoymercedes.com.ar\/principal\/wp-json\/wp\/v2\/posts\/182844\/revisions"}],"predecessor-version":[{"id":182848,"href":"https:\/\/www.hoymercedes.com.ar\/principal\/wp-json\/wp\/v2\/posts\/182844\/revisions\/182848"}],"wp:featuredmedia":[{"embeddable":true,"href":"https:\/\/www.hoymercedes.com.ar\/principal\/wp-json\/wp\/v2\/media\/182846"}],"wp:attachment":[{"href":"https:\/\/www.hoymercedes.com.ar\/principal\/wp-json\/wp\/v2\/media?parent=182844"}],"wp:term":[{"taxonomy":"category","embeddable":true,"href":"https:\/\/www.hoymercedes.com.ar\/principal\/wp-json\/wp\/v2\/categories?post=182844"},{"taxonomy":"post_tag","embeddable":true,"href":"https:\/\/www.hoymercedes.com.ar\/principal\/wp-json\/wp\/v2\/tags?post=182844"}],"curies":[{"name":"wp","href":"https:\/\/api.w.org\/{rel}","templated":true}]}}