{"id":182853,"date":"2025-02-28T10:53:00","date_gmt":"2025-02-28T13:53:00","guid":{"rendered":"https:\/\/www.hoymercedes.com.ar\/principal\/?p=182853"},"modified":"2025-02-27T19:56:36","modified_gmt":"2025-02-27T22:56:36","slug":"presentacion-del-libro-madrid-buenos-aires-paris-a-traves-del-espejo","status":"publish","type":"post","link":"https:\/\/www.hoymercedes.com.ar\/principal\/2025\/02\/28\/presentacion-del-libro-madrid-buenos-aires-paris-a-traves-del-espejo\/","title":{"rendered":"Presentaci\u00f3n del libro \u00abMadrid, Buenos Aires, Par\u00eds. A trav\u00e9s del espejo\u00bb"},"content":{"rendered":"\n<p>La Asociaci\u00f3n M\u00e9dica de Mercedes invita a la comunidad a la presentaci\u00f3n de la novela\u00a0<em>Madrid, Buenos Aires, Par\u00eds. A trav\u00e9s del espejo<\/em>, de la escritora\u00a0<strong>Ayel\u00e9n Sequeiro<\/strong>, quien firma sus obras bajo el seud\u00f3nimo\u00a0<strong>Aye Seque<\/strong>. El evento se realizar\u00e1 el pr\u00f3ximo\u00a0<strong>viernes\u00a07 de marzo a las 20:00 horas<\/strong>\u00a0en la sede de la Asociaci\u00f3n M\u00e9dica de Mercedes, ubicada en\u00a0<strong>Calle 27, entre 30 y 32<\/strong>.<\/p>\n\n\n<div class=\"wp-block-image\">\n<figure class=\"alignleft size-full is-resized\"><img loading=\"lazy\" decoding=\"async\" width=\"800\" height=\"739\" data-attachment-id=\"182855\" data-permalink=\"https:\/\/www.hoymercedes.com.ar\/principal\/2025\/02\/28\/presentacion-del-libro-madrid-buenos-aires-paris-a-traves-del-espejo\/ayelen-sequeiro\/#main\" data-orig-file=\"https:\/\/www.hoymercedes.com.ar\/principal\/wp-content\/uploads\/2025\/02\/AYELEN-SEQUEIRO.jpg\" data-orig-size=\"800,739\" data-comments-opened=\"0\" data-image-meta=\"{&quot;aperture&quot;:&quot;0&quot;,&quot;credit&quot;:&quot;&quot;,&quot;camera&quot;:&quot;&quot;,&quot;caption&quot;:&quot;&quot;,&quot;created_timestamp&quot;:&quot;1740659787&quot;,&quot;copyright&quot;:&quot;&quot;,&quot;focal_length&quot;:&quot;0&quot;,&quot;iso&quot;:&quot;0&quot;,&quot;shutter_speed&quot;:&quot;0&quot;,&quot;title&quot;:&quot;&quot;,&quot;orientation&quot;:&quot;0&quot;}\" data-image-title=\"AYELEN SEQUEIRO\" data-image-description=\"\" data-image-caption=\"\" data-large-file=\"https:\/\/www.hoymercedes.com.ar\/principal\/wp-content\/uploads\/2025\/02\/AYELEN-SEQUEIRO.jpg\" src=\"https:\/\/www.hoymercedes.com.ar\/principal\/wp-content\/uploads\/2025\/02\/AYELEN-SEQUEIRO.jpg\" alt=\"\" class=\"wp-image-182855\" style=\"width:279px;height:auto\" srcset=\"https:\/\/www.hoymercedes.com.ar\/principal\/wp-content\/uploads\/2025\/02\/AYELEN-SEQUEIRO.jpg 800w, https:\/\/www.hoymercedes.com.ar\/principal\/wp-content\/uploads\/2025\/02\/AYELEN-SEQUEIRO-630x582.jpg 630w, https:\/\/www.hoymercedes.com.ar\/principal\/wp-content\/uploads\/2025\/02\/AYELEN-SEQUEIRO-150x139.jpg 150w\" sizes=\"auto, (max-width: 800px) 100vw, 800px\" \/><\/figure>\n<\/div>\n\n\n<p>La presentaci\u00f3n contar\u00e1 con la participaci\u00f3n especial del escritor&nbsp;<strong>Alejo Brignole<\/strong>, ganador del Premio Novelia 2007 en Espa\u00f1a por su obra&nbsp;<em>La merienda del diablo<\/em>.<\/p>\n\n\n\n<p>Ayel\u00e9n Sequeiro es m\u00e9dica especialista en Medicina General, diplomada en Diabetolog\u00eda, Obesidad y Educaci\u00f3n Diabetol\u00f3gica. Alterna su labor en el \u00e1mbito de la salud con su pasi\u00f3n por la literatura, plasmando en su obra una mirada profunda sobre las experiencias humanas.<\/p>\n\n\n\n<p>En&nbsp;<em>Madrid, Buenos Aires, Par\u00eds. A trav\u00e9s del espejo<\/em>, Sequeiro nos sumerge en una historia de conexiones inesperadas y dilemas personales a trav\u00e9s de tres protagonistas:&nbsp;<strong>Mara, una bioqu\u00edmica argentina; Marie, una empresaria francesa; y Gabrielle, una madre que reside en Madrid y combina el home office con sus obligaciones diarias<\/strong>. A pesar de sus diferencias, las tres mujeres comparten algo en com\u00fan, y un evento inesperado las transporta a su pasado, oblig\u00e1ndolas a enfrentarse a sus decisiones y al peso de sus propias elecciones.<\/p>\n\n\n\n<p>\u00bfPodr\u00e1n volver a ser quienes eran antes? \u00bfTomar\u00e1n los mismos caminos que las llevaron hasta all\u00ed? La novela propone un viaje entre tiempos y ciudades, explorando las experiencias que moldean nuestras vidas y la posibilidad de reescribir nuestro destino.<\/p>\n\n\n\n<p>El evento es de entrada libre y gratuita, y tendr\u00e1 una hora de duraci\u00f3n.<\/p>\n\n\n\n<p><strong>Para m\u00e1s informaci\u00f3n:<\/strong><br>\ud83d\udccd\u00a0<strong>Lugar:<\/strong>\u00a0Asociaci\u00f3n M\u00e9dica de Mercedes \u2013 Calle 27 N\u00b0 733<br>\ud83d\udcc5\u00a0<strong>Fecha:<\/strong>\u00a0Viernes 7 de marzo<br>\ud83d\udd57\u00a0<strong>Horario:<\/strong>\u00a020:00 hs<br>\ud83d\udcda\u00a0<strong>Organiza:<\/strong>\u00a0Acerc\u00e1ndonos Ediciones y Asociaci\u00f3n M\u00e9dica de Mercedes<\/p>\n\n\n\n<p><em>Fuente: Prensa AMMercedes<\/em><\/p>\n\n\n<div class=\"wp-block-image\">\n<figure class=\"aligncenter size-full\"><img loading=\"lazy\" decoding=\"async\" width=\"800\" height=\"693\" data-attachment-id=\"182854\" data-permalink=\"https:\/\/www.hoymercedes.com.ar\/principal\/2025\/02\/28\/presentacion-del-libro-madrid-buenos-aires-paris-a-traves-del-espejo\/libro\/#main\" data-orig-file=\"https:\/\/www.hoymercedes.com.ar\/principal\/wp-content\/uploads\/2025\/02\/LIBRO.jpg\" data-orig-size=\"800,693\" data-comments-opened=\"0\" data-image-meta=\"{&quot;aperture&quot;:&quot;0&quot;,&quot;credit&quot;:&quot;&quot;,&quot;camera&quot;:&quot;&quot;,&quot;caption&quot;:&quot;&quot;,&quot;created_timestamp&quot;:&quot;1740660306&quot;,&quot;copyright&quot;:&quot;&quot;,&quot;focal_length&quot;:&quot;0&quot;,&quot;iso&quot;:&quot;0&quot;,&quot;shutter_speed&quot;:&quot;0&quot;,&quot;title&quot;:&quot;&quot;,&quot;orientation&quot;:&quot;1&quot;}\" data-image-title=\"LIBRO\" data-image-description=\"\" data-image-caption=\"\" data-large-file=\"https:\/\/www.hoymercedes.com.ar\/principal\/wp-content\/uploads\/2025\/02\/LIBRO.jpg\" src=\"https:\/\/www.hoymercedes.com.ar\/principal\/wp-content\/uploads\/2025\/02\/LIBRO.jpg\" alt=\"\" class=\"wp-image-182854\" srcset=\"https:\/\/www.hoymercedes.com.ar\/principal\/wp-content\/uploads\/2025\/02\/LIBRO.jpg 800w, https:\/\/www.hoymercedes.com.ar\/principal\/wp-content\/uploads\/2025\/02\/LIBRO-630x546.jpg 630w, https:\/\/www.hoymercedes.com.ar\/principal\/wp-content\/uploads\/2025\/02\/LIBRO-150x130.jpg 150w\" sizes=\"auto, (max-width: 800px) 100vw, 800px\" \/><\/figure>\n<\/div>","protected":false},"excerpt":{"rendered":"<p>La Asociaci\u00f3n M\u00e9dica de Mercedes invita a la comunidad a la presentaci\u00f3n de la novela\u00a0Madrid, Buenos Aires, Par\u00eds. A trav\u00e9s &#8230; <a title=\"Presentaci\u00f3n del libro \u00abMadrid, Buenos Aires, Par\u00eds. A trav\u00e9s del espejo\u00bb\" class=\"read-more\" href=\"https:\/\/www.hoymercedes.com.ar\/principal\/2025\/02\/28\/presentacion-del-libro-madrid-buenos-aires-paris-a-traves-del-espejo\/\" aria-label=\"Leer m\u00e1s sobre Presentaci\u00f3n del libro \u00abMadrid, Buenos Aires, Par\u00eds. A trav\u00e9s del espejo\u00bb\">Leer m\u00e1s<\/a><\/p>\n","protected":false},"author":1,"featured_media":182854,"comment_status":"closed","ping_status":"open","sticky":false,"template":"","format":"standard","meta":{"_monsterinsights_skip_tracking":false,"_monsterinsights_sitenote_active":false,"_monsterinsights_sitenote_note":"","_monsterinsights_sitenote_category":0,"jetpack_post_was_ever_published":false,"_jetpack_newsletter_access":"","_jetpack_dont_email_post_to_subs":false,"_jetpack_newsletter_tier_id":0,"_jetpack_memberships_contains_paywalled_content":false,"_jetpack_memberships_contains_paid_content":false,"footnotes":"","jetpack_publicize_message":"","jetpack_publicize_feature_enabled":true,"jetpack_social_post_already_shared":true,"jetpack_social_options":{"image_generator_settings":{"template":"highway","default_image_id":0,"font":"","enabled":false},"version":2},"_wpas_customize_per_network":false},"categories":[8],"tags":[],"class_list":["post-182853","post","type-post","status-publish","format-standard","has-post-thumbnail","hentry","category-sociedad","generate-columns","tablet-grid-50","mobile-grid-100","grid-parent","grid-50"],"jetpack_publicize_connections":[],"jetpack_featured_media_url":"https:\/\/www.hoymercedes.com.ar\/principal\/wp-content\/uploads\/2025\/02\/LIBRO.jpg","wps_subtitle":"","jetpack_sharing_enabled":true,"_links":{"self":[{"href":"https:\/\/www.hoymercedes.com.ar\/principal\/wp-json\/wp\/v2\/posts\/182853","targetHints":{"allow":["GET"]}}],"collection":[{"href":"https:\/\/www.hoymercedes.com.ar\/principal\/wp-json\/wp\/v2\/posts"}],"about":[{"href":"https:\/\/www.hoymercedes.com.ar\/principal\/wp-json\/wp\/v2\/types\/post"}],"author":[{"embeddable":true,"href":"https:\/\/www.hoymercedes.com.ar\/principal\/wp-json\/wp\/v2\/users\/1"}],"replies":[{"embeddable":true,"href":"https:\/\/www.hoymercedes.com.ar\/principal\/wp-json\/wp\/v2\/comments?post=182853"}],"version-history":[{"count":1,"href":"https:\/\/www.hoymercedes.com.ar\/principal\/wp-json\/wp\/v2\/posts\/182853\/revisions"}],"predecessor-version":[{"id":182856,"href":"https:\/\/www.hoymercedes.com.ar\/principal\/wp-json\/wp\/v2\/posts\/182853\/revisions\/182856"}],"wp:featuredmedia":[{"embeddable":true,"href":"https:\/\/www.hoymercedes.com.ar\/principal\/wp-json\/wp\/v2\/media\/182854"}],"wp:attachment":[{"href":"https:\/\/www.hoymercedes.com.ar\/principal\/wp-json\/wp\/v2\/media?parent=182853"}],"wp:term":[{"taxonomy":"category","embeddable":true,"href":"https:\/\/www.hoymercedes.com.ar\/principal\/wp-json\/wp\/v2\/categories?post=182853"},{"taxonomy":"post_tag","embeddable":true,"href":"https:\/\/www.hoymercedes.com.ar\/principal\/wp-json\/wp\/v2\/tags?post=182853"}],"curies":[{"name":"wp","href":"https:\/\/api.w.org\/{rel}","templated":true}]}}