{"id":182881,"date":"2025-03-01T11:41:00","date_gmt":"2025-03-01T14:41:00","guid":{"rendered":"https:\/\/www.hoymercedes.com.ar\/principal\/?p=182881"},"modified":"2025-02-28T19:43:10","modified_gmt":"2025-02-28T22:43:10","slug":"comienza-la-primera-campana-de-vacunacion-contra-la-fiebre-aftosa","status":"publish","type":"post","link":"https:\/\/www.hoymercedes.com.ar\/principal\/2025\/03\/01\/comienza-la-primera-campana-de-vacunacion-contra-la-fiebre-aftosa\/","title":{"rendered":"Comienza la primera campa\u00f1a de vacunaci\u00f3n contra la fiebre aftosa"},"content":{"rendered":"\n<p>El pr\u00f3ximo <strong>10 de marzo iniciar\u00e1 en las provincias de la zona central y litoral del pa\u00eds la primera campa\u00f1a de vacunaci\u00f3n 2025 contra la fiebre aftosa<\/strong>, a trav\u00e9s de la que se inocular\u00e1 a la totalidad de las categor\u00edas bovinas y bubalinas, de acuerdo al <a href=\"https:\/\/www.argentina.gob.ar\/sites\/default\/files\/2018\/08\/calendario_definitivo_1ra_campana_2025.pdf\" target=\"_blank\" rel=\"noopener\"><strong>calendario<\/strong><\/a> establecido por el <strong>Senasa<\/strong>. Tambi\u00e9n se realizar\u00e1 la campa\u00f1a de vacunaci\u00f3n contra la brucelosis bovina en terneras de 3 a 8 meses en todas aquellas provincias en las que se aplica en forma sistem\u00e1tica.<\/p>\n\n\n\n<p>De acuerdo al <strong>cronograma acordado por el Senasa y los m\u00e1s de 300 entes sanitarios<\/strong> del pa\u00eds, las provincias que comenzar\u00e1n en la fecha mencionada son Chaco, Formosa, Misiones, Corrientes, Entre R\u00edos, Buenos Aires, Santa Fe, C\u00f3rdoba, Tucum\u00e1n, Catamarca, Mendoza, San Juan, La Pampa y San Luis.<\/p>\n\n\n\n<p>Algunos planes de provincias situadas en el norte del pa\u00eds, como Jujuy, Salta y La Rioja, dar\u00e1n inicio el 7 de abril, mientras que en regiones diferenciadas de Catamarca, Tucum\u00e1n y Jujuy el primer ciclo de vacunaci\u00f3n ya comenz\u00f3 en enero, a ra\u00edz de las caracter\u00edsticas particulares de sus planes.<\/p>\n\n\n\n<p>En la regi\u00f3n patag\u00f3nica \u2013con excepci\u00f3n de Tierra del Fuego, Ant\u00e1rtida e Islas del Atl\u00e1ntico Sur, reconocida como libre de la enfermedad\u2013 se llevar\u00e1 adelante la vacunaci\u00f3n contra la brucelosis bovina para terneras de 3 a 8 meses.<\/p>\n\n\n\n<p>La vacunaci\u00f3n contra la fiebre aftosa es una estrategia clave para la prevenci\u00f3n, ya que permite mantener una situaci\u00f3n epidemiol\u00f3gica estable en la Rep\u00fablica Argentina.<\/p>\n","protected":false},"excerpt":{"rendered":"<p>El pr\u00f3ximo 10 de marzo iniciar\u00e1 en las provincias de la zona central y litoral del pa\u00eds la primera campa\u00f1a &#8230; <a title=\"Comienza la primera campa\u00f1a de vacunaci\u00f3n contra la fiebre aftosa\" class=\"read-more\" href=\"https:\/\/www.hoymercedes.com.ar\/principal\/2025\/03\/01\/comienza-la-primera-campana-de-vacunacion-contra-la-fiebre-aftosa\/\" aria-label=\"Leer m\u00e1s sobre Comienza la primera campa\u00f1a de vacunaci\u00f3n contra la fiebre aftosa\">Leer m\u00e1s<\/a><\/p>\n","protected":false},"author":1,"featured_media":182882,"comment_status":"closed","ping_status":"open","sticky":false,"template":"","format":"standard","meta":{"_monsterinsights_skip_tracking":false,"_monsterinsights_sitenote_active":false,"_monsterinsights_sitenote_note":"","_monsterinsights_sitenote_category":0,"jetpack_post_was_ever_published":false,"_jetpack_newsletter_access":"","_jetpack_dont_email_post_to_subs":false,"_jetpack_newsletter_tier_id":0,"_jetpack_memberships_contains_paywalled_content":false,"_jetpack_memberships_contains_paid_content":false,"footnotes":"","jetpack_publicize_message":"","jetpack_publicize_feature_enabled":true,"jetpack_social_post_already_shared":true,"jetpack_social_options":{"image_generator_settings":{"template":"highway","default_image_id":0,"font":"","enabled":false},"version":2},"_wpas_customize_per_network":false},"categories":[8],"tags":[],"class_list":["post-182881","post","type-post","status-publish","format-standard","has-post-thumbnail","hentry","category-sociedad","generate-columns","tablet-grid-50","mobile-grid-100","grid-parent","grid-50"],"jetpack_publicize_connections":[],"jetpack_featured_media_url":"https:\/\/www.hoymercedes.com.ar\/principal\/wp-content\/uploads\/2025\/02\/Vacunacion-Aftosa-28-02-25.jpg","wps_subtitle":"","jetpack_sharing_enabled":true,"_links":{"self":[{"href":"https:\/\/www.hoymercedes.com.ar\/principal\/wp-json\/wp\/v2\/posts\/182881","targetHints":{"allow":["GET"]}}],"collection":[{"href":"https:\/\/www.hoymercedes.com.ar\/principal\/wp-json\/wp\/v2\/posts"}],"about":[{"href":"https:\/\/www.hoymercedes.com.ar\/principal\/wp-json\/wp\/v2\/types\/post"}],"author":[{"embeddable":true,"href":"https:\/\/www.hoymercedes.com.ar\/principal\/wp-json\/wp\/v2\/users\/1"}],"replies":[{"embeddable":true,"href":"https:\/\/www.hoymercedes.com.ar\/principal\/wp-json\/wp\/v2\/comments?post=182881"}],"version-history":[{"count":1,"href":"https:\/\/www.hoymercedes.com.ar\/principal\/wp-json\/wp\/v2\/posts\/182881\/revisions"}],"predecessor-version":[{"id":182883,"href":"https:\/\/www.hoymercedes.com.ar\/principal\/wp-json\/wp\/v2\/posts\/182881\/revisions\/182883"}],"wp:featuredmedia":[{"embeddable":true,"href":"https:\/\/www.hoymercedes.com.ar\/principal\/wp-json\/wp\/v2\/media\/182882"}],"wp:attachment":[{"href":"https:\/\/www.hoymercedes.com.ar\/principal\/wp-json\/wp\/v2\/media?parent=182881"}],"wp:term":[{"taxonomy":"category","embeddable":true,"href":"https:\/\/www.hoymercedes.com.ar\/principal\/wp-json\/wp\/v2\/categories?post=182881"},{"taxonomy":"post_tag","embeddable":true,"href":"https:\/\/www.hoymercedes.com.ar\/principal\/wp-json\/wp\/v2\/tags?post=182881"}],"curies":[{"name":"wp","href":"https:\/\/api.w.org\/{rel}","templated":true}]}}