{"id":18298,"date":"2012-11-29T04:54:11","date_gmt":"2012-11-29T04:54:11","guid":{"rendered":"http:\/\/www.hoymercedes.com.ar\/principal\/?p=18298"},"modified":"2012-11-29T05:08:06","modified_gmt":"2012-11-29T05:08:06","slug":"las-polemicas-del-ultimo-concejo","status":"publish","type":"post","link":"https:\/\/www.hoymercedes.com.ar\/principal\/2012\/11\/29\/las-polemicas-del-ultimo-concejo\/","title":{"rendered":"Las \u00abpol\u00e9micas\u00bb del \u00faltimo Concejo"},"content":{"rendered":"<p>La \u00faltima sesi\u00f3n ordinaria del Concejo Deliberante dej\u00f3 varias pol\u00e9micas dando vueltas. Algunas de tenor, otras, apenas una an\u00e9cdota para la semana.<\/p>\n<p>La m\u00e1s barrial es la disputa que tuvieron los ex aliados Juan Pablo L\u00f3pez y Mart\u00edn Zubeld\u00eda. Los ediles se trenzaron en el tema del barrido de la avenida cuarenta. Entre experiencias gastron\u00f3micas y reflexiones sobre qu\u00e9 es una chicana se disputaron cu\u00e1l es la realidad de la avenida en torno a su limpieza. Fue as\u00ed que al otro d\u00eda el edil del Frente Mercedino tom\u00f3 su veh\u00edculo y retrat\u00f3 el lugar dando una prueba fotogr\u00e1fica que acompa\u00f1a su opini\u00f3n de que la 40 est\u00e1 sucia. Zubeld\u00eda, \u00bfhar\u00e1 lo mismo? Mientras tanto, en el Facebook del concejal L\u00f3pez la pol\u00e9mica no se hizo esperar.<\/p>\n<p>El otro coletazo, y este si de verdadera importancia social integral, no como la anterior que puede relativizarse, es la falta de apoyo que hubo por parte del bloque de concejales del Frente Mercedino para la Victoria por un pedido de declarar \u201curgente\u201d o de \u201csuma importancia\u201d la finalizaci\u00f3n de las obras de la Ruta Nacional 5 al ejecutivo por medio de una nota. Apoyaron el pedido, que sale desde el Concejo, todos los bloques a excepci\u00f3n del mencionado que se excus\u00f3 porque dicen sus diputados (De Pedro y Espa\u00f1a) se encuentran trabajando en el tema. Las redes sociales tambi\u00e9n dieron debate y pol\u00e9mica. Dentro de la Comisi\u00f3n de Vecinos por el Peaje y la Seguridad Vial la cuesti\u00f3n cay\u00f3 muy mal.<\/p>\n<p>Veremos qu\u00e9 nos deparan los pr\u00f3ximos d\u00edas dado que en estos momentos, los concejales mercedinos, empiezan a sacar punta al l\u00e1piz en la lectura del presupuesto 2013.<\/p>\n<p>&nbsp;<\/p>\n<p>&nbsp;<\/p>\n<p>&nbsp;<\/p>\n","protected":false},"excerpt":{"rendered":"<p>La \u00faltima sesi\u00f3n ordinaria del Concejo Deliberante dej\u00f3 varias pol\u00e9micas dando vueltas. Algunas de tenor, otras, apenas una an\u00e9cdota para &#8230; <a title=\"Las \u00abpol\u00e9micas\u00bb del \u00faltimo Concejo\" class=\"read-more\" href=\"https:\/\/www.hoymercedes.com.ar\/principal\/2012\/11\/29\/las-polemicas-del-ultimo-concejo\/\" aria-label=\"Leer m\u00e1s sobre Las \u00abpol\u00e9micas\u00bb del \u00faltimo Concejo\">Leer m\u00e1s<\/a><\/p>\n","protected":false},"author":1,"featured_media":0,"comment_status":"open","ping_status":"open","sticky":false,"template":"","format":"standard","meta":{"_monsterinsights_skip_tracking":false,"_monsterinsights_sitenote_active":false,"_monsterinsights_sitenote_note":"","_monsterinsights_sitenote_category":0,"jetpack_post_was_ever_published":false,"_jetpack_newsletter_access":"","_jetpack_dont_email_post_to_subs":false,"_jetpack_newsletter_tier_id":0,"_jetpack_memberships_contains_paywalled_content":false,"_jetpack_memberships_contains_paid_content":false,"footnotes":"","jetpack_publicize_message":"","jetpack_publicize_feature_enabled":true,"jetpack_social_post_already_shared":false,"jetpack_social_options":{"image_generator_settings":{"template":"highway","default_image_id":0,"font":"","enabled":false},"version":2},"_wpas_customize_per_network":false},"categories":[5],"tags":[2865],"class_list":["post-18298","post","type-post","status-publish","format-standard","hentry","category-politica","tag-concejo-deliberante-de-mercedes","generate-columns","tablet-grid-50","mobile-grid-100","grid-parent","grid-50"],"jetpack_publicize_connections":[],"jetpack_featured_media_url":"","wps_subtitle":"","jetpack_sharing_enabled":true,"_links":{"self":[{"href":"https:\/\/www.hoymercedes.com.ar\/principal\/wp-json\/wp\/v2\/posts\/18298","targetHints":{"allow":["GET"]}}],"collection":[{"href":"https:\/\/www.hoymercedes.com.ar\/principal\/wp-json\/wp\/v2\/posts"}],"about":[{"href":"https:\/\/www.hoymercedes.com.ar\/principal\/wp-json\/wp\/v2\/types\/post"}],"author":[{"embeddable":true,"href":"https:\/\/www.hoymercedes.com.ar\/principal\/wp-json\/wp\/v2\/users\/1"}],"replies":[{"embeddable":true,"href":"https:\/\/www.hoymercedes.com.ar\/principal\/wp-json\/wp\/v2\/comments?post=18298"}],"version-history":[{"count":0,"href":"https:\/\/www.hoymercedes.com.ar\/principal\/wp-json\/wp\/v2\/posts\/18298\/revisions"}],"wp:attachment":[{"href":"https:\/\/www.hoymercedes.com.ar\/principal\/wp-json\/wp\/v2\/media?parent=18298"}],"wp:term":[{"taxonomy":"category","embeddable":true,"href":"https:\/\/www.hoymercedes.com.ar\/principal\/wp-json\/wp\/v2\/categories?post=18298"},{"taxonomy":"post_tag","embeddable":true,"href":"https:\/\/www.hoymercedes.com.ar\/principal\/wp-json\/wp\/v2\/tags?post=18298"}],"curies":[{"name":"wp","href":"https:\/\/api.w.org\/{rel}","templated":true}]}}