{"id":182993,"date":"2025-03-06T09:31:37","date_gmt":"2025-03-06T12:31:37","guid":{"rendered":"https:\/\/www.hoymercedes.com.ar\/principal\/?p=182993"},"modified":"2025-03-06T09:33:12","modified_gmt":"2025-03-06T12:33:12","slug":"se-eliminaron-61-resoluciones-que-eran-una-carga-para-la-produccion","status":"publish","type":"post","link":"https:\/\/www.hoymercedes.com.ar\/principal\/2025\/03\/06\/se-eliminaron-61-resoluciones-que-eran-una-carga-para-la-produccion\/","title":{"rendered":"Se eliminaron 61 resoluciones que eran una carga para la producci\u00f3n"},"content":{"rendered":"\n<p>El SENASA dispuso la eliminaci\u00f3n de 61 resoluciones vinculadas a la sanidad vegetal que resultaban obsoletas y una carga innecesaria para el sector privado, en el marco del plan de modernizaci\u00f3n y desregulaci\u00f3n que viene llevando a cabo el organismo.<\/p>\n\n\n\n<p>Esta medida, contemplada en la Resoluci\u00f3n 120\/2025 que se public\u00f3 en el Bolet\u00edn Oficial, sigue los lineamientos de la Ley 27.233 y de la Ley de Bases y Puntos de Partida para la Libertad de los Argentinos 27.742 y tiene como objetivo lograr una gesti\u00f3n p\u00fablica transparente, \u00e1gil, eficiente, eficaz y de calidad.<\/p>\n\n\n\n<p>Las resoluciones abrogadas \u2013algunas con m\u00e1s de 30 a\u00f1osde antig\u00fcedad\u2013 establec\u00edan requisitos y tr\u00e1mites que resultan improcedentes en la actualidad, como es el caso de la Resoluci\u00f3n 500\/2023 que obligaba a los productores a inscribirse en el Registro de Integridad y Transparencia para Empresas y Entidades (RITE).<\/p>\n\n\n\n<p>Este reordenamiento normativo sigue las directrices acordadas internacionalmente en materia de buenas pr\u00e1cticas y ratifica el compromiso del Senasa con la sanidad y calidad agroalimentaria nacional.<\/p>\n","protected":false},"excerpt":{"rendered":"<p>El SENASA dispuso la eliminaci\u00f3n de 61 resoluciones vinculadas a la sanidad vegetal que resultaban obsoletas y una carga innecesaria &#8230; <a title=\"Se eliminaron 61 resoluciones que eran una carga para la producci\u00f3n\" class=\"read-more\" href=\"https:\/\/www.hoymercedes.com.ar\/principal\/2025\/03\/06\/se-eliminaron-61-resoluciones-que-eran-una-carga-para-la-produccion\/\" aria-label=\"Leer m\u00e1s sobre Se eliminaron 61 resoluciones que eran una carga para la producci\u00f3n\">Leer m\u00e1s<\/a><\/p>\n","protected":false},"author":1,"featured_media":182994,"comment_status":"closed","ping_status":"open","sticky":false,"template":"","format":"standard","meta":{"_monsterinsights_skip_tracking":false,"_monsterinsights_sitenote_active":false,"_monsterinsights_sitenote_note":"","_monsterinsights_sitenote_category":0,"jetpack_post_was_ever_published":false,"_jetpack_newsletter_access":"","_jetpack_dont_email_post_to_subs":false,"_jetpack_newsletter_tier_id":0,"_jetpack_memberships_contains_paywalled_content":false,"_jetpack_memberships_contains_paid_content":false,"footnotes":"","jetpack_publicize_message":"","jetpack_publicize_feature_enabled":true,"jetpack_social_post_already_shared":true,"jetpack_social_options":{"image_generator_settings":{"template":"highway","default_image_id":0,"font":"","enabled":false},"version":2},"_wpas_customize_per_network":false},"categories":[8],"tags":[],"class_list":["post-182993","post","type-post","status-publish","format-standard","has-post-thumbnail","hentry","category-sociedad","generate-columns","tablet-grid-50","mobile-grid-100","grid-parent","grid-50"],"jetpack_publicize_connections":[],"jetpack_featured_media_url":"https:\/\/www.hoymercedes.com.ar\/principal\/wp-content\/uploads\/2025\/03\/Senasa.jpg","wps_subtitle":"","jetpack_sharing_enabled":true,"_links":{"self":[{"href":"https:\/\/www.hoymercedes.com.ar\/principal\/wp-json\/wp\/v2\/posts\/182993","targetHints":{"allow":["GET"]}}],"collection":[{"href":"https:\/\/www.hoymercedes.com.ar\/principal\/wp-json\/wp\/v2\/posts"}],"about":[{"href":"https:\/\/www.hoymercedes.com.ar\/principal\/wp-json\/wp\/v2\/types\/post"}],"author":[{"embeddable":true,"href":"https:\/\/www.hoymercedes.com.ar\/principal\/wp-json\/wp\/v2\/users\/1"}],"replies":[{"embeddable":true,"href":"https:\/\/www.hoymercedes.com.ar\/principal\/wp-json\/wp\/v2\/comments?post=182993"}],"version-history":[{"count":2,"href":"https:\/\/www.hoymercedes.com.ar\/principal\/wp-json\/wp\/v2\/posts\/182993\/revisions"}],"predecessor-version":[{"id":182997,"href":"https:\/\/www.hoymercedes.com.ar\/principal\/wp-json\/wp\/v2\/posts\/182993\/revisions\/182997"}],"wp:featuredmedia":[{"embeddable":true,"href":"https:\/\/www.hoymercedes.com.ar\/principal\/wp-json\/wp\/v2\/media\/182994"}],"wp:attachment":[{"href":"https:\/\/www.hoymercedes.com.ar\/principal\/wp-json\/wp\/v2\/media?parent=182993"}],"wp:term":[{"taxonomy":"category","embeddable":true,"href":"https:\/\/www.hoymercedes.com.ar\/principal\/wp-json\/wp\/v2\/categories?post=182993"},{"taxonomy":"post_tag","embeddable":true,"href":"https:\/\/www.hoymercedes.com.ar\/principal\/wp-json\/wp\/v2\/tags?post=182993"}],"curies":[{"name":"wp","href":"https:\/\/api.w.org\/{rel}","templated":true}]}}