{"id":182998,"date":"2025-03-06T09:44:48","date_gmt":"2025-03-06T12:44:48","guid":{"rendered":"https:\/\/www.hoymercedes.com.ar\/principal\/?p=182998"},"modified":"2025-03-06T09:44:52","modified_gmt":"2025-03-06T12:44:52","slug":"internos-de-la-carcel-local-restauraron-camion-de-bomberos","status":"publish","type":"post","link":"https:\/\/www.hoymercedes.com.ar\/principal\/2025\/03\/06\/internos-de-la-carcel-local-restauraron-camion-de-bomberos\/","title":{"rendered":"Internos de la C\u00e1rcel local restauraron cami\u00f3n de Bomberos"},"content":{"rendered":"\n<p>Desde el Servicio Penitenciario Bonaerense informaron que internos de la c\u00e1rcel de Mercedes restauraron un cami\u00f3n para que preste servicio en el cuartel de los Bomberos Voluntarios local. <\/p>\n\n\n<div class=\"wp-block-image\">\n<figure class=\"aligncenter size-full\"><img loading=\"lazy\" decoding=\"async\" width=\"800\" height=\"600\" data-attachment-id=\"182999\" data-permalink=\"https:\/\/www.hoymercedes.com.ar\/principal\/2025\/03\/06\/internos-de-la-carcel-local-restauraron-camion-de-bomberos\/bomberos-carcel\/#main\" data-orig-file=\"https:\/\/www.hoymercedes.com.ar\/principal\/wp-content\/uploads\/2025\/03\/bomberos-carcel.jpg\" data-orig-size=\"800,600\" data-comments-opened=\"0\" data-image-meta=\"{&quot;aperture&quot;:&quot;0&quot;,&quot;credit&quot;:&quot;&quot;,&quot;camera&quot;:&quot;&quot;,&quot;caption&quot;:&quot;&quot;,&quot;created_timestamp&quot;:&quot;0&quot;,&quot;copyright&quot;:&quot;&quot;,&quot;focal_length&quot;:&quot;0&quot;,&quot;iso&quot;:&quot;0&quot;,&quot;shutter_speed&quot;:&quot;0&quot;,&quot;title&quot;:&quot;&quot;,&quot;orientation&quot;:&quot;0&quot;}\" data-image-title=\"bomberos carcel\" data-image-description=\"\" data-image-caption=\"\" data-large-file=\"https:\/\/www.hoymercedes.com.ar\/principal\/wp-content\/uploads\/2025\/03\/bomberos-carcel.jpg\" src=\"https:\/\/www.hoymercedes.com.ar\/principal\/wp-content\/uploads\/2025\/03\/bomberos-carcel.jpg\" alt=\"\" class=\"wp-image-182999\" srcset=\"https:\/\/www.hoymercedes.com.ar\/principal\/wp-content\/uploads\/2025\/03\/bomberos-carcel.jpg 800w, https:\/\/www.hoymercedes.com.ar\/principal\/wp-content\/uploads\/2025\/03\/bomberos-carcel-630x473.jpg 630w, https:\/\/www.hoymercedes.com.ar\/principal\/wp-content\/uploads\/2025\/03\/bomberos-carcel-150x113.jpg 150w\" sizes=\"auto, (max-width: 800px) 100vw, 800px\" \/><\/figure>\n<\/div>\n\n\n<p>El cami\u00f3n restaurado es uno de los veh\u00edculos cisterna a los que se le hizo trabajo de chapa y pintura en los talleres de la Unidad Penitenciaria N\u00b0 5. Es as\u00ed que \u00abdejaron el cami\u00f3n en \u00f3ptimas condiciones para ser utilizado por el Cuartel de Bomberos Voluntarios de Mercedes\u00bb. El cami\u00f3n Iveco Tector es el m\u00f3vil 42. <\/p>\n\n\n\n<p>El Jefe de Bomberos Mario Quaglia coment\u00f3 que \u00abnecesitaban un cami\u00f3n cisterna para grandes incendios por lo que realizaron un intercambio con la Municipalidad de camiones donde obtuvieron este, y necesitaban arreglarlo con conexiones de mangueras y otras adecuaciones y pintarlo de color rojo de bomberos, por lo cual se combin\u00f3 con la c\u00e1rcel para realizar este trabajo.<\/p>\n\n\n\n<p>El cami\u00f3n cisterna restaurado fue entregado al jefe de Cuerpo de Bomberos Voluntarios de la Ciudad de Mercedes Mario Quaglia y los bomberos Alejandro Mazza, Lucas Gutierres y Jonathan Sirch. En la entrega, por parte del SPB estuvieron el secretario de coordinaci\u00f3n del Complejo Norte, Fabi\u00e1n Sol\u00eds, el director de la Unidad 5, Roberto Frade, la subdirectora del \u00e1rea Administrativa, Carolina Routin, el subdirector de Seguridad, David Aparicio, la jefa de la Secci\u00f3n Talleres, Anal\u00eda L\u00f3pez, personal de secci\u00f3n talleres y personas privadas de la libertad.<\/p>\n\n\n\n<p>\u00abEl emprendimiento forma parte del convenio marco de cooperaci\u00f3n, coordinaci\u00f3n, desarrollo de programas de capacitaci\u00f3n, formaci\u00f3n y asistencia t\u00e9cnicas entre las Instituciones externas y el Servicio Penitenciario Bonaerense\u00bb, destacaron en la informaci\u00f3n enviada. <\/p>\n\n\n\n<p><\/p>\n","protected":false},"excerpt":{"rendered":"<p>Desde el Servicio Penitenciario Bonaerense informaron que internos de la c\u00e1rcel de Mercedes restauraron un cami\u00f3n para que preste servicio &#8230; <a title=\"Internos de la C\u00e1rcel local restauraron cami\u00f3n de Bomberos\" class=\"read-more\" href=\"https:\/\/www.hoymercedes.com.ar\/principal\/2025\/03\/06\/internos-de-la-carcel-local-restauraron-camion-de-bomberos\/\" aria-label=\"Leer m\u00e1s sobre Internos de la C\u00e1rcel local restauraron cami\u00f3n de Bomberos\">Leer m\u00e1s<\/a><\/p>\n","protected":false},"author":1,"featured_media":182999,"comment_status":"closed","ping_status":"open","sticky":false,"template":"","format":"standard","meta":{"_monsterinsights_skip_tracking":false,"_monsterinsights_sitenote_active":false,"_monsterinsights_sitenote_note":"","_monsterinsights_sitenote_category":0,"jetpack_post_was_ever_published":false,"_jetpack_newsletter_access":"","_jetpack_dont_email_post_to_subs":false,"_jetpack_newsletter_tier_id":0,"_jetpack_memberships_contains_paywalled_content":false,"_jetpack_memberships_contains_paid_content":false,"footnotes":"","jetpack_publicize_message":"","jetpack_publicize_feature_enabled":true,"jetpack_social_post_already_shared":true,"jetpack_social_options":{"image_generator_settings":{"template":"highway","default_image_id":0,"font":"","enabled":false},"version":2},"_wpas_customize_per_network":false},"categories":[8],"tags":[],"class_list":["post-182998","post","type-post","status-publish","format-standard","has-post-thumbnail","hentry","category-sociedad","generate-columns","tablet-grid-50","mobile-grid-100","grid-parent","grid-50"],"jetpack_publicize_connections":[],"jetpack_featured_media_url":"https:\/\/www.hoymercedes.com.ar\/principal\/wp-content\/uploads\/2025\/03\/bomberos-carcel.jpg","wps_subtitle":"","jetpack_sharing_enabled":true,"_links":{"self":[{"href":"https:\/\/www.hoymercedes.com.ar\/principal\/wp-json\/wp\/v2\/posts\/182998","targetHints":{"allow":["GET"]}}],"collection":[{"href":"https:\/\/www.hoymercedes.com.ar\/principal\/wp-json\/wp\/v2\/posts"}],"about":[{"href":"https:\/\/www.hoymercedes.com.ar\/principal\/wp-json\/wp\/v2\/types\/post"}],"author":[{"embeddable":true,"href":"https:\/\/www.hoymercedes.com.ar\/principal\/wp-json\/wp\/v2\/users\/1"}],"replies":[{"embeddable":true,"href":"https:\/\/www.hoymercedes.com.ar\/principal\/wp-json\/wp\/v2\/comments?post=182998"}],"version-history":[{"count":1,"href":"https:\/\/www.hoymercedes.com.ar\/principal\/wp-json\/wp\/v2\/posts\/182998\/revisions"}],"predecessor-version":[{"id":183000,"href":"https:\/\/www.hoymercedes.com.ar\/principal\/wp-json\/wp\/v2\/posts\/182998\/revisions\/183000"}],"wp:featuredmedia":[{"embeddable":true,"href":"https:\/\/www.hoymercedes.com.ar\/principal\/wp-json\/wp\/v2\/media\/182999"}],"wp:attachment":[{"href":"https:\/\/www.hoymercedes.com.ar\/principal\/wp-json\/wp\/v2\/media?parent=182998"}],"wp:term":[{"taxonomy":"category","embeddable":true,"href":"https:\/\/www.hoymercedes.com.ar\/principal\/wp-json\/wp\/v2\/categories?post=182998"},{"taxonomy":"post_tag","embeddable":true,"href":"https:\/\/www.hoymercedes.com.ar\/principal\/wp-json\/wp\/v2\/tags?post=182998"}],"curies":[{"name":"wp","href":"https:\/\/api.w.org\/{rel}","templated":true}]}}