{"id":183001,"date":"2025-03-06T10:12:49","date_gmt":"2025-03-06T13:12:49","guid":{"rendered":"https:\/\/www.hoymercedes.com.ar\/principal\/?p=183001"},"modified":"2025-03-06T10:22:59","modified_gmt":"2025-03-06T13:22:59","slug":"jueves-6-arranca-el-camino-de-los-bodegones","status":"publish","type":"post","link":"https:\/\/www.hoymercedes.com.ar\/principal\/2025\/03\/06\/jueves-6-arranca-el-camino-de-los-bodegones\/","title":{"rendered":"Jueves 6 arranca el Camino de los Bodegones"},"content":{"rendered":"\n<p>D\u00edas atr\u00e1s se oficializ\u00f3 el inicio de una nueva edici\u00f3n del ciclo Camino de los Bodegones. Este jueves 6 se realizar\u00e1 el primero en \u00abCambalache\u00bb (11 y 126) con la actuaci\u00f3n y participaci\u00f3n de Lola de Mieri, Alfredo Colussi y Ezequiel Toranzo. A partir de la hora 21. A lo largo de los pr\u00f3ximas semanas, la propuesta continuar\u00e1 en distintos bodegones y bares de la ciudad. <\/p>\n\n\n<div class=\"wp-block-image\">\n<figure class=\"aligncenter size-full\"><img loading=\"lazy\" decoding=\"async\" width=\"800\" height=\"533\" data-attachment-id=\"183002\" data-permalink=\"https:\/\/www.hoymercedes.com.ar\/principal\/2025\/03\/06\/jueves-6-arranca-el-camino-de-los-bodegones\/caminobodegones-2\/#main\" data-orig-file=\"https:\/\/www.hoymercedes.com.ar\/principal\/wp-content\/uploads\/2025\/03\/CaminoBodegones.jpg\" data-orig-size=\"800,533\" data-comments-opened=\"0\" data-image-meta=\"{&quot;aperture&quot;:&quot;0&quot;,&quot;credit&quot;:&quot;&quot;,&quot;camera&quot;:&quot;&quot;,&quot;caption&quot;:&quot;&quot;,&quot;created_timestamp&quot;:&quot;1740686759&quot;,&quot;copyright&quot;:&quot;&quot;,&quot;focal_length&quot;:&quot;0&quot;,&quot;iso&quot;:&quot;0&quot;,&quot;shutter_speed&quot;:&quot;0&quot;,&quot;title&quot;:&quot;&quot;,&quot;orientation&quot;:&quot;0&quot;}\" data-image-title=\"CaminoBodegones\" data-image-description=\"\" data-image-caption=\"\" data-large-file=\"https:\/\/www.hoymercedes.com.ar\/principal\/wp-content\/uploads\/2025\/03\/CaminoBodegones.jpg\" src=\"https:\/\/www.hoymercedes.com.ar\/principal\/wp-content\/uploads\/2025\/03\/CaminoBodegones.jpg\" alt=\"\" class=\"wp-image-183002\" srcset=\"https:\/\/www.hoymercedes.com.ar\/principal\/wp-content\/uploads\/2025\/03\/CaminoBodegones.jpg 800w, https:\/\/www.hoymercedes.com.ar\/principal\/wp-content\/uploads\/2025\/03\/CaminoBodegones-630x420.jpg 630w, https:\/\/www.hoymercedes.com.ar\/principal\/wp-content\/uploads\/2025\/03\/CaminoBodegones-150x100.jpg 150w, https:\/\/www.hoymercedes.com.ar\/principal\/wp-content\/uploads\/2025\/03\/CaminoBodegones-700x465.jpg 700w\" sizes=\"auto, (max-width: 800px) 100vw, 800px\" \/><\/figure>\n<\/div>\n\n\n<p>En conferencia de prensa, el Jefe Comunal Juan Ustarroz y el Director de Turismo, Francisco Dinova, contaron destalles del ciclo que inicia en una nueva edici\u00f3n. Dinova explic\u00f3 que el Camino de los Bogedones es una propuesta que incluye a \u201caquellos viejos almacenes de ramos generales de anta\u00f1o y convertidos en bares, en pizzer\u00edas, en restaurantes\u201d. <\/p>\n\n\n\n<p>La primera jornada de esta etapa ser\u00e1 en \u00abCambalache\u00bb. Daniel y Flavia, contaron que ya el a\u00f1o pasado hab\u00edan sigo invitados y que este a\u00f1o vuelven a participar. \u201cAntes \u00e9ramos Lo de Pipi somos Cambalache, calle 11, 126 y 128. Ah\u00ed nos encuentran y, est\u00e1n invitados\u201d destacaron. El ciclo continuar\u00e1 el s\u00e1bado 8 en Bistr\u00f3 (26 y 41) y d\u00edas siguiente se realizar\u00e1 en La Pulper\u00eda <\/p>\n\n\n\n<p><\/p>\n","protected":false},"excerpt":{"rendered":"<p>D\u00edas atr\u00e1s se oficializ\u00f3 el inicio de una nueva edici\u00f3n del ciclo Camino de los Bodegones. Este jueves 6 se &#8230; <a title=\"Jueves 6 arranca el Camino de los Bodegones\" class=\"read-more\" href=\"https:\/\/www.hoymercedes.com.ar\/principal\/2025\/03\/06\/jueves-6-arranca-el-camino-de-los-bodegones\/\" aria-label=\"Leer m\u00e1s sobre Jueves 6 arranca el Camino de los Bodegones\">Leer m\u00e1s<\/a><\/p>\n","protected":false},"author":1,"featured_media":183002,"comment_status":"closed","ping_status":"open","sticky":false,"template":"","format":"standard","meta":{"_monsterinsights_skip_tracking":false,"_monsterinsights_sitenote_active":false,"_monsterinsights_sitenote_note":"","_monsterinsights_sitenote_category":0,"jetpack_post_was_ever_published":false,"_jetpack_newsletter_access":"","_jetpack_dont_email_post_to_subs":false,"_jetpack_newsletter_tier_id":0,"_jetpack_memberships_contains_paywalled_content":false,"_jetpack_memberships_contains_paid_content":false,"footnotes":"","jetpack_publicize_message":"","jetpack_publicize_feature_enabled":true,"jetpack_social_post_already_shared":true,"jetpack_social_options":{"image_generator_settings":{"template":"highway","default_image_id":0,"font":"","enabled":false},"version":2},"_wpas_customize_per_network":false},"categories":[8],"tags":[],"class_list":["post-183001","post","type-post","status-publish","format-standard","has-post-thumbnail","hentry","category-sociedad","generate-columns","tablet-grid-50","mobile-grid-100","grid-parent","grid-50"],"jetpack_publicize_connections":[],"jetpack_featured_media_url":"https:\/\/www.hoymercedes.com.ar\/principal\/wp-content\/uploads\/2025\/03\/CaminoBodegones.jpg","wps_subtitle":"","jetpack_sharing_enabled":true,"_links":{"self":[{"href":"https:\/\/www.hoymercedes.com.ar\/principal\/wp-json\/wp\/v2\/posts\/183001","targetHints":{"allow":["GET"]}}],"collection":[{"href":"https:\/\/www.hoymercedes.com.ar\/principal\/wp-json\/wp\/v2\/posts"}],"about":[{"href":"https:\/\/www.hoymercedes.com.ar\/principal\/wp-json\/wp\/v2\/types\/post"}],"author":[{"embeddable":true,"href":"https:\/\/www.hoymercedes.com.ar\/principal\/wp-json\/wp\/v2\/users\/1"}],"replies":[{"embeddable":true,"href":"https:\/\/www.hoymercedes.com.ar\/principal\/wp-json\/wp\/v2\/comments?post=183001"}],"version-history":[{"count":2,"href":"https:\/\/www.hoymercedes.com.ar\/principal\/wp-json\/wp\/v2\/posts\/183001\/revisions"}],"predecessor-version":[{"id":183004,"href":"https:\/\/www.hoymercedes.com.ar\/principal\/wp-json\/wp\/v2\/posts\/183001\/revisions\/183004"}],"wp:featuredmedia":[{"embeddable":true,"href":"https:\/\/www.hoymercedes.com.ar\/principal\/wp-json\/wp\/v2\/media\/183002"}],"wp:attachment":[{"href":"https:\/\/www.hoymercedes.com.ar\/principal\/wp-json\/wp\/v2\/media?parent=183001"}],"wp:term":[{"taxonomy":"category","embeddable":true,"href":"https:\/\/www.hoymercedes.com.ar\/principal\/wp-json\/wp\/v2\/categories?post=183001"},{"taxonomy":"post_tag","embeddable":true,"href":"https:\/\/www.hoymercedes.com.ar\/principal\/wp-json\/wp\/v2\/tags?post=183001"}],"curies":[{"name":"wp","href":"https:\/\/api.w.org\/{rel}","templated":true}]}}