{"id":183046,"date":"2025-03-07T21:30:16","date_gmt":"2025-03-08T00:30:16","guid":{"rendered":"https:\/\/www.hoymercedes.com.ar\/principal\/?p=183046"},"modified":"2025-03-07T21:30:21","modified_gmt":"2025-03-08T00:30:21","slug":"alerta-naranja-para-noche-y-madrugada","status":"publish","type":"post","link":"https:\/\/www.hoymercedes.com.ar\/principal\/2025\/03\/07\/alerta-naranja-para-noche-y-madrugada\/","title":{"rendered":"Alerta naranja para noche y madrugada"},"content":{"rendered":"\n<p>Nuestra ciudad tambi\u00e9n qued\u00f3 bajo la alerta emitida por el Servicio Metereol\u00f3gico y difundida desde la Provincia. El parte indica que puede haber fuertes lluvias y vientos.<\/p>\n\n\n\n<p>La informaci\u00f3n es la siguiente:<\/p>\n\n\n\n<p><em>Durante la madrugada de ma\u00f1ana, el \u00e1rea en naranja ser\u00e1 afectada por lluvias y tormentas fuertes o severas. Las mismas estar\u00e1n acompa\u00f1adas por abundante ca\u00edda de agua en cortos per\u00edodos, r\u00e1fagas que podr\u00edan superar los 90 km\/h, ocasional ca\u00edda de granizo y fuerte actividad el\u00e9ctrica. Se prev\u00e9n valores de precipitaci\u00f3n acumulada entre 60 y 100 mm.<\/em><\/p>\n\n\n\n<p><em>Para m\u00e1s informaci\u00f3n ingres\u00e1 a www.smn.gob.ar<\/em><\/p>\n\n\n\n<p><strong><em>DC DIRECCI\u00d3N PROVINCIAL DE DEFENSA CIVIL DIRECCI\u00d3N PROVINCIAL DE RIESGOS Y EMERGENCIAS SUBSECRETAR\u00cdA DE EMERGENCIAS MINISTERIO DE SEGURIDAD GOBIERNO DE LA PROVINCIA DE BUENOS AIRES<\/em><\/strong><\/p>\n","protected":false},"excerpt":{"rendered":"<p>Nuestra ciudad tambi\u00e9n qued\u00f3 bajo la alerta emitida por el Servicio Metereol\u00f3gico y difundida desde la Provincia. El parte indica &#8230; <a title=\"Alerta naranja para noche y madrugada\" class=\"read-more\" href=\"https:\/\/www.hoymercedes.com.ar\/principal\/2025\/03\/07\/alerta-naranja-para-noche-y-madrugada\/\" aria-label=\"Leer m\u00e1s sobre Alerta naranja para noche y madrugada\">Leer m\u00e1s<\/a><\/p>\n","protected":false},"author":1,"featured_media":178890,"comment_status":"closed","ping_status":"open","sticky":false,"template":"","format":"standard","meta":{"_monsterinsights_skip_tracking":false,"_monsterinsights_sitenote_active":false,"_monsterinsights_sitenote_note":"","_monsterinsights_sitenote_category":0,"jetpack_post_was_ever_published":false,"_jetpack_newsletter_access":"","_jetpack_dont_email_post_to_subs":false,"_jetpack_newsletter_tier_id":0,"_jetpack_memberships_contains_paywalled_content":false,"_jetpack_memberships_contains_paid_content":false,"footnotes":"","jetpack_publicize_message":"","jetpack_publicize_feature_enabled":true,"jetpack_social_post_already_shared":true,"jetpack_social_options":{"image_generator_settings":{"template":"highway","default_image_id":0,"font":"","enabled":false},"version":2},"_wpas_customize_per_network":false},"categories":[8],"tags":[],"class_list":["post-183046","post","type-post","status-publish","format-standard","has-post-thumbnail","hentry","category-sociedad","generate-columns","tablet-grid-50","mobile-grid-100","grid-parent","grid-50"],"jetpack_publicize_connections":[],"jetpack_featured_media_url":"https:\/\/www.hoymercedes.com.ar\/principal\/wp-content\/uploads\/2024\/09\/lluvia.jpg","wps_subtitle":"","jetpack_sharing_enabled":true,"_links":{"self":[{"href":"https:\/\/www.hoymercedes.com.ar\/principal\/wp-json\/wp\/v2\/posts\/183046","targetHints":{"allow":["GET"]}}],"collection":[{"href":"https:\/\/www.hoymercedes.com.ar\/principal\/wp-json\/wp\/v2\/posts"}],"about":[{"href":"https:\/\/www.hoymercedes.com.ar\/principal\/wp-json\/wp\/v2\/types\/post"}],"author":[{"embeddable":true,"href":"https:\/\/www.hoymercedes.com.ar\/principal\/wp-json\/wp\/v2\/users\/1"}],"replies":[{"embeddable":true,"href":"https:\/\/www.hoymercedes.com.ar\/principal\/wp-json\/wp\/v2\/comments?post=183046"}],"version-history":[{"count":1,"href":"https:\/\/www.hoymercedes.com.ar\/principal\/wp-json\/wp\/v2\/posts\/183046\/revisions"}],"predecessor-version":[{"id":183047,"href":"https:\/\/www.hoymercedes.com.ar\/principal\/wp-json\/wp\/v2\/posts\/183046\/revisions\/183047"}],"wp:featuredmedia":[{"embeddable":true,"href":"https:\/\/www.hoymercedes.com.ar\/principal\/wp-json\/wp\/v2\/media\/178890"}],"wp:attachment":[{"href":"https:\/\/www.hoymercedes.com.ar\/principal\/wp-json\/wp\/v2\/media?parent=183046"}],"wp:term":[{"taxonomy":"category","embeddable":true,"href":"https:\/\/www.hoymercedes.com.ar\/principal\/wp-json\/wp\/v2\/categories?post=183046"},{"taxonomy":"post_tag","embeddable":true,"href":"https:\/\/www.hoymercedes.com.ar\/principal\/wp-json\/wp\/v2\/tags?post=183046"}],"curies":[{"name":"wp","href":"https:\/\/api.w.org\/{rel}","templated":true}]}}