{"id":183048,"date":"2025-03-08T02:54:52","date_gmt":"2025-03-08T05:54:52","guid":{"rendered":"https:\/\/www.hoymercedes.com.ar\/principal\/?p=183048"},"modified":"2025-03-08T02:54:57","modified_gmt":"2025-03-08T05:54:57","slug":"inicio-camino-de-los-bodegones-y-se-viene-mucho-mas","status":"publish","type":"post","link":"https:\/\/www.hoymercedes.com.ar\/principal\/2025\/03\/08\/inicio-camino-de-los-bodegones-y-se-viene-mucho-mas\/","title":{"rendered":"Inici\u00f3 Camino de los Bodegones y se viene mucho m\u00e1s"},"content":{"rendered":"\n<figure class=\"wp-block-image size-large\"><img loading=\"lazy\" decoding=\"async\" width=\"1024\" height=\"682\" data-attachment-id=\"183049\" data-permalink=\"https:\/\/www.hoymercedes.com.ar\/principal\/2025\/03\/08\/inicio-camino-de-los-bodegones-y-se-viene-mucho-mas\/caminobodegones-2025\/#main\" data-orig-file=\"https:\/\/www.hoymercedes.com.ar\/principal\/wp-content\/uploads\/2025\/03\/CaminoBodegones-2025.jpeg\" data-orig-size=\"1280,853\" data-comments-opened=\"0\" data-image-meta=\"{&quot;aperture&quot;:&quot;0&quot;,&quot;credit&quot;:&quot;&quot;,&quot;camera&quot;:&quot;&quot;,&quot;caption&quot;:&quot;&quot;,&quot;created_timestamp&quot;:&quot;0&quot;,&quot;copyright&quot;:&quot;&quot;,&quot;focal_length&quot;:&quot;0&quot;,&quot;iso&quot;:&quot;0&quot;,&quot;shutter_speed&quot;:&quot;0&quot;,&quot;title&quot;:&quot;&quot;,&quot;orientation&quot;:&quot;0&quot;}\" data-image-title=\"CaminoBodegones-2025\" data-image-description=\"\" data-image-caption=\"&lt;p&gt;Inici\u00f3 Camino de los Bodegones y se viene mucho m\u00e1s&lt;\/p&gt;\n\" data-large-file=\"https:\/\/www.hoymercedes.com.ar\/principal\/wp-content\/uploads\/2025\/03\/CaminoBodegones-2025-1024x682.jpeg\" src=\"https:\/\/www.hoymercedes.com.ar\/principal\/wp-content\/uploads\/2025\/03\/CaminoBodegones-2025-1024x682.jpeg\" alt=\"\" class=\"wp-image-183049\" srcset=\"https:\/\/www.hoymercedes.com.ar\/principal\/wp-content\/uploads\/2025\/03\/CaminoBodegones-2025-1024x682.jpeg 1024w, https:\/\/www.hoymercedes.com.ar\/principal\/wp-content\/uploads\/2025\/03\/CaminoBodegones-2025-630x420.jpeg 630w, https:\/\/www.hoymercedes.com.ar\/principal\/wp-content\/uploads\/2025\/03\/CaminoBodegones-2025-150x100.jpeg 150w, https:\/\/www.hoymercedes.com.ar\/principal\/wp-content\/uploads\/2025\/03\/CaminoBodegones-2025-700x465.jpeg 700w, https:\/\/www.hoymercedes.com.ar\/principal\/wp-content\/uploads\/2025\/03\/CaminoBodegones-2025.jpeg 1280w\" sizes=\"auto, (max-width: 1024px) 100vw, 1024px\" \/><\/figure>\n\n\n\n<p>El ciclo <strong>Camino de los Bodegones<\/strong> inici\u00f3 con una excelente repercusi\u00f3n y acompa\u00f1amiento de las y los vecinos que disfrutaron de una noche de encuentro, gastronom\u00eda y m\u00fasica. Ya se vivieron las primeras dos noches. <\/p>\n\n\n\n<p>El intendente <strong>Juani Ustarroz<\/strong> expres\u00f3 que \u201cestamos muy agradecidos una vez m\u00e1s a cada familia, a cada grupo de amigos por ser parte de la convocatoria, a cada comerciante por tanto trabajo para dar estas noches maravillosas\u201d y record\u00f3 \u201cestas actividades, que unen lo p\u00fablico con lo privado, que nos hace tirar a todos para el mismo lado, son muy importantes y significativa\u201d afirm\u00f3.<\/p>\n\n\n\n<p>La actividad tiene una muy valiosa intervenci\u00f3n del sector privado que, con el apoyo de la Muni, generando esfuerzos compartidos, se logra estas propuestas que potencian el trabajo, el encuentro, la cultura y gastronom\u00eda en los espacios hist\u00f3ricos de la ciudad.<\/p>\n\n\n\n<figure class=\"wp-block-image size-large\"><img loading=\"lazy\" decoding=\"async\" width=\"1024\" height=\"682\" data-attachment-id=\"183050\" data-permalink=\"https:\/\/www.hoymercedes.com.ar\/principal\/2025\/03\/08\/inicio-camino-de-los-bodegones-y-se-viene-mucho-mas\/caminobodegones-2025-2\/#main\" data-orig-file=\"https:\/\/www.hoymercedes.com.ar\/principal\/wp-content\/uploads\/2025\/03\/CaminoBodegones-2025.2.jpeg\" data-orig-size=\"1280,853\" data-comments-opened=\"0\" data-image-meta=\"{&quot;aperture&quot;:&quot;0&quot;,&quot;credit&quot;:&quot;&quot;,&quot;camera&quot;:&quot;&quot;,&quot;caption&quot;:&quot;&quot;,&quot;created_timestamp&quot;:&quot;0&quot;,&quot;copyright&quot;:&quot;&quot;,&quot;focal_length&quot;:&quot;0&quot;,&quot;iso&quot;:&quot;0&quot;,&quot;shutter_speed&quot;:&quot;0&quot;,&quot;title&quot;:&quot;&quot;,&quot;orientation&quot;:&quot;0&quot;}\" data-image-title=\"CaminoBodegones-2025.2\" data-image-description=\"\" data-image-caption=\"\" data-large-file=\"https:\/\/www.hoymercedes.com.ar\/principal\/wp-content\/uploads\/2025\/03\/CaminoBodegones-2025.2-1024x682.jpeg\" src=\"https:\/\/www.hoymercedes.com.ar\/principal\/wp-content\/uploads\/2025\/03\/CaminoBodegones-2025.2-1024x682.jpeg\" alt=\"\" class=\"wp-image-183050\" srcset=\"https:\/\/www.hoymercedes.com.ar\/principal\/wp-content\/uploads\/2025\/03\/CaminoBodegones-2025.2-1024x682.jpeg 1024w, https:\/\/www.hoymercedes.com.ar\/principal\/wp-content\/uploads\/2025\/03\/CaminoBodegones-2025.2-630x420.jpeg 630w, https:\/\/www.hoymercedes.com.ar\/principal\/wp-content\/uploads\/2025\/03\/CaminoBodegones-2025.2-150x100.jpeg 150w, https:\/\/www.hoymercedes.com.ar\/principal\/wp-content\/uploads\/2025\/03\/CaminoBodegones-2025.2-700x465.jpeg 700w, https:\/\/www.hoymercedes.com.ar\/principal\/wp-content\/uploads\/2025\/03\/CaminoBodegones-2025.2.jpeg 1280w\" sizes=\"auto, (max-width: 1024px) 100vw, 1024px\" \/><\/figure>\n\n\n\n<p><strong>Francisco Dinova,<\/strong> director de turismo, remarc\u00f3 que \u201ciniciamos en Cambalache, continuamos en 1880 en 16 y 13 y la semana siguiente continuamos con m\u00e1s actividades vinculadas a la generaci\u00f3n de espacios de encuentro y promoci\u00f3n del empleo mercedino\u201d manifest\u00f3 entre otros conceptos.<br><br><\/p>\n","protected":false},"excerpt":{"rendered":"<p>El ciclo Camino de los Bodegones inici\u00f3 con una excelente repercusi\u00f3n y acompa\u00f1amiento de las y los vecinos que disfrutaron &#8230; <a title=\"Inici\u00f3 Camino de los Bodegones y se viene mucho m\u00e1s\" class=\"read-more\" href=\"https:\/\/www.hoymercedes.com.ar\/principal\/2025\/03\/08\/inicio-camino-de-los-bodegones-y-se-viene-mucho-mas\/\" aria-label=\"Leer m\u00e1s sobre Inici\u00f3 Camino de los Bodegones y se viene mucho m\u00e1s\">Leer m\u00e1s<\/a><\/p>\n","protected":false},"author":1,"featured_media":183049,"comment_status":"closed","ping_status":"open","sticky":false,"template":"","format":"standard","meta":{"_monsterinsights_skip_tracking":false,"_monsterinsights_sitenote_active":false,"_monsterinsights_sitenote_note":"","_monsterinsights_sitenote_category":0,"jetpack_post_was_ever_published":false,"_jetpack_newsletter_access":"","_jetpack_dont_email_post_to_subs":false,"_jetpack_newsletter_tier_id":0,"_jetpack_memberships_contains_paywalled_content":false,"_jetpack_memberships_contains_paid_content":false,"footnotes":"","jetpack_publicize_message":"","jetpack_publicize_feature_enabled":true,"jetpack_social_post_already_shared":true,"jetpack_social_options":{"image_generator_settings":{"template":"highway","default_image_id":0,"font":"","enabled":false},"version":2},"_wpas_customize_per_network":false},"categories":[104],"tags":[12164,967,209,424],"class_list":["post-183048","post","type-post","status-publish","format-standard","has-post-thumbnail","hentry","category-cultura","tag-camino-de-los-bodegones","tag-cultura-mercedes","tag-turismo-mercedes","tag-ustarroz","generate-columns","tablet-grid-50","mobile-grid-100","grid-parent","grid-50"],"jetpack_publicize_connections":[],"jetpack_featured_media_url":"https:\/\/www.hoymercedes.com.ar\/principal\/wp-content\/uploads\/2025\/03\/CaminoBodegones-2025.jpeg","wps_subtitle":"Encuentros populares","jetpack_sharing_enabled":true,"_links":{"self":[{"href":"https:\/\/www.hoymercedes.com.ar\/principal\/wp-json\/wp\/v2\/posts\/183048","targetHints":{"allow":["GET"]}}],"collection":[{"href":"https:\/\/www.hoymercedes.com.ar\/principal\/wp-json\/wp\/v2\/posts"}],"about":[{"href":"https:\/\/www.hoymercedes.com.ar\/principal\/wp-json\/wp\/v2\/types\/post"}],"author":[{"embeddable":true,"href":"https:\/\/www.hoymercedes.com.ar\/principal\/wp-json\/wp\/v2\/users\/1"}],"replies":[{"embeddable":true,"href":"https:\/\/www.hoymercedes.com.ar\/principal\/wp-json\/wp\/v2\/comments?post=183048"}],"version-history":[{"count":2,"href":"https:\/\/www.hoymercedes.com.ar\/principal\/wp-json\/wp\/v2\/posts\/183048\/revisions"}],"predecessor-version":[{"id":183052,"href":"https:\/\/www.hoymercedes.com.ar\/principal\/wp-json\/wp\/v2\/posts\/183048\/revisions\/183052"}],"wp:featuredmedia":[{"embeddable":true,"href":"https:\/\/www.hoymercedes.com.ar\/principal\/wp-json\/wp\/v2\/media\/183049"}],"wp:attachment":[{"href":"https:\/\/www.hoymercedes.com.ar\/principal\/wp-json\/wp\/v2\/media?parent=183048"}],"wp:term":[{"taxonomy":"category","embeddable":true,"href":"https:\/\/www.hoymercedes.com.ar\/principal\/wp-json\/wp\/v2\/categories?post=183048"},{"taxonomy":"post_tag","embeddable":true,"href":"https:\/\/www.hoymercedes.com.ar\/principal\/wp-json\/wp\/v2\/tags?post=183048"}],"curies":[{"name":"wp","href":"https:\/\/api.w.org\/{rel}","templated":true}]}}