{"id":183078,"date":"2025-03-09T10:33:23","date_gmt":"2025-03-09T13:33:23","guid":{"rendered":"https:\/\/www.hoymercedes.com.ar\/principal\/?p=183078"},"modified":"2025-03-09T10:33:28","modified_gmt":"2025-03-09T13:33:28","slug":"despiste-vuelco-e-incendio-en-camino-rural","status":"publish","type":"post","link":"https:\/\/www.hoymercedes.com.ar\/principal\/2025\/03\/09\/despiste-vuelco-e-incendio-en-camino-rural\/","title":{"rendered":"Despiste, vuelco e incendio en camino rural"},"content":{"rendered":"\n<p>En la noche del s\u00e1bado, en la zona rural que une la localidad de J.J. Almeyra con Suipacha se produjo un vuelco del un veh\u00edculo que trasladaba a una pareja y dos menores. Producto de la ca\u00edda a una zanja, el auto comienza a incendiarse luego de que la familia saliese al descampado sin lesiones. <\/p>\n\n\n\n<figure class=\"wp-block-image size-large\"><img loading=\"lazy\" decoding=\"async\" width=\"1024\" height=\"460\" data-attachment-id=\"183081\" data-permalink=\"https:\/\/www.hoymercedes.com.ar\/principal\/2025\/03\/09\/despiste-vuelco-e-incendio-en-camino-rural\/fb_img_1741526766244\/#main\" data-orig-file=\"https:\/\/www.hoymercedes.com.ar\/principal\/wp-content\/uploads\/2025\/03\/FB_IMG_1741526766244.jpg\" data-orig-size=\"1080,485\" data-comments-opened=\"0\" data-image-meta=\"{&quot;aperture&quot;:&quot;0&quot;,&quot;credit&quot;:&quot;&quot;,&quot;camera&quot;:&quot;&quot;,&quot;caption&quot;:&quot;&quot;,&quot;created_timestamp&quot;:&quot;0&quot;,&quot;copyright&quot;:&quot;&quot;,&quot;focal_length&quot;:&quot;0&quot;,&quot;iso&quot;:&quot;0&quot;,&quot;shutter_speed&quot;:&quot;0&quot;,&quot;title&quot;:&quot;&quot;,&quot;orientation&quot;:&quot;0&quot;}\" data-image-title=\"FB_IMG_1741526766244\" data-image-description=\"\" data-image-caption=\"\" data-large-file=\"https:\/\/www.hoymercedes.com.ar\/principal\/wp-content\/uploads\/2025\/03\/FB_IMG_1741526766244-1024x460.jpg\" src=\"https:\/\/www.hoymercedes.com.ar\/principal\/wp-content\/uploads\/2025\/03\/FB_IMG_1741526766244-1024x460.jpg\" alt=\"\" class=\"wp-image-183081\" srcset=\"https:\/\/www.hoymercedes.com.ar\/principal\/wp-content\/uploads\/2025\/03\/FB_IMG_1741526766244-1024x460.jpg 1024w, https:\/\/www.hoymercedes.com.ar\/principal\/wp-content\/uploads\/2025\/03\/FB_IMG_1741526766244-630x283.jpg 630w, https:\/\/www.hoymercedes.com.ar\/principal\/wp-content\/uploads\/2025\/03\/FB_IMG_1741526766244-150x67.jpg 150w, https:\/\/www.hoymercedes.com.ar\/principal\/wp-content\/uploads\/2025\/03\/FB_IMG_1741526766244.jpg 1080w\" sizes=\"auto, (max-width: 1024px) 100vw, 1024px\" \/><\/figure>\n\n\n\n<p>El siniestro ocurri\u00f3 sobre el camino real de tierra que une la ciudad de Suipacha con la localidad de J.J. Almeyra (pdo.de Navarro), a unos 15 kil\u00f3metros de la bajada del kil\u00f3metro 126 , frente al establecimiento rural conocido como \u00abEl Rinc\u00f3n\u00bb. <\/p>\n\n\n\n<p>Un autom\u00f3vil Volkswagen Gol, dominio ACP-037,  que circulaba en sentido Almeyra &#8211; Suipacha , conducido por Eliana Soledad Giraldez, de 31 a\u00f1os, quien viajaba acompa\u00f1ada por su esposo, Jos\u00e9 Luis Idiart , de 37 a\u00f1os y dos menores. <\/p>\n\n\n\n<p>Al llegar al lugar antes citado pierde el control del veh\u00edculo a ra\u00edz del barro acumulado sobre la calle producto de las \u00faltimas lluvias , despint\u00e1ndose , volcado sobre una profunda zanja ubicada al contado del camino, donde el veh\u00edculo comienza a incendiarse, afortunadamente todos los ocupantes logran salir sin lesiones.<\/p>\n\n\n\n<p>De inmediato dan aviso a 911 , acudiendo al lugar Bomberos Voluntarios y personal del CPR de Suipacha.<\/p>\n\n\n\n<p>Colaboraci\u00f3n Jorge Lasala de Suipacha <\/p>\n\n\n\n<figure class=\"wp-block-image size-large\"><img loading=\"lazy\" decoding=\"async\" width=\"1024\" height=\"460\" data-attachment-id=\"183080\" data-permalink=\"https:\/\/www.hoymercedes.com.ar\/principal\/2025\/03\/09\/despiste-vuelco-e-incendio-en-camino-rural\/fb_img_1741526770550\/#main\" data-orig-file=\"https:\/\/www.hoymercedes.com.ar\/principal\/wp-content\/uploads\/2025\/03\/FB_IMG_1741526770550.jpg\" data-orig-size=\"1080,485\" data-comments-opened=\"0\" data-image-meta=\"{&quot;aperture&quot;:&quot;0&quot;,&quot;credit&quot;:&quot;&quot;,&quot;camera&quot;:&quot;&quot;,&quot;caption&quot;:&quot;&quot;,&quot;created_timestamp&quot;:&quot;0&quot;,&quot;copyright&quot;:&quot;&quot;,&quot;focal_length&quot;:&quot;0&quot;,&quot;iso&quot;:&quot;0&quot;,&quot;shutter_speed&quot;:&quot;0&quot;,&quot;title&quot;:&quot;&quot;,&quot;orientation&quot;:&quot;0&quot;}\" data-image-title=\"FB_IMG_1741526770550\" data-image-description=\"\" data-image-caption=\"\" data-large-file=\"https:\/\/www.hoymercedes.com.ar\/principal\/wp-content\/uploads\/2025\/03\/FB_IMG_1741526770550-1024x460.jpg\" src=\"https:\/\/www.hoymercedes.com.ar\/principal\/wp-content\/uploads\/2025\/03\/FB_IMG_1741526770550-1024x460.jpg\" alt=\"\" class=\"wp-image-183080\" srcset=\"https:\/\/www.hoymercedes.com.ar\/principal\/wp-content\/uploads\/2025\/03\/FB_IMG_1741526770550-1024x460.jpg 1024w, https:\/\/www.hoymercedes.com.ar\/principal\/wp-content\/uploads\/2025\/03\/FB_IMG_1741526770550-630x283.jpg 630w, https:\/\/www.hoymercedes.com.ar\/principal\/wp-content\/uploads\/2025\/03\/FB_IMG_1741526770550-150x67.jpg 150w, https:\/\/www.hoymercedes.com.ar\/principal\/wp-content\/uploads\/2025\/03\/FB_IMG_1741526770550.jpg 1080w\" sizes=\"auto, (max-width: 1024px) 100vw, 1024px\" \/><\/figure>\n","protected":false},"excerpt":{"rendered":"<p>En la noche del s\u00e1bado, en la zona rural que une la localidad de J.J. Almeyra con Suipacha se produjo &#8230; <a title=\"Despiste, vuelco e incendio en camino rural\" class=\"read-more\" href=\"https:\/\/www.hoymercedes.com.ar\/principal\/2025\/03\/09\/despiste-vuelco-e-incendio-en-camino-rural\/\" aria-label=\"Leer m\u00e1s sobre Despiste, vuelco e incendio en camino rural\">Leer m\u00e1s<\/a><\/p>\n","protected":false},"author":1,"featured_media":183080,"comment_status":"closed","ping_status":"open","sticky":false,"template":"","format":"standard","meta":{"_monsterinsights_skip_tracking":false,"_monsterinsights_sitenote_active":false,"_monsterinsights_sitenote_note":"","_monsterinsights_sitenote_category":0,"jetpack_post_was_ever_published":false,"_jetpack_newsletter_access":"","_jetpack_dont_email_post_to_subs":false,"_jetpack_newsletter_tier_id":0,"_jetpack_memberships_contains_paywalled_content":false,"_jetpack_memberships_contains_paid_content":false,"footnotes":"","jetpack_publicize_message":"","jetpack_publicize_feature_enabled":true,"jetpack_social_post_already_shared":true,"jetpack_social_options":{"image_generator_settings":{"template":"highway","default_image_id":0,"font":"","enabled":false},"version":2},"_wpas_customize_per_network":false},"categories":[8],"tags":[],"class_list":["post-183078","post","type-post","status-publish","format-standard","has-post-thumbnail","hentry","category-sociedad","generate-columns","tablet-grid-50","mobile-grid-100","grid-parent","grid-50"],"jetpack_publicize_connections":[],"jetpack_featured_media_url":"https:\/\/www.hoymercedes.com.ar\/principal\/wp-content\/uploads\/2025\/03\/FB_IMG_1741526770550.jpg","wps_subtitle":"","jetpack_sharing_enabled":true,"_links":{"self":[{"href":"https:\/\/www.hoymercedes.com.ar\/principal\/wp-json\/wp\/v2\/posts\/183078","targetHints":{"allow":["GET"]}}],"collection":[{"href":"https:\/\/www.hoymercedes.com.ar\/principal\/wp-json\/wp\/v2\/posts"}],"about":[{"href":"https:\/\/www.hoymercedes.com.ar\/principal\/wp-json\/wp\/v2\/types\/post"}],"author":[{"embeddable":true,"href":"https:\/\/www.hoymercedes.com.ar\/principal\/wp-json\/wp\/v2\/users\/1"}],"replies":[{"embeddable":true,"href":"https:\/\/www.hoymercedes.com.ar\/principal\/wp-json\/wp\/v2\/comments?post=183078"}],"version-history":[{"count":3,"href":"https:\/\/www.hoymercedes.com.ar\/principal\/wp-json\/wp\/v2\/posts\/183078\/revisions"}],"predecessor-version":[{"id":183084,"href":"https:\/\/www.hoymercedes.com.ar\/principal\/wp-json\/wp\/v2\/posts\/183078\/revisions\/183084"}],"wp:featuredmedia":[{"embeddable":true,"href":"https:\/\/www.hoymercedes.com.ar\/principal\/wp-json\/wp\/v2\/media\/183080"}],"wp:attachment":[{"href":"https:\/\/www.hoymercedes.com.ar\/principal\/wp-json\/wp\/v2\/media?parent=183078"}],"wp:term":[{"taxonomy":"category","embeddable":true,"href":"https:\/\/www.hoymercedes.com.ar\/principal\/wp-json\/wp\/v2\/categories?post=183078"},{"taxonomy":"post_tag","embeddable":true,"href":"https:\/\/www.hoymercedes.com.ar\/principal\/wp-json\/wp\/v2\/tags?post=183078"}],"curies":[{"name":"wp","href":"https:\/\/api.w.org\/{rel}","templated":true}]}}