{"id":183101,"date":"2025-03-09T19:52:51","date_gmt":"2025-03-09T22:52:51","guid":{"rendered":"https:\/\/www.hoymercedes.com.ar\/principal\/?p=183101"},"modified":"2025-03-09T20:20:11","modified_gmt":"2025-03-09T23:20:11","slug":"club-mercedes-se-suma-a-campana-solidaria-por-bahia-blanca","status":"publish","type":"post","link":"https:\/\/www.hoymercedes.com.ar\/principal\/2025\/03\/09\/club-mercedes-se-suma-a-campana-solidaria-por-bahia-blanca\/","title":{"rendered":"Club Mercedes se suma a campa\u00f1a solidaria por Bah\u00eda Blanca"},"content":{"rendered":"\n<p><\/p>\n\n\n\n<p>El club m\u00e1s antiguo del pa\u00eds vuelve a mostrar su faceta solidaria y r\u00e1pidamente se puso a coordinar con AFA, de la cual es parte, y la amplia red de instituciones de todo el pa\u00eds que inicia colectas solidarias en beneficio de las familias de Bah\u00eda Blanca.<\/p>\n\n\n\n<p>La grav\u00edsima e hist\u00f3rica tormenta que padeci\u00f3 y padece Bah\u00eda Blanca ha generado da\u00f1os irreparables. As\u00ed y todo despert\u00f3 la solidaridad de nuestro pueblo, que se puso r\u00e1pidamente a colaborar.<\/p>\n\n\n\n<p>\u201cNuestro club est\u00e1 siendo parte de una movida solidaria que nos llena de orgullo\u201d comentaron desde la instituci\u00f3n presidida por Domingo de Paola.<\/p>\n\n\n\n<p>\u201cCalzado, ropa, alimentos no perecederos, elementos de higiene personal, para limpieza, entre otros bienes que las y los vecinos crean convenientes para apoyar el duro momento que vive la comunidad de Bah\u00eda Blanca\u201d especificaron desde el Club y comentaron que \u201cla recepci\u00f3n es en la cantina del predio de deportes\u201d en H\u00e9roes de Malvinas y 60.<\/p>\n\n\n\n<p>\u201cTodos por Bah\u00eda, ay\u00fadanos a ayudar\u201d, destacaron desde el Club Mercedes.<\/p>\n","protected":false},"excerpt":{"rendered":"<p>El club m\u00e1s antiguo del pa\u00eds vuelve a mostrar su faceta solidaria y r\u00e1pidamente se puso a coordinar con AFA, &#8230; <a title=\"Club Mercedes se suma a campa\u00f1a solidaria por Bah\u00eda Blanca\" class=\"read-more\" href=\"https:\/\/www.hoymercedes.com.ar\/principal\/2025\/03\/09\/club-mercedes-se-suma-a-campana-solidaria-por-bahia-blanca\/\" aria-label=\"Leer m\u00e1s sobre Club Mercedes se suma a campa\u00f1a solidaria por Bah\u00eda Blanca\">Leer m\u00e1s<\/a><\/p>\n","protected":false},"author":1,"featured_media":183102,"comment_status":"closed","ping_status":"open","sticky":false,"template":"","format":"standard","meta":{"_monsterinsights_skip_tracking":false,"_monsterinsights_sitenote_active":false,"_monsterinsights_sitenote_note":"","_monsterinsights_sitenote_category":0,"jetpack_post_was_ever_published":false,"_jetpack_newsletter_access":"","_jetpack_dont_email_post_to_subs":false,"_jetpack_newsletter_tier_id":0,"_jetpack_memberships_contains_paywalled_content":false,"_jetpack_memberships_contains_paid_content":false,"footnotes":"","jetpack_publicize_message":"","jetpack_publicize_feature_enabled":true,"jetpack_social_post_already_shared":true,"jetpack_social_options":{"image_generator_settings":{"template":"highway","default_image_id":0,"font":"","enabled":false},"version":2},"_wpas_customize_per_network":false},"categories":[8],"tags":[16120,20314,20315],"class_list":["post-183101","post","type-post","status-publish","format-standard","has-post-thumbnail","hentry","category-sociedad","tag-bahia-blanca","tag-club-mecedes","tag-solidaridad-en-mercedes","generate-columns","tablet-grid-50","mobile-grid-100","grid-parent","grid-50"],"jetpack_publicize_connections":[],"jetpack_featured_media_url":"https:\/\/www.hoymercedes.com.ar\/principal\/wp-content\/uploads\/2025\/03\/ClubMercedes.jpg","wps_subtitle":"Acompa\u00f1amiento","jetpack_sharing_enabled":true,"_links":{"self":[{"href":"https:\/\/www.hoymercedes.com.ar\/principal\/wp-json\/wp\/v2\/posts\/183101","targetHints":{"allow":["GET"]}}],"collection":[{"href":"https:\/\/www.hoymercedes.com.ar\/principal\/wp-json\/wp\/v2\/posts"}],"about":[{"href":"https:\/\/www.hoymercedes.com.ar\/principal\/wp-json\/wp\/v2\/types\/post"}],"author":[{"embeddable":true,"href":"https:\/\/www.hoymercedes.com.ar\/principal\/wp-json\/wp\/v2\/users\/1"}],"replies":[{"embeddable":true,"href":"https:\/\/www.hoymercedes.com.ar\/principal\/wp-json\/wp\/v2\/comments?post=183101"}],"version-history":[{"count":2,"href":"https:\/\/www.hoymercedes.com.ar\/principal\/wp-json\/wp\/v2\/posts\/183101\/revisions"}],"predecessor-version":[{"id":183104,"href":"https:\/\/www.hoymercedes.com.ar\/principal\/wp-json\/wp\/v2\/posts\/183101\/revisions\/183104"}],"wp:featuredmedia":[{"embeddable":true,"href":"https:\/\/www.hoymercedes.com.ar\/principal\/wp-json\/wp\/v2\/media\/183102"}],"wp:attachment":[{"href":"https:\/\/www.hoymercedes.com.ar\/principal\/wp-json\/wp\/v2\/media?parent=183101"}],"wp:term":[{"taxonomy":"category","embeddable":true,"href":"https:\/\/www.hoymercedes.com.ar\/principal\/wp-json\/wp\/v2\/categories?post=183101"},{"taxonomy":"post_tag","embeddable":true,"href":"https:\/\/www.hoymercedes.com.ar\/principal\/wp-json\/wp\/v2\/tags?post=183101"}],"curies":[{"name":"wp","href":"https:\/\/api.w.org\/{rel}","templated":true}]}}