{"id":183203,"date":"2025-03-12T01:15:59","date_gmt":"2025-03-12T04:15:59","guid":{"rendered":"https:\/\/www.hoymercedes.com.ar\/principal\/?p=183203"},"modified":"2025-03-12T01:20:05","modified_gmt":"2025-03-12T04:20:05","slug":"donaciones-habra-camion-frente-al-municipio-para-ayudar-a-bahia-blanca","status":"publish","type":"post","link":"https:\/\/www.hoymercedes.com.ar\/principal\/2025\/03\/12\/donaciones-habra-camion-frente-al-municipio-para-ayudar-a-bahia-blanca\/","title":{"rendered":"Donaciones: habr\u00e1 cami\u00f3n frente al municipio para ayudar a Bah\u00eda Blanca"},"content":{"rendered":"\n<p><\/p>\n\n\n\n<p>En un encuentro solidario de toda la comunidad, con articulaci\u00f3n entre el espacio p\u00fablico y el privado se podr\u00e1n realizar donaciones este mi\u00e9rcoles 12 de 8.30hs a 16.00hs a partir de la disposici\u00f3n de un cami\u00f3n frente al Palacio Municipal.<\/p>\n\n\n\n<p>\u201cComo nos insta siempre nuestro intendente, de continuar aportando a las causas que nos invitan a seguir siendo una ciudad unida, solidaria y comprometida con el pr\u00f3jimo, y como se vio muy positivamente en el carnaval, vamos estar con un cami\u00f3n en avenida 29 frente al Municipio para recibir donaciones de las y los mercedinos para las familias que padecen las terribles consecuencias de la inundaci\u00f3n de Bah\u00eda Blanca\u201d cont\u00f3 la Lic. Jorgelina Silva, secretaria de Desarrollo de la Comunidad.<\/p>\n\n\n\n<p>&nbsp;Destac\u00f3 que \u201cdeseamos agradecemos a Grupo Detall, La Minucha y Transporte Puerto Argentino por sus donaciones y servicio de transporte para que la ayuda llegue a destino\u201d dijo y remarc\u00f3 \u201cexponiendo un gran compromiso con nuestra ciudad y el pa\u00eds siempre\u201d sostuvo la funcionaria.<\/p>\n\n\n\n<p><strong>Comunidad<\/strong><\/p>\n\n\n\n<p>Adem\u00e1s, en el cami\u00f3n, se sumar\u00e1n lo recaudado en el Carnaval, en Desarrollo de la comunidad, La Trocha, clubes, organizaciones pol\u00edticas, instituciones, que comprometidas y solidarias han hecho un enorme trabajo en las \u00faltimas jornadas y contin\u00faan pensando con fuerte sentido social y de empat\u00eda ante quienes tan mal la est\u00e1n pasando.<\/p>\n","protected":false},"excerpt":{"rendered":"<p>En un encuentro solidario de toda la comunidad, con articulaci\u00f3n entre el espacio p\u00fablico y el privado se podr\u00e1n realizar &#8230; <a title=\"Donaciones: habr\u00e1 cami\u00f3n frente al municipio para ayudar a Bah\u00eda Blanca\" class=\"read-more\" href=\"https:\/\/www.hoymercedes.com.ar\/principal\/2025\/03\/12\/donaciones-habra-camion-frente-al-municipio-para-ayudar-a-bahia-blanca\/\" aria-label=\"Leer m\u00e1s sobre Donaciones: habr\u00e1 cami\u00f3n frente al municipio para ayudar a Bah\u00eda Blanca\">Leer m\u00e1s<\/a><\/p>\n","protected":false},"author":1,"featured_media":183200,"comment_status":"closed","ping_status":"open","sticky":false,"template":"","format":"standard","meta":{"_monsterinsights_skip_tracking":false,"_monsterinsights_sitenote_active":false,"_monsterinsights_sitenote_note":"","_monsterinsights_sitenote_category":0,"jetpack_post_was_ever_published":false,"_jetpack_newsletter_access":"","_jetpack_dont_email_post_to_subs":false,"_jetpack_newsletter_tier_id":0,"_jetpack_memberships_contains_paywalled_content":false,"_jetpack_memberships_contains_paid_content":false,"footnotes":"","jetpack_publicize_message":"","jetpack_publicize_feature_enabled":true,"jetpack_social_post_already_shared":true,"jetpack_social_options":{"image_generator_settings":{"template":"highway","default_image_id":0,"font":"","enabled":false},"version":2},"_wpas_customize_per_network":false},"categories":[8],"tags":[],"class_list":["post-183203","post","type-post","status-publish","format-standard","has-post-thumbnail","hentry","category-sociedad","generate-columns","tablet-grid-50","mobile-grid-100","grid-parent","grid-50"],"jetpack_publicize_connections":[],"jetpack_featured_media_url":"https:\/\/www.hoymercedes.com.ar\/principal\/wp-content\/uploads\/2025\/03\/Donaciones-BahiaBlanca.jpg","wps_subtitle":"","jetpack_sharing_enabled":true,"_links":{"self":[{"href":"https:\/\/www.hoymercedes.com.ar\/principal\/wp-json\/wp\/v2\/posts\/183203","targetHints":{"allow":["GET"]}}],"collection":[{"href":"https:\/\/www.hoymercedes.com.ar\/principal\/wp-json\/wp\/v2\/posts"}],"about":[{"href":"https:\/\/www.hoymercedes.com.ar\/principal\/wp-json\/wp\/v2\/types\/post"}],"author":[{"embeddable":true,"href":"https:\/\/www.hoymercedes.com.ar\/principal\/wp-json\/wp\/v2\/users\/1"}],"replies":[{"embeddable":true,"href":"https:\/\/www.hoymercedes.com.ar\/principal\/wp-json\/wp\/v2\/comments?post=183203"}],"version-history":[{"count":1,"href":"https:\/\/www.hoymercedes.com.ar\/principal\/wp-json\/wp\/v2\/posts\/183203\/revisions"}],"predecessor-version":[{"id":183204,"href":"https:\/\/www.hoymercedes.com.ar\/principal\/wp-json\/wp\/v2\/posts\/183203\/revisions\/183204"}],"wp:featuredmedia":[{"embeddable":true,"href":"https:\/\/www.hoymercedes.com.ar\/principal\/wp-json\/wp\/v2\/media\/183200"}],"wp:attachment":[{"href":"https:\/\/www.hoymercedes.com.ar\/principal\/wp-json\/wp\/v2\/media?parent=183203"}],"wp:term":[{"taxonomy":"category","embeddable":true,"href":"https:\/\/www.hoymercedes.com.ar\/principal\/wp-json\/wp\/v2\/categories?post=183203"},{"taxonomy":"post_tag","embeddable":true,"href":"https:\/\/www.hoymercedes.com.ar\/principal\/wp-json\/wp\/v2\/tags?post=183203"}],"curies":[{"name":"wp","href":"https:\/\/api.w.org\/{rel}","templated":true}]}}