{"id":183219,"date":"2025-03-12T20:44:02","date_gmt":"2025-03-12T23:44:02","guid":{"rendered":"https:\/\/www.hoymercedes.com.ar\/principal\/?p=183219"},"modified":"2025-03-12T20:44:05","modified_gmt":"2025-03-12T23:44:05","slug":"en-la-semana-del-cine-las-entradas-generales-a-3000-pesos","status":"publish","type":"post","link":"https:\/\/www.hoymercedes.com.ar\/principal\/2025\/03\/12\/en-la-semana-del-cine-las-entradas-generales-a-3000-pesos\/","title":{"rendered":"En la Semana del Cine las entradas generales a 3000 pesos"},"content":{"rendered":"\n<p>El Cine Mercedes se sum\u00f3 a la Semana del Cine en Argentina con una promoci\u00f3n en sus ventas de entradas. Del 14 al 18 de marzo, todas las pelis a $3000. Todos los d\u00edas, todas las funciones. En esta semana la pantalla local, son tres las propuestas para ver. <\/p>\n\n\n\n<p>\u00abFlow\u00bb, pel\u00edcula de animaci\u00f3n ganadora del Oscar es una de las propuestas para este fin de semana.  Contin\u00faa la proyecci\u00f3n de Mickey 17 y se suma una de terror para la noche: \u00abPeter Pan; Pesadilla en la Tierra de Nunca M\u00e1s\u00bb. <\/p>\n\n\n<div class=\"wp-block-image\">\n<figure class=\"aligncenter size-large\"><img loading=\"lazy\" decoding=\"async\" width=\"744\" height=\"1024\" data-attachment-id=\"183222\" data-permalink=\"https:\/\/www.hoymercedes.com.ar\/principal\/2025\/03\/12\/en-la-semana-del-cine-las-entradas-generales-a-3000-pesos\/gacetilla-cine-mercedes-1-9\/#main\" data-orig-file=\"https:\/\/www.hoymercedes.com.ar\/principal\/wp-content\/uploads\/2025\/03\/Gacetilla-Cine-Mercedes-1.png\" data-orig-size=\"827,1139\" data-comments-opened=\"0\" data-image-meta=\"{&quot;aperture&quot;:&quot;0&quot;,&quot;credit&quot;:&quot;&quot;,&quot;camera&quot;:&quot;&quot;,&quot;caption&quot;:&quot;&quot;,&quot;created_timestamp&quot;:&quot;0&quot;,&quot;copyright&quot;:&quot;&quot;,&quot;focal_length&quot;:&quot;0&quot;,&quot;iso&quot;:&quot;0&quot;,&quot;shutter_speed&quot;:&quot;0&quot;,&quot;title&quot;:&quot;&quot;,&quot;orientation&quot;:&quot;0&quot;}\" data-image-title=\"Gacetilla Cine Mercedes (1)\" data-image-description=\"\" data-image-caption=\"\" data-large-file=\"https:\/\/www.hoymercedes.com.ar\/principal\/wp-content\/uploads\/2025\/03\/Gacetilla-Cine-Mercedes-1-744x1024.png\" src=\"https:\/\/www.hoymercedes.com.ar\/principal\/wp-content\/uploads\/2025\/03\/Gacetilla-Cine-Mercedes-1-744x1024.png\" alt=\"\" class=\"wp-image-183222\" srcset=\"https:\/\/www.hoymercedes.com.ar\/principal\/wp-content\/uploads\/2025\/03\/Gacetilla-Cine-Mercedes-1-744x1024.png 744w, https:\/\/www.hoymercedes.com.ar\/principal\/wp-content\/uploads\/2025\/03\/Gacetilla-Cine-Mercedes-1-450x620.png 450w, https:\/\/www.hoymercedes.com.ar\/principal\/wp-content\/uploads\/2025\/03\/Gacetilla-Cine-Mercedes-1-109x150.png 109w, https:\/\/www.hoymercedes.com.ar\/principal\/wp-content\/uploads\/2025\/03\/Gacetilla-Cine-Mercedes-1.png 827w\" sizes=\"auto, (max-width: 744px) 100vw, 744px\" \/><\/figure>\n<\/div>","protected":false},"excerpt":{"rendered":"<p>El Cine Mercedes se sum\u00f3 a la Semana del Cine en Argentina con una promoci\u00f3n en sus ventas de entradas. &#8230; <a title=\"En la Semana del Cine las entradas generales a 3000 pesos\" class=\"read-more\" href=\"https:\/\/www.hoymercedes.com.ar\/principal\/2025\/03\/12\/en-la-semana-del-cine-las-entradas-generales-a-3000-pesos\/\" aria-label=\"Leer m\u00e1s sobre En la Semana del Cine las entradas generales a 3000 pesos\">Leer m\u00e1s<\/a><\/p>\n","protected":false},"author":1,"featured_media":183221,"comment_status":"closed","ping_status":"open","sticky":false,"template":"","format":"standard","meta":{"_monsterinsights_skip_tracking":false,"_monsterinsights_sitenote_active":false,"_monsterinsights_sitenote_note":"","_monsterinsights_sitenote_category":0,"jetpack_post_was_ever_published":false,"_jetpack_newsletter_access":"","_jetpack_dont_email_post_to_subs":false,"_jetpack_newsletter_tier_id":0,"_jetpack_memberships_contains_paywalled_content":false,"_jetpack_memberships_contains_paid_content":false,"footnotes":"","jetpack_publicize_message":"","jetpack_publicize_feature_enabled":true,"jetpack_social_post_already_shared":true,"jetpack_social_options":{"image_generator_settings":{"template":"highway","default_image_id":0,"font":"","enabled":false},"version":2},"_wpas_customize_per_network":false},"categories":[104],"tags":[7805],"class_list":["post-183219","post","type-post","status-publish","format-standard","has-post-thumbnail","hentry","category-cultura","tag-cultura","generate-columns","tablet-grid-50","mobile-grid-100","grid-parent","grid-50"],"jetpack_publicize_connections":[],"jetpack_featured_media_url":"https:\/\/www.hoymercedes.com.ar\/principal\/wp-content\/uploads\/2025\/03\/thumbnail_flow-382508168-large-1.jpg","wps_subtitle":"","jetpack_sharing_enabled":true,"_links":{"self":[{"href":"https:\/\/www.hoymercedes.com.ar\/principal\/wp-json\/wp\/v2\/posts\/183219","targetHints":{"allow":["GET"]}}],"collection":[{"href":"https:\/\/www.hoymercedes.com.ar\/principal\/wp-json\/wp\/v2\/posts"}],"about":[{"href":"https:\/\/www.hoymercedes.com.ar\/principal\/wp-json\/wp\/v2\/types\/post"}],"author":[{"embeddable":true,"href":"https:\/\/www.hoymercedes.com.ar\/principal\/wp-json\/wp\/v2\/users\/1"}],"replies":[{"embeddable":true,"href":"https:\/\/www.hoymercedes.com.ar\/principal\/wp-json\/wp\/v2\/comments?post=183219"}],"version-history":[{"count":1,"href":"https:\/\/www.hoymercedes.com.ar\/principal\/wp-json\/wp\/v2\/posts\/183219\/revisions"}],"predecessor-version":[{"id":183223,"href":"https:\/\/www.hoymercedes.com.ar\/principal\/wp-json\/wp\/v2\/posts\/183219\/revisions\/183223"}],"wp:featuredmedia":[{"embeddable":true,"href":"https:\/\/www.hoymercedes.com.ar\/principal\/wp-json\/wp\/v2\/media\/183221"}],"wp:attachment":[{"href":"https:\/\/www.hoymercedes.com.ar\/principal\/wp-json\/wp\/v2\/media?parent=183219"}],"wp:term":[{"taxonomy":"category","embeddable":true,"href":"https:\/\/www.hoymercedes.com.ar\/principal\/wp-json\/wp\/v2\/categories?post=183219"},{"taxonomy":"post_tag","embeddable":true,"href":"https:\/\/www.hoymercedes.com.ar\/principal\/wp-json\/wp\/v2\/tags?post=183219"}],"curies":[{"name":"wp","href":"https:\/\/api.w.org\/{rel}","templated":true}]}}