{"id":18324,"date":"2012-11-30T02:51:05","date_gmt":"2012-11-30T02:51:05","guid":{"rendered":"http:\/\/www.hoymercedes.com.ar\/principal\/?p=18324"},"modified":"2012-11-30T02:51:14","modified_gmt":"2012-11-30T02:51:14","slug":"ucr-albini-asumio-y-ya-organizan-actividades","status":"publish","type":"post","link":"https:\/\/www.hoymercedes.com.ar\/principal\/2012\/11\/30\/ucr-albini-asumio-y-ya-organizan-actividades\/","title":{"rendered":"UCR: Albini asumi\u00f3 y ya organizan actividades"},"content":{"rendered":"<p>El pasado jueves asumieron las nuevas autoridades del Comit\u00e9 de Distrito de la Uni\u00f3n C\u00edvica Radical de Mercedes. Un acto colmado de militantes locales, con autoridades radicales de localidades vecinas, con dirigentes nacionales, que entusiasm\u00f3 a la militancia partidaria.<\/p>\n<p>Como lo indica su Carta Org\u00e1nica, este Comit\u00e9 convocar\u00e1 a un Plenario Constitutivo el Lunes 10 de diciembre a las 20 hs en el local partidario de la Av. 29 Nro. 714. All\u00ed se conformar\u00e1 la mesa de conducci\u00f3n partidaria, que estar\u00e1 compuesta por Oscar Albini, Nicolas Giachino, Elba Aguilera, Lucas Fal y tres vocales, que ser\u00e1n elegidos en dicha ocasi\u00f3n.<\/p>\n<p>Tambi\u00e9n se esta discutiendo la fecha para la renovaci\u00f3n del convenio con el Instituto Lebensohn, donde se intentar\u00e1 hacerla antes de fin de a\u00f1o con la presencia de alguna figura relevante del orden nacional.<\/p>\n<p>El Comit\u00e9 continua con la tarea de recolecci\u00f3n de ropa y alimentos no perecederos, con el objetivo de seguir colaborando con los vecinos que contin\u00faan sufriendo las secuelas de las inundaciones, como as\u00ed tambi\u00e9n con un comedor barrial que hace ya varios meses cuenta con la ayuda de los correligionarios.<\/p>\n<p>Por \u00faltimo, el Jueves 27 de Diciembre 20.30 hs, se invita a todos los afiliados, simpatizantes, amigos y a la prensa local, al tradicional brindis de fin de a\u00f1o que se llevar\u00e1 a cabo tambi\u00e9n en el local partidario<\/p>\n<p>&nbsp;<\/p>\n","protected":false},"excerpt":{"rendered":"<p>El pasado jueves asumieron las nuevas autoridades del Comit\u00e9 de Distrito de la Uni\u00f3n C\u00edvica Radical de Mercedes. Un acto &#8230; <a title=\"UCR: Albini asumi\u00f3 y ya organizan actividades\" class=\"read-more\" href=\"https:\/\/www.hoymercedes.com.ar\/principal\/2012\/11\/30\/ucr-albini-asumio-y-ya-organizan-actividades\/\" aria-label=\"Leer m\u00e1s sobre UCR: Albini asumi\u00f3 y ya organizan actividades\">Leer m\u00e1s<\/a><\/p>\n","protected":false},"author":1,"featured_media":0,"comment_status":"open","ping_status":"open","sticky":false,"template":"","format":"standard","meta":{"_monsterinsights_skip_tracking":false,"_monsterinsights_sitenote_active":false,"_monsterinsights_sitenote_note":"","_monsterinsights_sitenote_category":0,"jetpack_post_was_ever_published":false,"_jetpack_newsletter_access":"","_jetpack_dont_email_post_to_subs":false,"_jetpack_newsletter_tier_id":0,"_jetpack_memberships_contains_paywalled_content":false,"_jetpack_memberships_contains_paid_content":false,"footnotes":"","jetpack_publicize_message":"","jetpack_publicize_feature_enabled":true,"jetpack_social_post_already_shared":false,"jetpack_social_options":{"image_generator_settings":{"template":"highway","default_image_id":0,"font":"","enabled":false},"version":2},"_wpas_customize_per_network":false},"categories":[5],"tags":[2834,217],"class_list":["post-18324","post","type-post","status-publish","format-standard","hentry","category-politica","tag-oscar-albini","tag-ucr-mercedes","generate-columns","tablet-grid-50","mobile-grid-100","grid-parent","grid-50"],"jetpack_publicize_connections":[],"jetpack_featured_media_url":"","wps_subtitle":"","jetpack_sharing_enabled":true,"_links":{"self":[{"href":"https:\/\/www.hoymercedes.com.ar\/principal\/wp-json\/wp\/v2\/posts\/18324","targetHints":{"allow":["GET"]}}],"collection":[{"href":"https:\/\/www.hoymercedes.com.ar\/principal\/wp-json\/wp\/v2\/posts"}],"about":[{"href":"https:\/\/www.hoymercedes.com.ar\/principal\/wp-json\/wp\/v2\/types\/post"}],"author":[{"embeddable":true,"href":"https:\/\/www.hoymercedes.com.ar\/principal\/wp-json\/wp\/v2\/users\/1"}],"replies":[{"embeddable":true,"href":"https:\/\/www.hoymercedes.com.ar\/principal\/wp-json\/wp\/v2\/comments?post=18324"}],"version-history":[{"count":0,"href":"https:\/\/www.hoymercedes.com.ar\/principal\/wp-json\/wp\/v2\/posts\/18324\/revisions"}],"wp:attachment":[{"href":"https:\/\/www.hoymercedes.com.ar\/principal\/wp-json\/wp\/v2\/media?parent=18324"}],"wp:term":[{"taxonomy":"category","embeddable":true,"href":"https:\/\/www.hoymercedes.com.ar\/principal\/wp-json\/wp\/v2\/categories?post=18324"},{"taxonomy":"post_tag","embeddable":true,"href":"https:\/\/www.hoymercedes.com.ar\/principal\/wp-json\/wp\/v2\/tags?post=18324"}],"curies":[{"name":"wp","href":"https:\/\/api.w.org\/{rel}","templated":true}]}}