{"id":183257,"date":"2025-03-14T07:50:14","date_gmt":"2025-03-14T10:50:14","guid":{"rendered":"https:\/\/www.hoymercedes.com.ar\/principal\/?p=183257"},"modified":"2025-03-14T07:50:17","modified_gmt":"2025-03-14T10:50:17","slug":"la-cem-participo-de-la-asamblea-de-came-y-feba","status":"publish","type":"post","link":"https:\/\/www.hoymercedes.com.ar\/principal\/2025\/03\/14\/la-cem-participo-de-la-asamblea-de-came-y-feba\/","title":{"rendered":"La CEM particip\u00f3 de la asamblea de CAME y FEBA"},"content":{"rendered":"\n<p>Los representantes de la C\u00e1mara Econ\u00f3mica Mercedina, Carlos Garanzini (presidente), Natalia Facciolo (secretaria) y Ariel Pietrucha (gerente), participaron de la Asamblea Anual Ordinaria de la Confederaci\u00f3n Argentina de la Mediana Empresa (CAME) y de la Federaci\u00f3n Econ\u00f3mica de la Provincia de Buenos Aires (FEBA), en las que se renovaron autoridades.<\/p>\n\n\n\n<figure class=\"wp-block-image size-full\"><img loading=\"lazy\" decoding=\"async\" width=\"656\" height=\"470\" data-attachment-id=\"183258\" data-permalink=\"https:\/\/www.hoymercedes.com.ar\/principal\/2025\/03\/14\/la-cem-participo-de-la-asamblea-de-came-y-feba\/img-20250314-wa0002\/#main\" data-orig-file=\"https:\/\/www.hoymercedes.com.ar\/principal\/wp-content\/uploads\/2025\/03\/IMG-20250314-WA0002.jpg\" data-orig-size=\"656,470\" data-comments-opened=\"0\" data-image-meta=\"{&quot;aperture&quot;:&quot;0&quot;,&quot;credit&quot;:&quot;&quot;,&quot;camera&quot;:&quot;&quot;,&quot;caption&quot;:&quot;&quot;,&quot;created_timestamp&quot;:&quot;0&quot;,&quot;copyright&quot;:&quot;&quot;,&quot;focal_length&quot;:&quot;0&quot;,&quot;iso&quot;:&quot;0&quot;,&quot;shutter_speed&quot;:&quot;0&quot;,&quot;title&quot;:&quot;&quot;,&quot;orientation&quot;:&quot;0&quot;}\" data-image-title=\"IMG-20250314-WA0002\" data-image-description=\"\" data-image-caption=\"\" data-large-file=\"https:\/\/www.hoymercedes.com.ar\/principal\/wp-content\/uploads\/2025\/03\/IMG-20250314-WA0002.jpg\" src=\"https:\/\/www.hoymercedes.com.ar\/principal\/wp-content\/uploads\/2025\/03\/IMG-20250314-WA0002.jpg\" alt=\"\" class=\"wp-image-183258\" srcset=\"https:\/\/www.hoymercedes.com.ar\/principal\/wp-content\/uploads\/2025\/03\/IMG-20250314-WA0002.jpg 656w, https:\/\/www.hoymercedes.com.ar\/principal\/wp-content\/uploads\/2025\/03\/IMG-20250314-WA0002-630x451.jpg 630w, https:\/\/www.hoymercedes.com.ar\/principal\/wp-content\/uploads\/2025\/03\/IMG-20250314-WA0002-150x107.jpg 150w, https:\/\/www.hoymercedes.com.ar\/principal\/wp-content\/uploads\/2025\/03\/IMG-20250314-WA0002-120x85.jpg 120w\" sizes=\"auto, (max-width: 656px) 100vw, 656px\" \/><\/figure>\n\n\n\n<p>Durante la asamblea de CAME, se reeligi\u00f3 a Alberto Camilo Kahale como presidente de la entidad.<\/p>\n\n\n\n<p>En este marco, los dirigentes mercedinos fueron parte del evento y ratificaron su cargo como consejeros suplentes dentro de FEBA, mandato que se renueva anualmente.<\/p>\n\n\n\n<p>Por su parte, en la Asamblea de FEBA, Kahale tambi\u00e9n fue reelecto para el per\u00edodo 2025-2026.<\/p>\n\n\n\n<p>En el encuentro participaron m\u00e1s de 130 asamble\u00edstas y dirigentes de c\u00e1maras empresariales asociadas. Junto al presidente, encabezaron la reuni\u00f3n Silvio Zurzolo, secretario general, y Blas Taladrid, tesorero, adem\u00e1s de los vicepresidentes y otros representantes de la federaci\u00f3n.<\/p>\n\n\n\n<p>Fuente Prensa CEM<\/p>\n","protected":false},"excerpt":{"rendered":"<p>Los representantes de la C\u00e1mara Econ\u00f3mica Mercedina, Carlos Garanzini (presidente), Natalia Facciolo (secretaria) y Ariel Pietrucha (gerente), participaron de la &#8230; <a title=\"La CEM particip\u00f3 de la asamblea de CAME y FEBA\" class=\"read-more\" href=\"https:\/\/www.hoymercedes.com.ar\/principal\/2025\/03\/14\/la-cem-participo-de-la-asamblea-de-came-y-feba\/\" aria-label=\"Leer m\u00e1s sobre La CEM particip\u00f3 de la asamblea de CAME y FEBA\">Leer m\u00e1s<\/a><\/p>\n","protected":false},"author":1,"featured_media":183258,"comment_status":"closed","ping_status":"open","sticky":false,"template":"","format":"standard","meta":{"_monsterinsights_skip_tracking":false,"_monsterinsights_sitenote_active":false,"_monsterinsights_sitenote_note":"","_monsterinsights_sitenote_category":0,"jetpack_post_was_ever_published":false,"_jetpack_newsletter_access":"","_jetpack_dont_email_post_to_subs":false,"_jetpack_newsletter_tier_id":0,"_jetpack_memberships_contains_paywalled_content":false,"_jetpack_memberships_contains_paid_content":false,"footnotes":"","jetpack_publicize_message":"","jetpack_publicize_feature_enabled":true,"jetpack_social_post_already_shared":true,"jetpack_social_options":{"image_generator_settings":{"template":"highway","default_image_id":0,"font":"","enabled":false},"version":2},"_wpas_customize_per_network":false},"categories":[8],"tags":[],"class_list":["post-183257","post","type-post","status-publish","format-standard","has-post-thumbnail","hentry","category-sociedad","generate-columns","tablet-grid-50","mobile-grid-100","grid-parent","grid-50"],"jetpack_publicize_connections":[],"jetpack_featured_media_url":"https:\/\/www.hoymercedes.com.ar\/principal\/wp-content\/uploads\/2025\/03\/IMG-20250314-WA0002.jpg","wps_subtitle":"","jetpack_sharing_enabled":true,"_links":{"self":[{"href":"https:\/\/www.hoymercedes.com.ar\/principal\/wp-json\/wp\/v2\/posts\/183257","targetHints":{"allow":["GET"]}}],"collection":[{"href":"https:\/\/www.hoymercedes.com.ar\/principal\/wp-json\/wp\/v2\/posts"}],"about":[{"href":"https:\/\/www.hoymercedes.com.ar\/principal\/wp-json\/wp\/v2\/types\/post"}],"author":[{"embeddable":true,"href":"https:\/\/www.hoymercedes.com.ar\/principal\/wp-json\/wp\/v2\/users\/1"}],"replies":[{"embeddable":true,"href":"https:\/\/www.hoymercedes.com.ar\/principal\/wp-json\/wp\/v2\/comments?post=183257"}],"version-history":[{"count":1,"href":"https:\/\/www.hoymercedes.com.ar\/principal\/wp-json\/wp\/v2\/posts\/183257\/revisions"}],"predecessor-version":[{"id":183259,"href":"https:\/\/www.hoymercedes.com.ar\/principal\/wp-json\/wp\/v2\/posts\/183257\/revisions\/183259"}],"wp:featuredmedia":[{"embeddable":true,"href":"https:\/\/www.hoymercedes.com.ar\/principal\/wp-json\/wp\/v2\/media\/183258"}],"wp:attachment":[{"href":"https:\/\/www.hoymercedes.com.ar\/principal\/wp-json\/wp\/v2\/media?parent=183257"}],"wp:term":[{"taxonomy":"category","embeddable":true,"href":"https:\/\/www.hoymercedes.com.ar\/principal\/wp-json\/wp\/v2\/categories?post=183257"},{"taxonomy":"post_tag","embeddable":true,"href":"https:\/\/www.hoymercedes.com.ar\/principal\/wp-json\/wp\/v2\/tags?post=183257"}],"curies":[{"name":"wp","href":"https:\/\/api.w.org\/{rel}","templated":true}]}}