{"id":183269,"date":"2025-03-14T18:22:24","date_gmt":"2025-03-14T21:22:24","guid":{"rendered":"https:\/\/www.hoymercedes.com.ar\/principal\/?p=183269"},"modified":"2025-03-14T18:22:26","modified_gmt":"2025-03-14T21:22:26","slug":"susana-boettner-inaugura-muestra-en-arquitectos","status":"publish","type":"post","link":"https:\/\/www.hoymercedes.com.ar\/principal\/2025\/03\/14\/susana-boettner-inaugura-muestra-en-arquitectos\/","title":{"rendered":"Susana Boettner inaugura muestra en Arquitectos"},"content":{"rendered":"\n<p>El pr\u00f3ximo viernes 21 de marzo, el Colegio de Arquitectos Distrito V abrir\u00e1 las puertas para dar inicio al ciclo de arte del nuevo a\u00f1o. En esta oportunidad, a partir de las 20:30, la artista pl\u00e1stica Susana Boettner presenta su muestra titulada \u00abVisiones: La Segunda Mirada\u00bb con pinturas y grabados. <\/p>\n\n\n\n<p>\u00abVisiones, la segunda mirada\u00bb, es una reflexi\u00f3n, un hilo conductor entre\u00a0las obras presentadas, La Nueva Tierra, Natura y Los Visitantes.\u00a0Tratando de aportar otra mirada m\u00e1s profunda sobre nuestro mundo y su\u00a0entorno, invit\u00e1ndote a cuestionar, reflexionar y conectar con la esencia\u00a0de nuestro planeta.\u00bb, explican sobre la exposiciones que podr\u00e1 visitarse a lo largo de quince d\u00edas. <\/p>\n\n\n\n<p>Como todos los a\u00f1os , el Coordinador de este Ciclo de Arte del CAPBA5 es el Arq. Sebasti\u00e1n Bocca. El acceso a la muestra es libre y gratuito y se podr\u00e1 visitar tambi\u00e9n de Lunes a Viernes de 8 a 13 y de 14 a 16 horas, hasta el 4 de abril. <\/p>\n\n\n<div class=\"wp-block-image\">\n<figure class=\"aligncenter size-full\"><img loading=\"lazy\" decoding=\"async\" width=\"586\" height=\"820\" data-attachment-id=\"183270\" data-permalink=\"https:\/\/www.hoymercedes.com.ar\/principal\/2025\/03\/14\/susana-boettner-inaugura-muestra-en-arquitectos\/whatsapp-image-2025-03-14-at-16-52-56\/#main\" data-orig-file=\"https:\/\/www.hoymercedes.com.ar\/principal\/wp-content\/uploads\/2025\/03\/WhatsApp-Image-2025-03-14-at-16.52.56.jpg\" data-orig-size=\"586,820\" data-comments-opened=\"0\" data-image-meta=\"{&quot;aperture&quot;:&quot;0&quot;,&quot;credit&quot;:&quot;&quot;,&quot;camera&quot;:&quot;&quot;,&quot;caption&quot;:&quot;&quot;,&quot;created_timestamp&quot;:&quot;0&quot;,&quot;copyright&quot;:&quot;&quot;,&quot;focal_length&quot;:&quot;0&quot;,&quot;iso&quot;:&quot;0&quot;,&quot;shutter_speed&quot;:&quot;0&quot;,&quot;title&quot;:&quot;&quot;,&quot;orientation&quot;:&quot;0&quot;}\" data-image-title=\"WhatsApp Image 2025-03-14 at 16.52.56\" data-image-description=\"\" data-image-caption=\"\" data-large-file=\"https:\/\/www.hoymercedes.com.ar\/principal\/wp-content\/uploads\/2025\/03\/WhatsApp-Image-2025-03-14-at-16.52.56.jpg\" src=\"https:\/\/www.hoymercedes.com.ar\/principal\/wp-content\/uploads\/2025\/03\/WhatsApp-Image-2025-03-14-at-16.52.56.jpg\" alt=\"\" class=\"wp-image-183270\" srcset=\"https:\/\/www.hoymercedes.com.ar\/principal\/wp-content\/uploads\/2025\/03\/WhatsApp-Image-2025-03-14-at-16.52.56.jpg 586w, https:\/\/www.hoymercedes.com.ar\/principal\/wp-content\/uploads\/2025\/03\/WhatsApp-Image-2025-03-14-at-16.52.56-443x620.jpg 443w, https:\/\/www.hoymercedes.com.ar\/principal\/wp-content\/uploads\/2025\/03\/WhatsApp-Image-2025-03-14-at-16.52.56-107x150.jpg 107w\" sizes=\"auto, (max-width: 586px) 100vw, 586px\" \/><\/figure>\n<\/div>","protected":false},"excerpt":{"rendered":"<p>El pr\u00f3ximo viernes 21 de marzo, el Colegio de Arquitectos Distrito V abrir\u00e1 las puertas para dar inicio al ciclo &#8230; <a title=\"Susana Boettner inaugura muestra en Arquitectos\" class=\"read-more\" href=\"https:\/\/www.hoymercedes.com.ar\/principal\/2025\/03\/14\/susana-boettner-inaugura-muestra-en-arquitectos\/\" aria-label=\"Leer m\u00e1s sobre Susana Boettner inaugura muestra en Arquitectos\">Leer m\u00e1s<\/a><\/p>\n","protected":false},"author":1,"featured_media":183271,"comment_status":"closed","ping_status":"open","sticky":false,"template":"","format":"standard","meta":{"_monsterinsights_skip_tracking":false,"_monsterinsights_sitenote_active":false,"_monsterinsights_sitenote_note":"","_monsterinsights_sitenote_category":0,"jetpack_post_was_ever_published":false,"_jetpack_newsletter_access":"","_jetpack_dont_email_post_to_subs":false,"_jetpack_newsletter_tier_id":0,"_jetpack_memberships_contains_paywalled_content":false,"_jetpack_memberships_contains_paid_content":false,"footnotes":"","jetpack_publicize_message":"","jetpack_publicize_feature_enabled":true,"jetpack_social_post_already_shared":true,"jetpack_social_options":{"image_generator_settings":{"template":"highway","default_image_id":0,"font":"","enabled":false},"version":2},"_wpas_customize_per_network":false},"categories":[8],"tags":[],"class_list":["post-183269","post","type-post","status-publish","format-standard","has-post-thumbnail","hentry","category-sociedad","generate-columns","tablet-grid-50","mobile-grid-100","grid-parent","grid-50"],"jetpack_publicize_connections":[],"jetpack_featured_media_url":"https:\/\/www.hoymercedes.com.ar\/principal\/wp-content\/uploads\/2025\/03\/WhatsApp-Image-2025-03-14-at-16.52.58-1.jpg","wps_subtitle":"","jetpack_sharing_enabled":true,"_links":{"self":[{"href":"https:\/\/www.hoymercedes.com.ar\/principal\/wp-json\/wp\/v2\/posts\/183269","targetHints":{"allow":["GET"]}}],"collection":[{"href":"https:\/\/www.hoymercedes.com.ar\/principal\/wp-json\/wp\/v2\/posts"}],"about":[{"href":"https:\/\/www.hoymercedes.com.ar\/principal\/wp-json\/wp\/v2\/types\/post"}],"author":[{"embeddable":true,"href":"https:\/\/www.hoymercedes.com.ar\/principal\/wp-json\/wp\/v2\/users\/1"}],"replies":[{"embeddable":true,"href":"https:\/\/www.hoymercedes.com.ar\/principal\/wp-json\/wp\/v2\/comments?post=183269"}],"version-history":[{"count":1,"href":"https:\/\/www.hoymercedes.com.ar\/principal\/wp-json\/wp\/v2\/posts\/183269\/revisions"}],"predecessor-version":[{"id":183272,"href":"https:\/\/www.hoymercedes.com.ar\/principal\/wp-json\/wp\/v2\/posts\/183269\/revisions\/183272"}],"wp:featuredmedia":[{"embeddable":true,"href":"https:\/\/www.hoymercedes.com.ar\/principal\/wp-json\/wp\/v2\/media\/183271"}],"wp:attachment":[{"href":"https:\/\/www.hoymercedes.com.ar\/principal\/wp-json\/wp\/v2\/media?parent=183269"}],"wp:term":[{"taxonomy":"category","embeddable":true,"href":"https:\/\/www.hoymercedes.com.ar\/principal\/wp-json\/wp\/v2\/categories?post=183269"},{"taxonomy":"post_tag","embeddable":true,"href":"https:\/\/www.hoymercedes.com.ar\/principal\/wp-json\/wp\/v2\/tags?post=183269"}],"curies":[{"name":"wp","href":"https:\/\/api.w.org\/{rel}","templated":true}]}}