{"id":183273,"date":"2025-03-14T19:23:00","date_gmt":"2025-03-14T22:23:00","guid":{"rendered":"https:\/\/www.hoymercedes.com.ar\/principal\/?p=183273"},"modified":"2025-03-14T18:39:39","modified_gmt":"2025-03-14T21:39:39","slug":"los-cuervos-de-mercedes-agradecen-las-donaciones","status":"publish","type":"post","link":"https:\/\/www.hoymercedes.com.ar\/principal\/2025\/03\/14\/los-cuervos-de-mercedes-agradecen-las-donaciones\/","title":{"rendered":"Los Cuervos de Mercedes agradecen las donaciones"},"content":{"rendered":"\n<p>Desde la pe\u00f1a mercedina del Club San Lorenzo de Almagro, Los Cuervos de Mercedes, dieron a conocer la colecta de \u00fatiles escolares que donaron para el inicio de clases en las instituciones educativas de la localidad rural de Garc\u00eda. <\/p>\n\n\n<div class=\"wp-block-image\">\n<figure class=\"aligncenter size-full\"><img loading=\"lazy\" decoding=\"async\" width=\"840\" height=\"840\" data-attachment-id=\"183274\" data-permalink=\"https:\/\/www.hoymercedes.com.ar\/principal\/2025\/03\/14\/los-cuervos-de-mercedes-agradecen-las-donaciones\/campana-sanlorenzo\/#main\" data-orig-file=\"https:\/\/www.hoymercedes.com.ar\/principal\/wp-content\/uploads\/2025\/03\/campana-sanlorenzo.jpg\" data-orig-size=\"840,840\" data-comments-opened=\"0\" data-image-meta=\"{&quot;aperture&quot;:&quot;0&quot;,&quot;credit&quot;:&quot;&quot;,&quot;camera&quot;:&quot;&quot;,&quot;caption&quot;:&quot;&quot;,&quot;created_timestamp&quot;:&quot;0&quot;,&quot;copyright&quot;:&quot;&quot;,&quot;focal_length&quot;:&quot;0&quot;,&quot;iso&quot;:&quot;0&quot;,&quot;shutter_speed&quot;:&quot;0&quot;,&quot;title&quot;:&quot;&quot;,&quot;orientation&quot;:&quot;0&quot;}\" data-image-title=\"campa\u00f1a sanlorenzo\" data-image-description=\"\" data-image-caption=\"\" data-large-file=\"https:\/\/www.hoymercedes.com.ar\/principal\/wp-content\/uploads\/2025\/03\/campana-sanlorenzo.jpg\" src=\"https:\/\/www.hoymercedes.com.ar\/principal\/wp-content\/uploads\/2025\/03\/campana-sanlorenzo.jpg\" alt=\"\" class=\"wp-image-183274\" srcset=\"https:\/\/www.hoymercedes.com.ar\/principal\/wp-content\/uploads\/2025\/03\/campana-sanlorenzo.jpg 840w, https:\/\/www.hoymercedes.com.ar\/principal\/wp-content\/uploads\/2025\/03\/campana-sanlorenzo-620x620.jpg 620w, https:\/\/www.hoymercedes.com.ar\/principal\/wp-content\/uploads\/2025\/03\/campana-sanlorenzo-150x150.jpg 150w\" sizes=\"auto, (max-width: 840px) 100vw, 840px\" \/><\/figure>\n<\/div>\n\n\n<p>\u00abEn el marco de la Campa\u00f1a de \u00datiles Escolares que propone el #AreaAccionSocial del Departamento de Pe\u00f1as CASLA, la Pe\u00f1a llev\u00f3 a cabo la entrega de los \u00fatiles escolares recolectados luego de la colecta realizada al Jard\u00edn N\u00b0 913 y la Escuela N\u00b025, ubicados en M.J. Garc\u00eda. Adem\u00e1s, se realiz\u00f3 la entrega de 20 Kits Escolares al Centro Barrial \u00abVientos de Libertad\u00bb\u00bb, expresaron.<\/p>\n\n\n\n<p>\u00abAgradecemos a quienes colaboraron para hacerlo posible. Y los invitamos a sumarse a las pr\u00f3ximas campa\u00f1as\u00bb, resaltaron los curvos mercedinos. <\/p>\n\n\n<div class=\"wp-block-image\">\n<figure class=\"aligncenter size-full\"><img loading=\"lazy\" decoding=\"async\" width=\"840\" height=\"840\" data-attachment-id=\"183275\" data-permalink=\"https:\/\/www.hoymercedes.com.ar\/principal\/2025\/03\/14\/los-cuervos-de-mercedes-agradecen-las-donaciones\/campana-sanlorenza\/#main\" data-orig-file=\"https:\/\/www.hoymercedes.com.ar\/principal\/wp-content\/uploads\/2025\/03\/campana-sanlorenza.jpg\" data-orig-size=\"840,840\" data-comments-opened=\"0\" data-image-meta=\"{&quot;aperture&quot;:&quot;0&quot;,&quot;credit&quot;:&quot;&quot;,&quot;camera&quot;:&quot;&quot;,&quot;caption&quot;:&quot;&quot;,&quot;created_timestamp&quot;:&quot;0&quot;,&quot;copyright&quot;:&quot;&quot;,&quot;focal_length&quot;:&quot;0&quot;,&quot;iso&quot;:&quot;0&quot;,&quot;shutter_speed&quot;:&quot;0&quot;,&quot;title&quot;:&quot;&quot;,&quot;orientation&quot;:&quot;0&quot;}\" data-image-title=\"campa\u00f1a sanlorenza\" data-image-description=\"\" data-image-caption=\"\" data-large-file=\"https:\/\/www.hoymercedes.com.ar\/principal\/wp-content\/uploads\/2025\/03\/campana-sanlorenza.jpg\" src=\"https:\/\/www.hoymercedes.com.ar\/principal\/wp-content\/uploads\/2025\/03\/campana-sanlorenza.jpg\" alt=\"\" class=\"wp-image-183275\" srcset=\"https:\/\/www.hoymercedes.com.ar\/principal\/wp-content\/uploads\/2025\/03\/campana-sanlorenza.jpg 840w, https:\/\/www.hoymercedes.com.ar\/principal\/wp-content\/uploads\/2025\/03\/campana-sanlorenza-620x620.jpg 620w, https:\/\/www.hoymercedes.com.ar\/principal\/wp-content\/uploads\/2025\/03\/campana-sanlorenza-150x150.jpg 150w\" sizes=\"auto, (max-width: 840px) 100vw, 840px\" \/><\/figure>\n<\/div>","protected":false},"excerpt":{"rendered":"<p>Desde la pe\u00f1a mercedina del Club San Lorenzo de Almagro, Los Cuervos de Mercedes, dieron a conocer la colecta de &#8230; <a title=\"Los Cuervos de Mercedes agradecen las donaciones\" class=\"read-more\" href=\"https:\/\/www.hoymercedes.com.ar\/principal\/2025\/03\/14\/los-cuervos-de-mercedes-agradecen-las-donaciones\/\" aria-label=\"Leer m\u00e1s sobre Los Cuervos de Mercedes agradecen las donaciones\">Leer m\u00e1s<\/a><\/p>\n","protected":false},"author":1,"featured_media":183275,"comment_status":"closed","ping_status":"open","sticky":false,"template":"","format":"standard","meta":{"_monsterinsights_skip_tracking":false,"_monsterinsights_sitenote_active":false,"_monsterinsights_sitenote_note":"","_monsterinsights_sitenote_category":0,"jetpack_post_was_ever_published":false,"_jetpack_newsletter_access":"","_jetpack_dont_email_post_to_subs":false,"_jetpack_newsletter_tier_id":0,"_jetpack_memberships_contains_paywalled_content":false,"_jetpack_memberships_contains_paid_content":false,"footnotes":"","jetpack_publicize_message":"","jetpack_publicize_feature_enabled":true,"jetpack_social_post_already_shared":true,"jetpack_social_options":{"image_generator_settings":{"template":"highway","default_image_id":0,"font":"","enabled":false},"version":2},"_wpas_customize_per_network":false},"categories":[8],"tags":[],"class_list":["post-183273","post","type-post","status-publish","format-standard","has-post-thumbnail","hentry","category-sociedad","generate-columns","tablet-grid-50","mobile-grid-100","grid-parent","grid-50"],"jetpack_publicize_connections":[],"jetpack_featured_media_url":"https:\/\/www.hoymercedes.com.ar\/principal\/wp-content\/uploads\/2025\/03\/campana-sanlorenza.jpg","wps_subtitle":"","jetpack_sharing_enabled":true,"_links":{"self":[{"href":"https:\/\/www.hoymercedes.com.ar\/principal\/wp-json\/wp\/v2\/posts\/183273","targetHints":{"allow":["GET"]}}],"collection":[{"href":"https:\/\/www.hoymercedes.com.ar\/principal\/wp-json\/wp\/v2\/posts"}],"about":[{"href":"https:\/\/www.hoymercedes.com.ar\/principal\/wp-json\/wp\/v2\/types\/post"}],"author":[{"embeddable":true,"href":"https:\/\/www.hoymercedes.com.ar\/principal\/wp-json\/wp\/v2\/users\/1"}],"replies":[{"embeddable":true,"href":"https:\/\/www.hoymercedes.com.ar\/principal\/wp-json\/wp\/v2\/comments?post=183273"}],"version-history":[{"count":1,"href":"https:\/\/www.hoymercedes.com.ar\/principal\/wp-json\/wp\/v2\/posts\/183273\/revisions"}],"predecessor-version":[{"id":183276,"href":"https:\/\/www.hoymercedes.com.ar\/principal\/wp-json\/wp\/v2\/posts\/183273\/revisions\/183276"}],"wp:featuredmedia":[{"embeddable":true,"href":"https:\/\/www.hoymercedes.com.ar\/principal\/wp-json\/wp\/v2\/media\/183275"}],"wp:attachment":[{"href":"https:\/\/www.hoymercedes.com.ar\/principal\/wp-json\/wp\/v2\/media?parent=183273"}],"wp:term":[{"taxonomy":"category","embeddable":true,"href":"https:\/\/www.hoymercedes.com.ar\/principal\/wp-json\/wp\/v2\/categories?post=183273"},{"taxonomy":"post_tag","embeddable":true,"href":"https:\/\/www.hoymercedes.com.ar\/principal\/wp-json\/wp\/v2\/tags?post=183273"}],"curies":[{"name":"wp","href":"https:\/\/api.w.org\/{rel}","templated":true}]}}